{"id":25822,"date":"2025-03-12T07:49:54","date_gmt":"2025-03-12T10:49:54","guid":{"rendered":"https:\/\/minutobahia24h.com.br\/?p=25822"},"modified":"2025-03-12T07:49:56","modified_gmt":"2025-03-12T10:49:56","slug":"tarifas-de-25-sobre-aco-e-aluminio-entram-em-vigor-nos-eua-entenda-os-impactos-para-o-brasil","status":"publish","type":"post","link":"https:\/\/minutobahia24h.com.br\/?p=25822","title":{"rendered":"Tarifas de 25% sobre a\u00e7o e alum\u00ednio entram em vigor nos EUA; entenda os impactos para o Brasil"},"content":{"rendered":"\n<p>A cobran\u00e7a de&nbsp;<strong>tarifas de 25% sobre todas as importa\u00e7\u00f5es de a\u00e7o e alum\u00ednio nos Estados Unidos<\/strong>&nbsp;entrou em vigor nesta quarta-feira (12),&nbsp;<a class=\"\" href=\"https:\/\/g1.globo.com\/economia\/noticia\/2025\/02\/10\/trump-assina-decreto-que-impoe-tarifas-de-25percent-para-importacoes-de-aco-e-aluminio.ghtml\">um m\u00eas ap\u00f3s assinatura de decreto pelo presidente Donald Trump<\/a>.<\/p>\n\n\n\n<p>A medida ir\u00e1 atingir em cheio o setor sider\u00fargico de grandes parceiros comerciais dos EUA, como o Canad\u00e1 e o M\u00e9xico.&nbsp;<strong>O Brasil, que ocupa o posto de segundo maior fornecedor de a\u00e7o do pa\u00eds, tamb\u00e9m ser\u00e1 impactado.<\/strong><\/p>\n\n\n\n<p>Por aqui, especialistas ouvidos pelo&nbsp;<a class=\"\" href=\"https:\/\/g1.globo.com\/\"><strong>g1<\/strong><\/a><strong>&nbsp;<\/strong>afirmam<strong>&nbsp;<\/strong>que o principal efeito da medida ser\u00e1 a&nbsp;<strong>diminui\u00e7\u00e3o das exporta\u00e7\u00f5es para os norte-americanos<\/strong>. Al\u00e9m disso, o cen\u00e1rio traz desafios para o setor sider\u00fargico, que ter\u00e1 que redirecionar suas vendas ou, no longo prazo, diminuir a produ\u00e7\u00e3o.<\/p>\n\n\n\n<p>Entre as empresas que t\u00eam f\u00e1bricas instaladas no Brasil, os efeitos devem ser diversos. De um lado, est\u00e3o as companhias com maior atua\u00e7\u00e3o no mercado de exporta\u00e7\u00e3o \u2014 e que podem sair prejudicadas, com queda no volume exportado.<\/p>\n\n\n\n<p>Do outro, est\u00e3o aquelas cujo peso das exporta\u00e7\u00f5es \u00e9 menor, tendo o impacto suavizado. Nesses casos, os desafios ficam com a mudan\u00e7a do mercado interno, diante do poss\u00edvel aumento da oferta de produtos aqui no pa\u00eds \u2014 o que tende a baixar pre\u00e7os e reduzir as margens das companhias.&nbsp;<em>(Leia mais abaixo)<\/em><\/p>\n\n\n<div class=\"wp-block-image\">\n<figure class=\"aligncenter size-full\"><img data-recalc-dims=\"1\" fetchpriority=\"high\" decoding=\"async\" width=\"800\" height=\"515\" src=\"https:\/\/i0.wp.com\/minutobahia24h.com.br\/wp-content\/uploads\/2025\/03\/Sem-titulo-159.jpg?resize=800%2C515&#038;ssl=1\" alt=\"\" class=\"wp-image-25823\" srcset=\"https:\/\/i0.wp.com\/minutobahia24h.com.br\/wp-content\/uploads\/2025\/03\/Sem-titulo-159.jpg?w=984&amp;ssl=1 984w, https:\/\/i0.wp.com\/minutobahia24h.com.br\/wp-content\/uploads\/2025\/03\/Sem-titulo-159.jpg?resize=300%2C193&amp;ssl=1 300w, https:\/\/i0.wp.com\/minutobahia24h.com.br\/wp-content\/uploads\/2025\/03\/Sem-titulo-159.jpg?resize=768%2C495&amp;ssl=1 768w, https:\/\/i0.wp.com\/minutobahia24h.com.br\/wp-content\/uploads\/2025\/03\/Sem-titulo-159.jpg?resize=750%2C483&amp;ssl=1 750w\" sizes=\"(max-width: 800px) 100vw, 800px\" \/><figcaption class=\"wp-element-caption\">Trabalhador da ind\u00fastria \u2014 Foto: Reuters\/Alexandre Mota<br><br><\/figcaption><\/figure>\n<\/div>\n\n\n<h2 class=\"wp-block-heading\">Os impactos para Brasil<\/h2>\n\n\n\n<p>O Brasil \u00e9, em volume,&nbsp;o segundo maior fornecedor de a\u00e7o para os EUA, conforme dados do Departamento de Com\u00e9rcio norte-americano. Ao todo, foram 4,1 milh\u00f5es de toneladas em exporta\u00e7\u00f5es para o pa\u00eds em 2024.<\/p>\n\n\n\n<p>Os n\u00fameros ficam atr\u00e1s apenas do Canad\u00e1, respons\u00e1vel por 6 milh\u00f5es de toneladas ao mercado norte-americano. Em terceiro lugar, vem o M\u00e9xico, com o envio de 3,2 milh\u00f5es de toneladas.<\/p>\n\n\n\n<p>Ao todo, cerca de 25% do a\u00e7o utilizado nas ind\u00fastrias dos EUA \u00e9 importado. No caso do alum\u00ednio, cujo principal exportador para o pa\u00eds tamb\u00e9m \u00e9 o Canad\u00e1, essa parcela \u00e9 de 50%.<\/p>\n\n\n\n<p>Jos\u00e9 Luiz Pimenta, especialista em com\u00e9rcio internacional e diretor da BMJ Consultoria, explica que os EUA s\u00e3o grandes consumidores de a\u00e7o e alum\u00ednio no cen\u00e1rio global \u2014 insumos importantes para a produ\u00e7\u00e3o de autom\u00f3veis, eletrodom\u00e9sticos, eletr\u00f4nicos, constru\u00e7\u00e3o civil, entre outros setores.<\/p>\n\n\n\n<blockquote class=\"wp-block-quote is-layout-flow wp-block-quote-is-layout-flow\">\n<p>&#8220;Brasil e Canad\u00e1 ser\u00e3o os pa\u00edses mais afetados em termos de exporta\u00e7\u00e3o. O que tende a ocorrer \u00e9 um efeito de diminui\u00e7\u00e3o de importa\u00e7\u00f5es [pelos EUA] desses pa\u00edses, sobretudo de a\u00e7o, no curto e no m\u00e9dio prazo&#8221;, diz.<\/p>\n<\/blockquote>\n\n\n\n<p>Segundo Pimenta, o cen\u00e1rio ir\u00e1 exigir que o Brasil diversifique os destinos dos produtos, buscando mercados em outros pa\u00edses \u2014 tarefa dif\u00edcil, j\u00e1 que a concorr\u00eancia esbarra na China, uma grande exportadora. Outra alternativa seria tentar vender o excedente no pr\u00f3prio mercado nacional.<\/p>\n\n\n\n<blockquote class=\"wp-block-quote is-layout-flow wp-block-quote-is-layout-flow\">\n<p>&#8220;Ainda precisamos entender como a ind\u00fastria nacional vai se comportar e se conseguir\u00e1 realmente absorver todo esse a\u00e7o que outrora era exportado para os EUA&#8221;, acrescenta.<\/p>\n<\/blockquote>\n\n\n\n<p>Lia Valls, pesquisadora associada do FGV Ibre e professora da UERJ, acredita que, apesar da concorr\u00eancia, parte das exporta\u00e7\u00f5es podem at\u00e9 ser absorvidas pelo gigante asi\u00e1tico.<\/p>\n\n\n\n<blockquote class=\"wp-block-quote is-layout-flow wp-block-quote-is-layout-flow\">\n<p>&#8220;A China prefere comprar produtos semifaturados [placas de a\u00e7o e chapas de alum\u00ednio]. Ou seja, pode importar esses materiais para transformar em produto final&#8221;, exemplifica. &#8220;Mas, em um primeiro momento, n\u00e3o est\u00e1 muito \u00f3bvio para onde as exporta\u00e7\u00f5es brasileiras ser\u00e3o dirigidas.&#8221;<\/p>\n<\/blockquote>\n\n\n\n<p>O cen\u00e1rio incerto tamb\u00e9m decorre da possibilidade de Trump voltar atr\u00e1s e decidir renegociar a aplica\u00e7\u00e3o dessas tarifas. Valls cita como exemplo o&nbsp;<a class=\"\" href=\"https:\/\/g1.globo.com\/economia\/noticia\/2025\/03\/06\/tarifaco-de-trump-veja-as-taxas-em-vigor-e-quais-sao-os-paises-atingidos.ghtml\">vaiv\u00e9m das taxas sobre o M\u00e9xico e o Canad\u00e1<\/a>, que entraram em vigor na semana passada e foram suspensas por mais um m\u00eas.&nbsp;<em>(Leia mais abaixo)<\/em><\/p>\n\n\n\n<p>Al\u00e9m da press\u00e3o externa, h\u00e1 o interesse de parte da ind\u00fastria americana para que as taxas deixem de ser aplicadas. N\u00e3o \u00e0 toa, CEOs de grandes empresas est\u00e3o&nbsp;<a class=\"\" href=\"https:\/\/g1.globo.com\/economia\/noticia\/2025\/03\/11\/trump-reuniao-ceos.ghtml\">pressionando Trump pelo fim da guerra comercial<\/a>.<\/p>\n\n\n\n<p>O interesse dos empres\u00e1rios vem do&nbsp;<strong>potencial das medidas de aumentar os custos de produ\u00e7\u00e3o e os pre\u00e7os ao consumidor final<\/strong>&nbsp;\u2014 um desafio tamb\u00e9m para o Federal Reserve (<a class=\"\" href=\"https:\/\/g1.globo.com\/tudo-sobre\/fed\/\">Fed<\/a>, o banco central dos EUA), que atua para conter a infla\u00e7\u00e3o no pa\u00eds.<\/p>\n\n\n\n<p>O encarecimento dos produtos for\u00e7a o Fed a manter os juros norte-americanos elevados por mais tempo, o que gera um movimento de valoriza\u00e7\u00e3o do d\u00f3lar em rela\u00e7\u00e3o a moedas emergentes, como o real.&nbsp;<strong>Isso tamb\u00e9m pressiona a infla\u00e7\u00e3o no Brasil.<\/strong><\/p>\n\n\n\n<p>Trump utiliza as tarifas como forma de negociar pautas de interesse dos EUA \u2014 incluindo o aumento da seguran\u00e7a nas fronteiras \u2014 e de promover uma queda no d\u00e9ficit comercial com importantes parceiros. \u00c9 tamb\u00e9m uma tentativa de&nbsp;<strong>incentivar a ind\u00fastria nacional<\/strong>, por meio do aumento da produ\u00e7\u00e3o e do consumo de itens locais.<\/p>\n\n\n\n<p>Para o especialista em com\u00e9rcio exterior Jackson Campos, o cen\u00e1rio de queda nas exporta\u00e7\u00f5es para os EUA tamb\u00e9m pode, em um segundo momento,&nbsp;prejudicar o mercado de trabalho na siderurgia brasileira.<\/p>\n\n\n\n<blockquote class=\"wp-block-quote is-layout-flow wp-block-quote-is-layout-flow\">\n<p>&#8220;Com menos demanda, as f\u00e1bricas podem ter que diminuir sua produ\u00e7\u00e3o, o que pode levar a cortes de empregos. Muitas pessoas que trabalham diretamente na produ\u00e7\u00e3o de a\u00e7o e alum\u00ednio, al\u00e9m de setores como transporte e minera\u00e7\u00e3o, podem ser afetadas&#8221;, diz.<\/p>\n<\/blockquote>\n\n\n\n<p>Campos destaca que, outros setores, como o da constru\u00e7\u00e3o civil e da ind\u00fastria automobil\u00edstica, tamb\u00e9m podem ser afetados no Brasil. &#8220;Se os pre\u00e7os subirem ou houver falta desses materiais, as obras e a produ\u00e7\u00e3o de carros podem ficar mais caras ou mais lentas&#8221;, diz.<\/p>\n\n\n\n<p>&#8220;Sem uma solu\u00e7\u00e3o negociada, o Brasil pode enfrentar dificuldades para manter sua competitividade no mercado global.&#8221;<\/p>\n\n\n\n<p>Jos\u00e9 Luiz Pimenta, da BMJ Consultoria, lembra que, apesar de o cen\u00e1rio n\u00e3o ter impacto significativo na balan\u00e7a comercial brasileira, trata-se de uma parcela importante na rela\u00e7\u00e3o direta com os EUA:&nbsp;o a\u00e7o representa, ao todo, quase 10% do total exportado pelo Brasil ao pa\u00eds em 2024.<\/p>\n\n\n\n<h2 class=\"wp-block-heading\">Como a medida atinge as empresas<\/h2>\n\n\n\n<p>Os impactos das tarifas de Trump nas empresas do pa\u00eds foram avaliados em relat\u00f3rio do Ita\u00fa BBA. Segundo o banco, empresas exportadoras n\u00e3o listadas na bolsa de valores brasileira \u2014<strong>&nbsp;que representam mais de 80% das vendas de a\u00e7o para fora do pa\u00eds&nbsp;<\/strong>\u2014 ser\u00e3o as que mais devem sentir os efeitos negativos dessas medidas.<\/p>\n\n\n\n<p>\u00c9 o caso de multinacionais com opera\u00e7\u00e3o no Brasil, como a ArcelorMittal e a Ternium, indica o Ita\u00fa. As companhias produzem placas de a\u00e7o, que s\u00e3o compradas em grande escala pelos EUA e processadas para uso no mercado dom\u00e9stico. Diante das taxas, os fluxos podem diminuir, afetando essas (e outras) empresas.<\/p>\n\n\n\n<p>Por outro lado, o relat\u00f3rio aponta que sider\u00fargicas brasileiras como a Gerdau, Usiminas e CSN n\u00e3o seriam t\u00e3o prejudicadas. O motivo \u00e9 que&nbsp;<a class=\"\" href=\"https:\/\/g1.globo.com\/economia\/noticia\/2025\/02\/12\/as-empresas-no-brasil-que-podem-ser-prejudicadas-ou-beneficiadas-pelas-tarifas-de-trump-segundo-relatorio.ghtml\">as exporta\u00e7\u00f5es s\u00e3o menos significativas para a opera\u00e7\u00e3o dessas companhias<\/a>, conforme explicou \u00e0 BBC Daniel Sasson, analista do Ita\u00fa BBA para o setor de minera\u00e7\u00e3o e siderurgia.<\/p>\n\n\n\n<p>Em nota publicada ap\u00f3s o an\u00fancio das tarifas por Trump, o Instituto A\u00e7o Brasil, que representa as sider\u00fargicas brasileiras, informou ter recebido &#8220;com surpresa&#8221; a decis\u00e3o do governo dos EUA.<\/p>\n\n\n\n<p>O instituto disse estar confiante &#8220;na abertura de di\u00e1logo entre os governos dos dois pa\u00edses, de forma a restabelecer o fluxo de produtos de a\u00e7o para os EUA nas bases acordadas em 2018&#8221;, ano em que foi estabelecida uma cota de exporta\u00e7\u00e3o.<\/p>\n\n\n\n<h2 class=\"wp-block-heading\">As tarifas de Trump<\/h2>\n\n\n\n<p><a class=\"\" href=\"https:\/\/g1.globo.com\/tudo-sobre\/donald-trump\/\">Donald Trump<\/a>&nbsp;assinou em 10 de fevereiro o&nbsp;<a class=\"\" href=\"https:\/\/g1.globo.com\/economia\/noticia\/2025\/02\/10\/trump-deve-anunciar-nesta-segunda-tarifa-de-25percent-sobre-aco-e-aluminio-brasil-e-um-dos-maiores-fornecedores.ghtml\">decreto que imp\u00f5e tarifas de 25% sobre todas as importa\u00e7\u00f5es de a\u00e7o e alum\u00ednio&nbsp;<\/a>do pa\u00eds. O in\u00edcio das cobran\u00e7as ficou previsto para este dia 12 de mar\u00e7o.<\/p>\n\n\n\n<p>O objetivo de Trump ao taxar produtos de outros pa\u00edses \u00e9 priorizar e incentivar a ind\u00fastria local. Ele espera que, com custos de importa\u00e7\u00e3o mais altos, haja um aumento na procura e na produ\u00e7\u00e3o de insumos nacionais.<\/p>\n\n\n\n<blockquote class=\"wp-block-quote is-layout-flow wp-block-quote-is-layout-flow\">\n<p>&#8220;A nossa na\u00e7\u00e3o precisa que a\u00e7o e alum\u00ednio sejam produzidos nos EUA, n\u00e3o em terras estrangeiras&#8221;, afirmou o republicano, ao assinar a ordem executiva que determinou a cobran\u00e7a das tarifas.<\/p>\n<\/blockquote>\n\n\n\n<p>Desde que assumiu seu segundo mandato, o republicano tem anunciado diversas taxas de importa\u00e7\u00e3o. Trump prometeu, ainda durante a campanha eleitoral, tarifar uma s\u00e9rie de produtos de outros pa\u00edses, em especial do Canad\u00e1 e do M\u00e9xico, seus principais parceiros comerciais.<\/p>\n\n\n\n<p>S\u00e3o pa\u00edses com os quais os EUA t\u00eam d\u00e9ficit na balan\u00e7a comercial \u2014 ou seja, gastam mais com importa\u00e7\u00f5es do que recebem com exporta\u00e7\u00f5es.<\/p>\n\n\n\n<p>Em janeiro, ap\u00f3s assumir o cargo, o republicano imp\u00f4s uma tarifa de 25%, mas adiou sua aplica\u00e7\u00e3o para mar\u00e7o, enquanto negociava com os dois pa\u00edses.<\/p>\n\n\n\n<p>Na \u00faltima semana, por\u00e9m, quando a cobran\u00e7a come\u00e7ou, o republicano anunciou uma nova suspens\u00e3o. Primeiro,<a class=\"\" href=\"https:\/\/g1.globo.com\/economia\/noticia\/2025\/03\/05\/eua-tarifas-automoveis.ghtml\">&nbsp;isentou carros importados<\/a>. Depois, retirou as cobran\u00e7as de&nbsp;<a class=\"\" href=\"https:\/\/g1.globo.com\/economia\/noticia\/2025\/03\/06\/tarifaco-de-trump-veja-as-taxas-em-vigor-e-quais-sao-os-paises-atingidos.ghtml\">taxas sobre outros produtos inclu\u00eddos no acordo comercial da Am\u00e9rica do Norte<\/a>.<\/p>\n\n\n\n<p>Em meio \u00e0 suspens\u00e3o de taxas de M\u00e9xico e Canad\u00e1, Trump manteve as tarifas de 20% sobre produtos chineses. J\u00e1 as cobran\u00e7as sobre importa\u00e7\u00f5es de a\u00e7o e alum\u00ednio \u2014 as primeiras que afetam diretamente o Brasil \u2014, entraram em vigor nesta quarta.<\/p>\n\n\n\n<p><strong>Veja a retrospectiva das tarifas no primeiro mandato do republicano:<\/strong><\/p>\n\n\n\n<ul class=\"wp-block-list\">\n<li>Em\u00a0<strong>mar\u00e7o de 2018<\/strong>,\u00a0<a class=\"\" href=\"https:\/\/g1.globo.com\/economia\/noticia\/eua-impoem-sobretaxa-de-25-ao-aco-importado-e-10-ao-aluminio.ghtml\">os EUA impuseram uma taxa de 25% sobre todas as importa\u00e7\u00f5es de a\u00e7o e de 10% sobre as de alum\u00ednio<\/a>;<\/li>\n\n\n\n<li>O governo americano decidiu excluir Canad\u00e1 e M\u00e9xico, dois dos maiores fornecedores dos EUA, dessas tarifas e permitiu que outros pa\u00edses solicitassem\u00a0<strong>inclus\u00e3o em uma lista de exce\u00e7\u00e3o<\/strong>;<\/li>\n\n\n\n<li>O Brasil fez o pedido e foi aprovado. Os EUA criaram\u00a0<strong>um esquema de cotas<\/strong>\u00a0para as exporta\u00e7\u00f5es brasileiras;<\/li>\n\n\n\n<li>O esquema de cotas permitia que produtos de a\u00e7o ou alum\u00ednio semiacabados (usados como insumos para outras produ\u00e7\u00f5es) fossem exportados at\u00e9 atingir um volume equivalente\u00a0<strong>\u00e0 m\u00e9dia das exporta\u00e7\u00f5es de 2015 a 2017<\/strong>;<\/li>\n\n\n\n<li>Para os produtos acabados, o limite de exporta\u00e7\u00e3o era\u00a0<strong>30% menor que a m\u00e9dia das exporta\u00e7\u00f5es do mesmo per\u00edodo<\/strong>;<\/li>\n\n\n\n<li>Em\u00a0<strong>agosto de 2018<\/strong>,\u00a0<a class=\"\" href=\"https:\/\/g1.globo.com\/economia\/noticia\/2018\/08\/30\/trump-flexibiliza-tarifa-de-cota-de-aco-e-beneficia-brasil-argentina-e-coreia-do-sul.ghtml\">as regras para a compra de a\u00e7o foram flexibilizadas<\/a>, permitindo que empresas americanas comprassem mat\u00e9ria-prima brasileira se comprovassem falta de oferta do produto nos EUA;<\/li>\n\n\n\n<li>Em<strong>\u00a0dezembro de 2019<\/strong>,\u00a0<a class=\"\" href=\"https:\/\/g1.globo.com\/economia\/noticia\/2019\/12\/02\/trump-acusa-brasil-e-argentina-de-desvalorizarem-moedas-e-diz-que-vai-devolver-tarifas-sobre-aco-e-aluminio.ghtml\">Trump acusou o Brasil de desvalorizar o real<\/a>\u00a0para estimular a compra de produtos brasileiros e prometeu reinstaurar as taxas de 25% e 10% sobre a\u00e7o e alum\u00ednio, respectivamente;<\/li>\n\n\n\n<li>Dias depois, o ent\u00e3o presidente Jair Bolsonaro afirmou que conversou com Trump e que\u00a0<a class=\"\" href=\"https:\/\/g1.globo.com\/politica\/noticia\/2019\/12\/20\/bolsonaro-diz-que-apos-conversa-com-trump-eua-desistiram-de-sobretaxar-aco-brasileiro.ghtml\">os EUA desistiram de sobretaxar o a\u00e7o e alum\u00ednio brasileiros<\/a>;<\/li>\n\n\n\n<li>Em\u00a0<strong>agosto de 2020<\/strong>, Trump restringiu ainda mais as cotas de exporta\u00e7\u00e3o dos produtos brasileiros para os EUA, reduzindo-as em cerca de 80%;<\/li>\n\n\n\n<li>Nos \u00faltimos meses do governo Trump,\u00a0<strong>em outubro de 2020<\/strong>, o presidente decidiu\u00a0<a class=\"\" href=\"https:\/\/g1.globo.com\/sp\/vale-do-paraiba-regiao\/noticia\/2020\/10\/14\/aumento-dos-eua-na-taxa-para-chapas-de-aluminio-do-brasil-surpreende-siderurgicas.ghtml\">elevar as tarifas sobre as chapas de alum\u00ednio importadas do Brasil de 15% para 145%<\/a>, alegando que as empresas brasileiras estavam vendendo produtos\u00a0<strong>abaixo do custo<\/strong>\u00a0para eliminar a concorr\u00eancia americana;<\/li>\n\n\n\n<li>Em\u00a0<strong>julho de 2022<\/strong>, j\u00e1 sob o governo de Joe Biden, o Minist\u00e9rio da Economia e o Minist\u00e9rio das Rela\u00e7\u00f5es Exteriores do Brasil anunciaram que os EUA\u00a0<strong>revogaram as medidas restritivas\u00a0<\/strong>remanescentes da era Trump contra as exporta\u00e7\u00f5es brasileiras.<\/li>\n<\/ul>\n","protected":false},"excerpt":{"rendered":"<p>A cobran\u00e7a de&nbsp;tarifas de 25% sobre todas as importa\u00e7\u00f5es de a\u00e7o e alum\u00ednio nos Estados Unidos&nbsp;entrou em vigor nesta quarta-feira (12),&nbsp;um m\u00eas ap\u00f3s assinatura de decreto pelo presidente Donald Trump. A medida ir\u00e1 atingir em cheio o setor sider\u00fargico de grandes parceiros comerciais dos EUA, como o Canad\u00e1 e o M\u00e9xico.&nbsp;O Brasil, que ocupa o [&hellip;]<\/p>\n","protected":false},"author":2,"featured_media":25823,"comment_status":"open","ping_status":"open","sticky":false,"template":"","format":"standard","meta":{"_jetpack_memberships_contains_paid_content":false,"footnotes":""},"categories":[19],"tags":[],"class_list":["post-25822","post","type-post","status-publish","format-standard","has-post-thumbnail","hentry","category-economia"],"aioseo_notices":[],"jetpack_featured_media_url":"https:\/\/i0.wp.com\/minutobahia24h.com.br\/wp-content\/uploads\/2025\/03\/Sem-titulo-159.jpg?fit=984%2C634&ssl=1","jetpack_sharing_enabled":true,"_links":{"self":[{"href":"https:\/\/minutobahia24h.com.br\/index.php?rest_route=\/wp\/v2\/posts\/25822","targetHints":{"allow":["GET"]}}],"collection":[{"href":"https:\/\/minutobahia24h.com.br\/index.php?rest_route=\/wp\/v2\/posts"}],"about":[{"href":"https:\/\/minutobahia24h.com.br\/index.php?rest_route=\/wp\/v2\/types\/post"}],"author":[{"embeddable":true,"href":"https:\/\/minutobahia24h.com.br\/index.php?rest_route=\/wp\/v2\/users\/2"}],"replies":[{"embeddable":true,"href":"https:\/\/minutobahia24h.com.br\/index.php?rest_route=%2Fwp%2Fv2%2Fcomments&post=25822"}],"version-history":[{"count":1,"href":"https:\/\/minutobahia24h.com.br\/index.php?rest_route=\/wp\/v2\/posts\/25822\/revisions"}],"predecessor-version":[{"id":25824,"href":"https:\/\/minutobahia24h.com.br\/index.php?rest_route=\/wp\/v2\/posts\/25822\/revisions\/25824"}],"wp:featuredmedia":[{"embeddable":true,"href":"https:\/\/minutobahia24h.com.br\/index.php?rest_route=\/wp\/v2\/media\/25823"}],"wp:attachment":[{"href":"https:\/\/minutobahia24h.com.br\/index.php?rest_route=%2Fwp%2Fv2%2Fmedia&parent=25822"}],"wp:term":[{"taxonomy":"category","embeddable":true,"href":"https:\/\/minutobahia24h.com.br\/index.php?rest_route=%2Fwp%2Fv2%2Fcategories&post=25822"},{"taxonomy":"post_tag","embeddable":true,"href":"https:\/\/minutobahia24h.com.br\/index.php?rest_route=%2Fwp%2Fv2%2Ftags&post=25822"}],"curies":[{"name":"wp","href":"https:\/\/api.w.org\/{rel}","templated":true}]}}