{"id":25813,"date":"2025-03-12T07:43:30","date_gmt":"2025-03-12T10:43:30","guid":{"rendered":"https:\/\/minutobahia24h.com.br\/?p=25813"},"modified":"2025-03-12T07:43:40","modified_gmt":"2025-03-12T10:43:40","slug":"cai-premie-de-portugal-o-escandalo-com-cassinos-que-derrubou-luis-montenegro","status":"publish","type":"post","link":"https:\/\/minutobahia24h.com.br\/?p=25813","title":{"rendered":"Cai premi\u00ea de Portugal: o esc\u00e2ndalo com cassinos que derrubou Lu\u00eds Montenegro"},"content":{"rendered":"\n<p>O primeiro-ministro de&nbsp;<a class=\"\" href=\"https:\/\/g1.globo.com\/tudo-sobre\/portugal\/\">Portugal<\/a>,&nbsp;<strong>Lu\u00eds Montenegro<\/strong>,&nbsp;<a class=\"\" href=\"https:\/\/g1.globo.com\/mundo\/noticia\/2025\/03\/11\/montenegro-perde-voto-de-confianca-no-parlamento-portugues.ghtml\">perdeu o cargo ap\u00f3s a vota\u00e7\u00e3o de uma mo\u00e7\u00e3o de desconfian\u00e7a<\/a>&nbsp;no Parlamento na ter\u00e7a-feira (11). Agora, novas elei\u00e7\u00f5es devem ser convocadas no pa\u00eds.<\/p>\n\n\n\n<p>Esta seria a terceira elei\u00e7\u00e3o em geral em apenas tr\u00eas anos.<\/p>\n\n\n\n<p>Foram 142 votos contr\u00e1rios e 88 favor\u00e1veis a Montenegro, sem absten\u00e7\u00f5es.<\/p>\n\n\n\n<p>A crise que derrubou Montenegro foi desencadeada por um esc\u00e2ndalo envolvendo uma empresa de consultoria de propriedade de sua fam\u00edlia, o que provocou acusa\u00e7\u00f5es de conflito de interesse.<\/p>\n\n\n\n<p>O presidente Marcelo Rebelo de Sousa \u00e9 quem deve decidir pela dissolu\u00e7\u00e3o da Assembleia da Rep\u00fablica e convoca\u00e7\u00e3o de novas elei\u00e7\u00f5es.<\/p>\n\n\n\n<p>Embora Rebelo de Sousa n\u00e3o seja obrigado a dissolver a Assembleia, ele deixou claro que o faria se o governo perdesse a vota\u00e7\u00e3o nesta ter\u00e7a-feira.<\/p>\n\n\n\n<p>Antes mesmo da vota\u00e7\u00e3o no Parlamento, Rebelo de Sousa admitiu que se o governo ca\u00edsse, &#8220;a primeira data poss\u00edvel&#8221; para o pa\u00eds ir \u00e0s urnas seria entre 11 e 18 de maio.<\/p>\n\n\n\n<p>Lu\u00eds Montenegro \u00e9 o l\u00edder do Partido Social Democrata (PSD) e da Alian\u00e7a Democrata (AD), que o alavancou ao poder.<\/p>\n\n\n\n<p>O primeiro-ministro comandava um governo fr\u00e1gil, de minoria, desde abril de 2024 \u2014 os partidos de oposi\u00e7\u00e3o, PS e Chega, controlavam 128 dos 230 assentos do Parlamento, contra 80 do PSD.<\/p>\n\n\n<div class=\"wp-block-image\">\n<figure class=\"aligncenter size-full\"><img data-recalc-dims=\"1\" fetchpriority=\"high\" decoding=\"async\" width=\"800\" height=\"533\" src=\"https:\/\/i0.wp.com\/minutobahia24h.com.br\/wp-content\/uploads\/2025\/03\/Sem-titulo-156.jpg?resize=800%2C533&#038;ssl=1\" alt=\"\" class=\"wp-image-25814\" srcset=\"https:\/\/i0.wp.com\/minutobahia24h.com.br\/wp-content\/uploads\/2025\/03\/Sem-titulo-156.jpg?w=984&amp;ssl=1 984w, https:\/\/i0.wp.com\/minutobahia24h.com.br\/wp-content\/uploads\/2025\/03\/Sem-titulo-156.jpg?resize=300%2C200&amp;ssl=1 300w, https:\/\/i0.wp.com\/minutobahia24h.com.br\/wp-content\/uploads\/2025\/03\/Sem-titulo-156.jpg?resize=768%2C512&amp;ssl=1 768w, https:\/\/i0.wp.com\/minutobahia24h.com.br\/wp-content\/uploads\/2025\/03\/Sem-titulo-156.jpg?resize=750%2C500&amp;ssl=1 750w\" sizes=\"(max-width: 800px) 100vw, 800px\" \/><figcaption class=\"wp-element-caption\">Primeiro-ministro de Portugal, Lu\u00eds Montenegro, discursa no Parlamento em Lisboa em 21 de fevereiro de 2025. \u2014 Foto: REUTERS\/Pedro Nunes<br><br><\/figcaption><\/figure>\n<\/div>\n\n\n<p>O caso foi desencadeado por revela\u00e7\u00f5es feitas pelo jornal portugu\u00eas Correio da Manh\u00e3.<\/p>\n\n\n\n<p>As reportagens afirmam que a mulher e os filhos de Lu\u00eds Montenegro s\u00e3o s\u00f3cios de uma empresa de consultoria de prote\u00e7\u00e3o de dados e compra e venda de im\u00f3veis chamada Spinumviva.<\/p>\n\n\n\n<p>Entre os clientes da companhia estaria um grupo de cassinos, cujos contratos de concess\u00e3o devem ser renovados pelo governo at\u00e9 o final deste ano.<\/p>\n\n\n\n<p>A empresa tamb\u00e9m foi acusada de se beneficiar de uma lei aprovada em 2024 que mudou as regras sobre constru\u00e7\u00e3o de casas em \u00e1reas rurais.<\/p>\n\n\n\n<p>O primeiro-ministro foi o fundador e detinha a maior parte da companhia at\u00e9 2022, quando deixou a Spinumviva e transferiu suas cotas para os familiares um m\u00eas depois de ter sido eleito presidente do PSD.<\/p>\n\n\n\n<p>Cr\u00edticos, por\u00e9m, afirmam que ainda haveria conflito de interesse, j\u00e1 que Montenegro \u00e9 casado em comunh\u00e3o parcial de bens e ainda poderia se beneficiar dos lucros da empresa.<\/p>\n\n\n\n<p>O l\u00edder da oposi\u00e7\u00e3o socialista, Pedro Nuno Santos, acusou Montenegro de &#8220;receber pagamentos de empresas&#8221; enquanto era primeiro-ministro porque os clientes da Spinumviva mantiveram pagamentos \u00e0 consultoria.<\/p>\n\n\n\n<p>No final de fevereiro, o jornal Expresso noticiou que a Spinumviva recebe do grupo Solverde, uma empresa de cassinos e hot\u00e9is, pagamentos mensais de 4.500 euros desde julho de 2021.<\/p>\n\n\n\n<p>Segundo a reportagem, a empresa da fam\u00edlia de Montenegro prestava servi\u00e7os de com\u00adpliance e prote\u00e7\u00e3o de dados pessoais ao grupo hoteleiro.<\/p>\n\n\n\n<p>O jornal Correio da Manh\u00e3 tamb\u00e9m j\u00e1 havia revelado que Montenegro foi advogado da Solverde no passado.<\/p>\n\n\n\n<p>A companhia confirmou que o primeiro-ministro teria trabalhado como seu representante jur\u00eddico entre abril 2018 e maio de 2022, antes de entrar para a pol\u00edtica.<\/p>\n\n\n\n<p>Durante esse per\u00edodo, a Solverde teria negociado com o governo portugu\u00eas uma prorroga\u00e7\u00e3o de seus contratos de concess\u00e3o para a explora\u00e7\u00e3o de jogos de cassino nas regi\u00f5es do Algarve e Espinho.<\/p>\n\n\n\n<p>O contrato de concess\u00e3o chegar\u00e1 ao fim neste ano, ou seja, o governo de Montenegro seria o respons\u00e1vel por decidir o futuro da empresa se n\u00e3o tivesse sido destitu\u00eddo nesta ter\u00e7a-feira.<\/p>\n\n\n\n<h2 class=\"wp-block-heading\">Crise pol\u00edtica<\/h2>\n\n\n\n<figure class=\"wp-block-image\"><img data-recalc-dims=\"1\" decoding=\"async\" src=\"https:\/\/i0.wp.com\/s2-g1.glbimg.com\/z8aOzLjevkrSnCZeRyTDdF-YrXg%3D\/0x0%3A5000x3333\/984x0\/smart\/filters%3Astrip_icc%28%29\/i.s3.glbimg.com\/v1\/AUTH_59edd422c0c84a879bd37670ae4f538a\/internal_photos\/bs\/2024\/3\/q\/o4ZnGnTSGtq46Awp3aJA\/2024-03-27t141426z-755824483-rc2du6af3533-rtrmadp-3-portugal-politics-parliament.jpg?w=800&#038;ssl=1\" alt=\"Imagem da Assembleia da Rep\u00fablica de Portugal \u2014 Foto: Pedro Nunes\/Reuters\"\/><\/figure>\n\n\n\n<p>Imagem da Assembleia da Rep\u00fablica de Portugal \u2014 Foto: Pedro Nunes\/Reuters<\/p>\n\n\n\n<p>Antes da mo\u00e7\u00e3o de desconfian\u00e7a, o l\u00edder do partido de oposi\u00e7\u00e3o Chega, Andr\u00e9 Ventura, havia entrado com um pedido de mo\u00e7\u00e3o de censura, uma outra iniciativa parlamentar que pode levar \u00e0 queda do governo.<\/p>\n\n\n\n<p>A solicita\u00e7\u00e3o de abertura n\u00e3o foi aceita, j\u00e1 que em um primeiro momento o PS votou contra, para n\u00e3o provocar elei\u00e7\u00f5es.<\/p>\n\n\n\n<p>Durante os debates sobre o pedido, Lu\u00eds Montenegro deu explica\u00e7\u00f5es sobre o caso ao Parlamento e negou conflito de interesses, dizendo que criou a empresa com o objetivo de pass\u00e1-la para os filhos.<\/p>\n\n\n\n<p>Naquele momento, a rela\u00e7\u00e3o da Spinumviva com o grupo de cassinos Solverde ainda n\u00e3o havia sido revelada pela imprensa portuguesa, e o primeiro-ministro se recusou a divulgar a lista de clientes da companhia da fam\u00edlia por quest\u00f5es de &#8220;sigilo&#8221;.<\/p>\n\n\n\n<p>Mas, depois das informa\u00e7\u00f5es serem publicadas, Montenegro e seu partido anunciaram a abertura do debate da mo\u00e7\u00e3o de censura contra seu pr\u00f3prio governo.<\/p>\n\n\n\n<blockquote class=\"wp-block-quote is-layout-flow wp-block-quote-is-layout-flow\">\n<p>&#8220;O pa\u00eds precisa de esclarecimento pol\u00edtico, e este \u00e9 o momento&#8221;, afirmou o primeiro-ministro ap\u00f3s o an\u00fancio, acrescentando que a &#8220;antecipa\u00e7\u00e3o das elei\u00e7\u00f5es \u00e9 um mal necess\u00e1rio&#8221;.<\/p>\n<\/blockquote>\n\n\n\n<p>Durante o desenrolar do caso nas \u00faltimas semanas, a Ordem dos Advogados abriu uma investiga\u00e7\u00e3o, e a Procuradoria-Geral da Rep\u00fablica revelou estar analisando uma den\u00fancia an\u00f4nima sobre os acontecimentos.<\/p>\n\n\n\n<p>Not\u00edcias sobre a compra de im\u00f3veis por Lu\u00eds Montenegro e pelos seus filhos tamb\u00e9m levaram o primeiro-ministro a pedir uma auditoria sobre suas declara\u00e7\u00f5es de rendimentos.<\/p>\n\n\n\n<p>Segundo observadores, o caso refor\u00e7ou a percep\u00e7\u00e3o da popula\u00e7\u00e3o de que a corrup\u00e7\u00e3o \u00e9 generalizada na pol\u00edtica portuguesa.<\/p>\n\n\n\n<p>As \u00faltimas elei\u00e7\u00f5es gerais de Portugal, realizadas h\u00e1 um ano, foram desencadeadas pela ren\u00fancia em novembro de 2023 do primeiro-ministro socialista, Ant\u00f3nio Costa, ap\u00f3s uma investiga\u00e7\u00e3o sobre supostas ilegalidades na gest\u00e3o de grandes projetos de investimento verde por sua gest\u00e3o.<\/p>\n\n\n\n<p>Costa \u2014 que estava no cargo desde 2015 e que conquistou uma surpreendente maioria absoluta nas elei\u00e7\u00f5es gerais de 2022 \u2014 n\u00e3o foi acusado de nenhum crime.<\/p>\n\n\n\n<p>Ele disse que, embora sua consci\u00eancia estivesse limpa, sentiu que n\u00e3o tinha escolha a n\u00e3o ser renunciar porque os &#8220;deveres de primeiro-ministro n\u00e3o s\u00e3o compat\u00edveis com qualquer suspeita de minha integridade&#8221;.<\/p>\n","protected":false},"excerpt":{"rendered":"<p>O primeiro-ministro de&nbsp;Portugal,&nbsp;Lu\u00eds Montenegro,&nbsp;perdeu o cargo ap\u00f3s a vota\u00e7\u00e3o de uma mo\u00e7\u00e3o de desconfian\u00e7a&nbsp;no Parlamento na ter\u00e7a-feira (11). Agora, novas elei\u00e7\u00f5es devem ser convocadas no pa\u00eds. Esta seria a terceira elei\u00e7\u00e3o em geral em apenas tr\u00eas anos. Foram 142 votos contr\u00e1rios e 88 favor\u00e1veis a Montenegro, sem absten\u00e7\u00f5es. A crise que derrubou Montenegro foi desencadeada [&hellip;]<\/p>\n","protected":false},"author":2,"featured_media":25814,"comment_status":"open","ping_status":"open","sticky":false,"template":"","format":"standard","meta":{"_jetpack_memberships_contains_paid_content":false,"footnotes":""},"categories":[15],"tags":[],"class_list":["post-25813","post","type-post","status-publish","format-standard","has-post-thumbnail","hentry","category-mundo"],"aioseo_notices":[],"jetpack_featured_media_url":"https:\/\/i0.wp.com\/minutobahia24h.com.br\/wp-content\/uploads\/2025\/03\/Sem-titulo-156.jpg?fit=984%2C656&ssl=1","jetpack_sharing_enabled":true,"_links":{"self":[{"href":"https:\/\/minutobahia24h.com.br\/index.php?rest_route=\/wp\/v2\/posts\/25813","targetHints":{"allow":["GET"]}}],"collection":[{"href":"https:\/\/minutobahia24h.com.br\/index.php?rest_route=\/wp\/v2\/posts"}],"about":[{"href":"https:\/\/minutobahia24h.com.br\/index.php?rest_route=\/wp\/v2\/types\/post"}],"author":[{"embeddable":true,"href":"https:\/\/minutobahia24h.com.br\/index.php?rest_route=\/wp\/v2\/users\/2"}],"replies":[{"embeddable":true,"href":"https:\/\/minutobahia24h.com.br\/index.php?rest_route=%2Fwp%2Fv2%2Fcomments&post=25813"}],"version-history":[{"count":1,"href":"https:\/\/minutobahia24h.com.br\/index.php?rest_route=\/wp\/v2\/posts\/25813\/revisions"}],"predecessor-version":[{"id":25815,"href":"https:\/\/minutobahia24h.com.br\/index.php?rest_route=\/wp\/v2\/posts\/25813\/revisions\/25815"}],"wp:featuredmedia":[{"embeddable":true,"href":"https:\/\/minutobahia24h.com.br\/index.php?rest_route=\/wp\/v2\/media\/25814"}],"wp:attachment":[{"href":"https:\/\/minutobahia24h.com.br\/index.php?rest_route=%2Fwp%2Fv2%2Fmedia&parent=25813"}],"wp:term":[{"taxonomy":"category","embeddable":true,"href":"https:\/\/minutobahia24h.com.br\/index.php?rest_route=%2Fwp%2Fv2%2Fcategories&post=25813"},{"taxonomy":"post_tag","embeddable":true,"href":"https:\/\/minutobahia24h.com.br\/index.php?rest_route=%2Fwp%2Fv2%2Ftags&post=25813"}],"curies":[{"name":"wp","href":"https:\/\/api.w.org\/{rel}","templated":true}]}}