{"id":25810,"date":"2025-03-12T07:37:29","date_gmt":"2025-03-12T10:37:29","guid":{"rendered":"https:\/\/minutobahia24h.com.br\/?p=25810"},"modified":"2025-03-12T07:37:30","modified_gmt":"2025-03-12T10:37:30","slug":"mesmo-inelegivel-bolsonaro-confirma-candidatura-a-presidencia-em-2026","status":"publish","type":"post","link":"https:\/\/minutobahia24h.com.br\/?p=25810","title":{"rendered":"Mesmo ineleg\u00edvel, Bolsonaro confirma candidatura \u00e0 Presid\u00eancia em 2026"},"content":{"rendered":"<div class=\"wp-block-image\">\n<figure class=\"aligncenter size-full\"><img data-recalc-dims=\"1\" fetchpriority=\"high\" decoding=\"async\" width=\"800\" height=\"450\" src=\"https:\/\/i0.wp.com\/minutobahia24h.com.br\/wp-content\/uploads\/2025\/03\/Sem-titulo-155.jpg?resize=800%2C450&#038;ssl=1\" alt=\"\" class=\"wp-image-25811\" srcset=\"https:\/\/i0.wp.com\/minutobahia24h.com.br\/wp-content\/uploads\/2025\/03\/Sem-titulo-155.jpg?w=800&amp;ssl=1 800w, https:\/\/i0.wp.com\/minutobahia24h.com.br\/wp-content\/uploads\/2025\/03\/Sem-titulo-155.jpg?resize=300%2C169&amp;ssl=1 300w, https:\/\/i0.wp.com\/minutobahia24h.com.br\/wp-content\/uploads\/2025\/03\/Sem-titulo-155.jpg?resize=768%2C432&amp;ssl=1 768w, https:\/\/i0.wp.com\/minutobahia24h.com.br\/wp-content\/uploads\/2025\/03\/Sem-titulo-155.jpg?resize=750%2C422&amp;ssl=1 750w\" sizes=\"(max-width: 800px) 100vw, 800px\" \/><figcaption class=\"wp-element-caption\">&#8220;Eu n\u00e3o aparecer para candidato \u00e9 uma nega\u00e7\u00e3o \u00e0 democracia\u201d, disse Jair Bolsonaro\u00a0\u00a0|\u00a0\u00a0\u00a0<img decoding=\"async\" width=\"17\" height=\"17\" data-src=\"https:\/\/www.bnews.com.br\/static\/img\/camera_icon.svg\" alt=\"Bnews - Divulga\u00e7\u00e3o\" src=\"data:image\/gif;base64,R0lGODlhAQABAAAAACH5BAEKAAEALAAAAAABAAEAAAICTAEAOw==\" class=\"lazyload\"><noscript><img decoding=\"async\" width=\"17\" height=\"17\" src=\"https:\/\/www.bnews.com.br\/static\/img\/camera_icon.svg\" alt=\"Bnews - Divulga\u00e7\u00e3o\"><\/noscript>\u00a0Alan Santos\/PR<br><a href=\"https:\/\/www.bnews.com.br\/autor\/redacao-bnews\/\"><\/a><\/figcaption><\/figure>\n<\/div>\n\n\n<p>O ex-presidente Jair Bolsonaro (PL) teceu elogios ao governador Tarc\u00edsio de Freitas (Republicanos) durante a 14\u00aa edi\u00e7\u00e3o do Sal\u00e3o das Motope\u00e7as em S\u00e3o Paulo. O ex-mandat\u00e1rio afirmou que a rela\u00e7\u00e3o com o ex-ministro foi \u201camor \u00e0 primeira vista, desde 2018\u201d e confirmou a candidatura da dupla para 2026.<\/p>\n\n\n\n<p>\u201cFoi amor \u00e0 primeira vista, desde 2018. Tenho muito a agradecer ao Tarc\u00edsio enquanto ministro. Ele \u00e9 um brilhante gestor. Vamos at\u00e9 dormir juntos hoje\u201d, disse Bolsonaro.<\/p>\n\n\n\n<p>Durante o evento, o ex-presidente afirmou que o governador \u201ctem um grande futuro para a pol\u00edtica\u201d e confirmou que Tarc\u00edsio de Freitas ir\u00e1 disputar a reelei\u00e7\u00e3o em 2026.&nbsp;<\/p>\n\n\n\n<p>Bolsonaro cravou ainda que ir\u00e1 disputar novamente \u00e0 presid\u00eancia e que ir\u00e1 vencer o pleito do pr\u00f3ximo ano.<\/p>\n\n\n\n<p>\u201cPara o ano que vem, n\u00f3s dois seremos candidatos. Ele vai para reelei\u00e7\u00e3o e eu para presidente. Eu n\u00e3o aparecer para candidato \u00e9 uma nega\u00e7\u00e3o \u00e0 democracia\u201d, destacou.<\/p>\n\n\n\n<p>\u201cSe eu disputar, eu levo, tenho certeza disso, at\u00e9 porque mudan\u00e7as est\u00e3o vindo do TSE, que v\u00e3o, praticamente, dissipar a possibilidade de qualquer d\u00favida no futuro\u201d, acrescentou.&nbsp;<\/p>\n\n\n\n<p>bnews<\/p>\n","protected":false},"excerpt":{"rendered":"<p>O ex-presidente Jair Bolsonaro (PL) teceu elogios ao governador Tarc\u00edsio de Freitas (Republicanos) durante a 14\u00aa edi\u00e7\u00e3o do Sal\u00e3o das Motope\u00e7as em S\u00e3o Paulo. O ex-mandat\u00e1rio afirmou que a rela\u00e7\u00e3o com o ex-ministro foi \u201camor \u00e0 primeira vista, desde 2018\u201d e confirmou a candidatura da dupla para 2026. \u201cFoi amor \u00e0 primeira vista, desde 2018. [&hellip;]<\/p>\n","protected":false},"author":2,"featured_media":25811,"comment_status":"open","ping_status":"open","sticky":false,"template":"","format":"standard","meta":{"_jetpack_memberships_contains_paid_content":false,"footnotes":""},"categories":[39],"tags":[],"class_list":["post-25810","post","type-post","status-publish","format-standard","has-post-thumbnail","hentry","category-politica"],"aioseo_notices":[],"jetpack_featured_media_url":"https:\/\/i0.wp.com\/minutobahia24h.com.br\/wp-content\/uploads\/2025\/03\/Sem-titulo-155.jpg?fit=800%2C450&ssl=1","jetpack_sharing_enabled":true,"_links":{"self":[{"href":"https:\/\/minutobahia24h.com.br\/index.php?rest_route=\/wp\/v2\/posts\/25810","targetHints":{"allow":["GET"]}}],"collection":[{"href":"https:\/\/minutobahia24h.com.br\/index.php?rest_route=\/wp\/v2\/posts"}],"about":[{"href":"https:\/\/minutobahia24h.com.br\/index.php?rest_route=\/wp\/v2\/types\/post"}],"author":[{"embeddable":true,"href":"https:\/\/minutobahia24h.com.br\/index.php?rest_route=\/wp\/v2\/users\/2"}],"replies":[{"embeddable":true,"href":"https:\/\/minutobahia24h.com.br\/index.php?rest_route=%2Fwp%2Fv2%2Fcomments&post=25810"}],"version-history":[{"count":1,"href":"https:\/\/minutobahia24h.com.br\/index.php?rest_route=\/wp\/v2\/posts\/25810\/revisions"}],"predecessor-version":[{"id":25812,"href":"https:\/\/minutobahia24h.com.br\/index.php?rest_route=\/wp\/v2\/posts\/25810\/revisions\/25812"}],"wp:featuredmedia":[{"embeddable":true,"href":"https:\/\/minutobahia24h.com.br\/index.php?rest_route=\/wp\/v2\/media\/25811"}],"wp:attachment":[{"href":"https:\/\/minutobahia24h.com.br\/index.php?rest_route=%2Fwp%2Fv2%2Fmedia&parent=25810"}],"wp:term":[{"taxonomy":"category","embeddable":true,"href":"https:\/\/minutobahia24h.com.br\/index.php?rest_route=%2Fwp%2Fv2%2Fcategories&post=25810"},{"taxonomy":"post_tag","embeddable":true,"href":"https:\/\/minutobahia24h.com.br\/index.php?rest_route=%2Fwp%2Fv2%2Ftags&post=25810"}],"curies":[{"name":"wp","href":"https:\/\/api.w.org\/{rel}","templated":true}]}}