{"id":25801,"date":"2025-03-12T07:32:26","date_gmt":"2025-03-12T10:32:26","guid":{"rendered":"https:\/\/minutobahia24h.com.br\/?p=25801"},"modified":"2025-03-12T07:32:28","modified_gmt":"2025-03-12T10:32:28","slug":"bahia-recebera-80-novas-ambulancias-ate-o-fim-de-marco","status":"publish","type":"post","link":"https:\/\/minutobahia24h.com.br\/?p=25801","title":{"rendered":"Bahia receber\u00e1 80 novas ambul\u00e2ncias at\u00e9 o fim de mar\u00e7o"},"content":{"rendered":"<div class=\"wp-block-image\">\n<figure class=\"aligncenter size-large\"><img data-recalc-dims=\"1\" fetchpriority=\"high\" decoding=\"async\" width=\"800\" height=\"534\" src=\"https:\/\/i0.wp.com\/minutobahia24h.com.br\/wp-content\/uploads\/2025\/03\/Sem-titulo-152-1024x683.jpg?resize=800%2C534&#038;ssl=1\" alt=\"\" class=\"wp-image-25802\" srcset=\"https:\/\/i0.wp.com\/minutobahia24h.com.br\/wp-content\/uploads\/2025\/03\/Sem-titulo-152.jpg?resize=1024%2C683&amp;ssl=1 1024w, https:\/\/i0.wp.com\/minutobahia24h.com.br\/wp-content\/uploads\/2025\/03\/Sem-titulo-152.jpg?resize=300%2C200&amp;ssl=1 300w, https:\/\/i0.wp.com\/minutobahia24h.com.br\/wp-content\/uploads\/2025\/03\/Sem-titulo-152.jpg?resize=768%2C512&amp;ssl=1 768w, https:\/\/i0.wp.com\/minutobahia24h.com.br\/wp-content\/uploads\/2025\/03\/Sem-titulo-152.jpg?resize=750%2C500&amp;ssl=1 750w, https:\/\/i0.wp.com\/minutobahia24h.com.br\/wp-content\/uploads\/2025\/03\/Sem-titulo-152.jpg?w=1079&amp;ssl=1 1079w\" sizes=\"(max-width: 800px) 100vw, 800px\" \/><figcaption class=\"wp-element-caption\">Expectativa \u00e9 que ambul\u00e2ncias cheguem at\u00e9 31 de mar\u00e7o &#8211;\u00a0Foto: Manu Dias | GOVBA<br><\/figcaption><\/figure>\n<\/div>\n\n\n<p>Oitenta novas ambul\u00e2ncias devem chegar \u00e0 Bahia at\u00e9 o fim deste m\u00eas. A informa\u00e7\u00e3o foi confirmada pelo&nbsp;<strong><a href=\"https:\/\/atarde.com.br\/?q=Jer%C3%B4nimo+Rodrigues&amp;d=1\" target=\"_blank\" rel=\"noreferrer noopener\">governador Jer\u00f4nimo Rodrigues (PT)<\/a><\/strong>&nbsp;nesta ter\u00e7a-feira, 11, ap\u00f3s reuni\u00e3o com ministros do&nbsp;<strong><a href=\"https:\/\/atarde.com.br\/?q=Governo+Lula&amp;d=1\" target=\"_blank\" rel=\"noreferrer noopener\">governo Lula (PT)<\/a>&nbsp;<\/strong>em Bras\u00edlia.<\/p>\n\n\n\n<p>Ap\u00f3s este m\u00eas, o estado ainda receber\u00e1 outros 28 novos ve\u00edculos. Ao todo, a Bahia ser\u00e1 contemplada com 108 ambul\u00e2ncias, de acordo com informa\u00e7\u00f5es do petista.<\/p>\n\n\n\n<p>\u201cViemos a Bras\u00edlia para fortalecer as parcerias com os minist\u00e9rios e avan\u00e7ar em projetos importantes para a Bahia. Foi um dia produtivo, com muitas pautas encaminhadas e novidades chegando para melhorar a vida do nosso povo\u201d, afirmou o governador.<\/p>\n\n\n\n<p>A novidade \u00e9 fruto de uma reuni\u00e3o entre o chefe do Executivo estadual, a secret\u00e1ria da Sa\u00fade, Roberta Santana, e o&nbsp;<strong><a href=\"https:\/\/atarde.com.br\/politica\/novos-ministros-de-lula-tomam-posse-em-brasilia-1310072\" target=\"_blank\" rel=\"noreferrer noopener\">ministro da setor, Alexandre Padilha<\/a><\/strong><a href=\"https:\/\/atarde.com.br\/politica\/novos-ministros-de-lula-tomam-posse-em-brasilia-1310072\" target=\"_blank\" rel=\"noreferrer noopener\">,<\/a>&nbsp;na capital federal. O secret\u00e1rio de Rela\u00e7\u00f5es Institucionais, Adolpho Loyola, tamb\u00e9m participou da agenda.<\/p>\n\n\n\n<p>Entre os temas que entraram na mesa de discuss\u00e3o dos pol\u00edticos destacam-se investimentos para o&nbsp;<strong><a href=\"https:\/\/atarde.com.br\/politica\/jeronimo-e-rui-anunciam-novo-hospital-regional-em-paulo-afonso-1310056\" target=\"_blank\" rel=\"noreferrer noopener\">novo Hospital Regional Paulo Afonso<\/a><\/strong>, como radioterapia e custeio das Unidades B\u00e1sicas de Sa\u00fade Ind\u00edgenas.<\/p>\n\n\n\n<p>Ainda na \u00e1rea da sa\u00fade, o chefe do Executivo estadual tamb\u00e9m tratou sobre o fortalecimento da Bahiafarma e a garantia do pagamento do piso da enfermagem.<\/p>\n\n\n\n<p><strong>Veja encontro<\/strong><\/p>\n\n\n<div class=\"wp-block-image\">\n<figure class=\"aligncenter\"><img data-recalc-dims=\"1\" decoding=\"async\" data-src=\"https:\/\/i0.wp.com\/cdn.atarde.com.br\/img\/inline\/1310000\/724x0\/Bahia-recebera-80-novas-ambulancias-ate-o-fim-de-m0131028700202503112147-1.webp?w=800&#038;ssl=1\" alt=\"Adolpho Loyola, Alexandre Padilha, Jer\u00f4nimo Rodrigues e Roberta Santana\" src=\"data:image\/gif;base64,R0lGODlhAQABAAAAACH5BAEKAAEALAAAAAABAAEAAAICTAEAOw==\" class=\"lazyload\" \/><noscript><img data-recalc-dims=\"1\" decoding=\"async\" src=\"https:\/\/i0.wp.com\/cdn.atarde.com.br\/img\/inline\/1310000\/724x0\/Bahia-recebera-80-novas-ambulancias-ate-o-fim-de-m0131028700202503112147-1.webp?w=800&#038;ssl=1\" alt=\"Adolpho Loyola, Alexandre Padilha, Jer\u00f4nimo Rodrigues e Roberta Santana\"\/><\/noscript><\/figure>\n<\/div>\n\n\n<p>Adolpho Loyola, Alexandre Padilha, Jer\u00f4nimo Rodrigues e Roberta Santana&nbsp;| Foto: Eduardo Aiache | GOVBA<\/p>\n\n\n\n<p><strong>Outros setores<\/strong><\/p>\n\n\n\n<p>Os encontros foram al\u00e9m e se estenderam para outras \u00e1reas como investimentos de infraestrutura de transportes e abastecimento de \u00e1gua para os munic\u00edpios afetados pela seca.<\/p>\n\n\n\n<p>Para o setor de transportes e infraestrutura, as conversas avan\u00e7aram sobre a moderniza\u00e7\u00e3o e amplia\u00e7\u00e3o de aeroportos nos munic\u00edpios de Conde, Ilh\u00e9us, Morro de S\u00e3o Paulo, Teixeira de Freitas e Irec\u00ea, al\u00e9m de melhorias na BR-324 e na BR-101. O governador tamb\u00e9m solicitou a\u00e7\u00f5es para o fortalecimento da Hidrovia do S\u00e3o Francisco, um projeto estrat\u00e9gico para a log\u00edstica e desenvolvimento do estado.<\/p>\n\n\n\n<p><strong>Veja encontro<\/strong><\/p>\n\n\n\n<figure class=\"wp-block-image\"><img data-recalc-dims=\"1\" decoding=\"async\" data-src=\"https:\/\/i0.wp.com\/cdn.atarde.com.br\/img\/inline\/1310000\/724x0\/Bahia-recebera-80-novas-ambulancias-ate-o-fim-de-m0131028701202503112147-1.webp?w=800&#038;ssl=1\" alt=\"Imagem ilustrativa da imagem Bahia receber\u00e1 80 novas ambul\u00e2ncias at\u00e9 o fim de mar\u00e7o\" src=\"data:image\/gif;base64,R0lGODlhAQABAAAAACH5BAEKAAEALAAAAAABAAEAAAICTAEAOw==\" class=\"lazyload\" \/><noscript><img data-recalc-dims=\"1\" decoding=\"async\" src=\"https:\/\/i0.wp.com\/cdn.atarde.com.br\/img\/inline\/1310000\/724x0\/Bahia-recebera-80-novas-ambulancias-ate-o-fim-de-m0131028701202503112147-1.webp?w=800&#038;ssl=1\" alt=\"Imagem ilustrativa da imagem Bahia receber\u00e1 80 novas ambul\u00e2ncias at\u00e9 o fim de mar\u00e7o\"\/><\/noscript><\/figure>\n\n\n\n<p>| Foto: Eduardo Aiache | GOVBA<\/p>\n\n\n\n<p>No Minist\u00e9rio da Gest\u00e3o e da Inova\u00e7\u00e3o em Servi\u00e7os P\u00fablicos, o governador tratou sobre o uso da intelig\u00eancia artificial para modernizar a gest\u00e3o p\u00fablica e impulsionar o sistema produtivo da Bahia. O destino do antigo aeroporto de Vit\u00f3ria da Conquista tamb\u00e9m esteve na pauta da reuni\u00e3o.<\/p>\n\n\n\n<p>Durante encontro com o ministro da Integra\u00e7\u00e3o e Desenvolvimento Regional, Waldez G\u00f3es, foram discutidas solu\u00e7\u00f5es para o abastecimento de \u00e1gua no semi\u00e1rido baiano, incluindo a primeira etapa do Canal do Sert\u00e3o e medidas emergenciais para os munic\u00edpios atingidos pela estiagem.<\/p>\n\n\n\n<p>Jer\u00f4nimo se reuniu com a ministra da Gest\u00e3o e da Inova\u00e7\u00e3o em Servi\u00e7os P\u00fablicos, Esther Dweck e com os ministros da Sa\u00fade, Alexandre Padilha; dos Portos e Aeroportos, Silvio Costa Filho; dos Transportes, Renan Filho; e da Integra\u00e7\u00e3o e Desenvolvimento Regional, Waldez G\u00f3es.<\/p>\n\n\n\n<p>atarde<\/p>\n","protected":false},"excerpt":{"rendered":"<p>Oitenta novas ambul\u00e2ncias devem chegar \u00e0 Bahia at\u00e9 o fim deste m\u00eas. A informa\u00e7\u00e3o foi confirmada pelo&nbsp;governador Jer\u00f4nimo Rodrigues (PT)&nbsp;nesta ter\u00e7a-feira, 11, ap\u00f3s reuni\u00e3o com ministros do&nbsp;governo Lula (PT)&nbsp;em Bras\u00edlia. Ap\u00f3s este m\u00eas, o estado ainda receber\u00e1 outros 28 novos ve\u00edculos. Ao todo, a Bahia ser\u00e1 contemplada com 108 ambul\u00e2ncias, de acordo com informa\u00e7\u00f5es do [&hellip;]<\/p>\n","protected":false},"author":2,"featured_media":25802,"comment_status":"open","ping_status":"open","sticky":false,"template":"","format":"standard","meta":{"_jetpack_memberships_contains_paid_content":false,"footnotes":""},"categories":[18],"tags":[],"class_list":["post-25801","post","type-post","status-publish","format-standard","has-post-thumbnail","hentry","category-saude"],"aioseo_notices":[],"jetpack_featured_media_url":"https:\/\/i0.wp.com\/minutobahia24h.com.br\/wp-content\/uploads\/2025\/03\/Sem-titulo-152.jpg?fit=1079%2C720&ssl=1","jetpack_sharing_enabled":true,"_links":{"self":[{"href":"https:\/\/minutobahia24h.com.br\/index.php?rest_route=\/wp\/v2\/posts\/25801","targetHints":{"allow":["GET"]}}],"collection":[{"href":"https:\/\/minutobahia24h.com.br\/index.php?rest_route=\/wp\/v2\/posts"}],"about":[{"href":"https:\/\/minutobahia24h.com.br\/index.php?rest_route=\/wp\/v2\/types\/post"}],"author":[{"embeddable":true,"href":"https:\/\/minutobahia24h.com.br\/index.php?rest_route=\/wp\/v2\/users\/2"}],"replies":[{"embeddable":true,"href":"https:\/\/minutobahia24h.com.br\/index.php?rest_route=%2Fwp%2Fv2%2Fcomments&post=25801"}],"version-history":[{"count":1,"href":"https:\/\/minutobahia24h.com.br\/index.php?rest_route=\/wp\/v2\/posts\/25801\/revisions"}],"predecessor-version":[{"id":25803,"href":"https:\/\/minutobahia24h.com.br\/index.php?rest_route=\/wp\/v2\/posts\/25801\/revisions\/25803"}],"wp:featuredmedia":[{"embeddable":true,"href":"https:\/\/minutobahia24h.com.br\/index.php?rest_route=\/wp\/v2\/media\/25802"}],"wp:attachment":[{"href":"https:\/\/minutobahia24h.com.br\/index.php?rest_route=%2Fwp%2Fv2%2Fmedia&parent=25801"}],"wp:term":[{"taxonomy":"category","embeddable":true,"href":"https:\/\/minutobahia24h.com.br\/index.php?rest_route=%2Fwp%2Fv2%2Fcategories&post=25801"},{"taxonomy":"post_tag","embeddable":true,"href":"https:\/\/minutobahia24h.com.br\/index.php?rest_route=%2Fwp%2Fv2%2Ftags&post=25801"}],"curies":[{"name":"wp","href":"https:\/\/api.w.org\/{rel}","templated":true}]}}