{"id":2568,"date":"2023-10-19T07:27:13","date_gmt":"2023-10-19T10:27:13","guid":{"rendered":"https:\/\/minutobahia24h.com.br\/?p=2568"},"modified":"2023-10-19T07:27:14","modified_gmt":"2023-10-19T10:27:14","slug":"lira-indica-nordestino-ex-funcef-e-demitido-por-dilma-para-comandar-a-caixa","status":"publish","type":"post","link":"https:\/\/minutobahia24h.com.br\/?p=2568","title":{"rendered":"Lira indica nordestino, ex-Funcef e demitido por Dilma para comandar a Caixa"},"content":{"rendered":"<div class=\"wp-block-image\">\n<figure class=\"aligncenter size-full\"><img data-recalc-dims=\"1\" fetchpriority=\"high\" decoding=\"async\" width=\"600\" height=\"420\" src=\"https:\/\/i0.wp.com\/minutobahia24h.com.br\/wp-content\/uploads\/2023\/10\/lula-arthur-lira.jpg?resize=600%2C420&#038;ssl=1\" alt=\"\" class=\"wp-image-2570\" srcset=\"https:\/\/i0.wp.com\/minutobahia24h.com.br\/wp-content\/uploads\/2023\/10\/lula-arthur-lira.jpg?w=600&amp;ssl=1 600w, https:\/\/i0.wp.com\/minutobahia24h.com.br\/wp-content\/uploads\/2023\/10\/lula-arthur-lira.jpg?resize=300%2C210&amp;ssl=1 300w\" sizes=\"(max-width: 600px) 100vw, 600px\" \/><figcaption class=\"wp-element-caption\">Foto: Fabio Rodrigues-Pozzebom\/ Ag\u00eancia Brasil<br><\/figcaption><\/figure>\n<\/div>\n\n\n<p>Em meio as indecis\u00f5es para ocupar o comando da Caixa Econ\u00f4mica Federal, o presidente da C\u00e2mara, Arthur Lira (PP-AL), indicou o funcion\u00e1rio de carreira Carlos Ant\u00f4nio Vieira Fernandes para presidir a institui\u00e7\u00e3o. O nome chegou ao Pal\u00e1cio do Planalto, mas o martelo n\u00e3o foi batido. Fernandes \u00e9 paraibano, economista, integra os quadros do banco, foi diretor-presidente da Funcef (Funda\u00e7\u00e3o dos Economi\u00e1rios Federais), o fundo de pens\u00e3o da Caixa, e comandou minist\u00e9rios em gest\u00e3o petista.<\/p>\n\n\n\n<p>Lira tomou a decis\u00e3o h\u00e1 cerca de 15 dias. Aliados do deputado no Congresso e integrantes do governo esperam a volta dele a Bras\u00edlia para definir o assunto em reuni\u00e3o com o presidente Luiz In\u00e1cio Lula da Silva (PT). O deputado embarcou para uma viagem \u00e0 \u00cdndia e \u00e0 China no dia 10 e retorna ao Brasil no dia 22 de outubro.<\/p>\n\n\n\n<p>A indica\u00e7\u00e3o do nome se deu em meio a negocia\u00e7\u00f5es do Planalto para atrair o PP e o centr\u00e3o para a base do governo e ocorre como um desdobramento da recente minirreforma ministerial promovida por Lula. Ele chegou \u00e0 secretaria-executiva do Minist\u00e9rio da Integra\u00e7\u00e3o Nacional em 2012, quando o PP ocupou a pasta. O ministro era Aguinaldo Ribeiro, que tamb\u00e9m \u00e9 da Para\u00edba e aliado de Lira.<\/p>\n\n\n\n<p>Bahia.ba<\/p>\n","protected":false},"excerpt":{"rendered":"<p>Em meio as indecis\u00f5es para ocupar o comando da Caixa Econ\u00f4mica Federal, o presidente da C\u00e2mara, Arthur Lira (PP-AL), indicou o funcion\u00e1rio de carreira Carlos Ant\u00f4nio Vieira Fernandes para presidir a institui\u00e7\u00e3o. O nome chegou ao Pal\u00e1cio do Planalto, mas o martelo n\u00e3o foi batido. Fernandes \u00e9 paraibano, economista, integra os quadros do banco, foi [&hellip;]<\/p>\n","protected":false},"author":2,"featured_media":2570,"comment_status":"open","ping_status":"open","sticky":false,"template":"","format":"standard","meta":{"_jetpack_memberships_contains_paid_content":false,"footnotes":""},"categories":[2],"tags":[],"class_list":["post-2568","post","type-post","status-publish","format-standard","has-post-thumbnail","hentry","category-nacional"],"aioseo_notices":[],"jetpack_featured_media_url":"https:\/\/i0.wp.com\/minutobahia24h.com.br\/wp-content\/uploads\/2023\/10\/lula-arthur-lira.jpg?fit=600%2C420&ssl=1","jetpack_sharing_enabled":true,"_links":{"self":[{"href":"https:\/\/minutobahia24h.com.br\/index.php?rest_route=\/wp\/v2\/posts\/2568","targetHints":{"allow":["GET"]}}],"collection":[{"href":"https:\/\/minutobahia24h.com.br\/index.php?rest_route=\/wp\/v2\/posts"}],"about":[{"href":"https:\/\/minutobahia24h.com.br\/index.php?rest_route=\/wp\/v2\/types\/post"}],"author":[{"embeddable":true,"href":"https:\/\/minutobahia24h.com.br\/index.php?rest_route=\/wp\/v2\/users\/2"}],"replies":[{"embeddable":true,"href":"https:\/\/minutobahia24h.com.br\/index.php?rest_route=%2Fwp%2Fv2%2Fcomments&post=2568"}],"version-history":[{"count":1,"href":"https:\/\/minutobahia24h.com.br\/index.php?rest_route=\/wp\/v2\/posts\/2568\/revisions"}],"predecessor-version":[{"id":2571,"href":"https:\/\/minutobahia24h.com.br\/index.php?rest_route=\/wp\/v2\/posts\/2568\/revisions\/2571"}],"wp:featuredmedia":[{"embeddable":true,"href":"https:\/\/minutobahia24h.com.br\/index.php?rest_route=\/wp\/v2\/media\/2570"}],"wp:attachment":[{"href":"https:\/\/minutobahia24h.com.br\/index.php?rest_route=%2Fwp%2Fv2%2Fmedia&parent=2568"}],"wp:term":[{"taxonomy":"category","embeddable":true,"href":"https:\/\/minutobahia24h.com.br\/index.php?rest_route=%2Fwp%2Fv2%2Fcategories&post=2568"},{"taxonomy":"post_tag","embeddable":true,"href":"https:\/\/minutobahia24h.com.br\/index.php?rest_route=%2Fwp%2Fv2%2Ftags&post=2568"}],"curies":[{"name":"wp","href":"https:\/\/api.w.org\/{rel}","templated":true}]}}