{"id":2544,"date":"2023-10-19T07:11:41","date_gmt":"2023-10-19T10:11:41","guid":{"rendered":"https:\/\/minutobahia24h.com.br\/?p=2544"},"modified":"2023-10-19T07:11:43","modified_gmt":"2023-10-19T10:11:43","slug":"tse-comeca-a-julgar-nesta-quinta-acoes-de-investigacao-contra-lula-e-geraldo-alckmin","status":"publish","type":"post","link":"https:\/\/minutobahia24h.com.br\/?p=2544","title":{"rendered":"TSE come\u00e7a a julgar nesta quinta a\u00e7\u00f5es de investiga\u00e7\u00e3o contra Lula e Geraldo Alckmin"},"content":{"rendered":"<div class=\"wp-block-image\">\n<figure class=\"aligncenter size-full\"><img data-recalc-dims=\"1\" fetchpriority=\"high\" decoding=\"async\" width=\"800\" height=\"600\" src=\"https:\/\/i0.wp.com\/minutobahia24h.com.br\/wp-content\/uploads\/2023\/10\/Sem-titulo-132.jpg?resize=800%2C600&#038;ssl=1\" alt=\"\" class=\"wp-image-2546\" srcset=\"https:\/\/i0.wp.com\/minutobahia24h.com.br\/wp-content\/uploads\/2023\/10\/Sem-titulo-132.jpg?w=984&amp;ssl=1 984w, https:\/\/i0.wp.com\/minutobahia24h.com.br\/wp-content\/uploads\/2023\/10\/Sem-titulo-132.jpg?resize=300%2C225&amp;ssl=1 300w, https:\/\/i0.wp.com\/minutobahia24h.com.br\/wp-content\/uploads\/2023\/10\/Sem-titulo-132.jpg?resize=768%2C576&amp;ssl=1 768w, https:\/\/i0.wp.com\/minutobahia24h.com.br\/wp-content\/uploads\/2023\/10\/Sem-titulo-132.jpg?resize=750%2C563&amp;ssl=1 750w\" sizes=\"(max-width: 800px) 100vw, 800px\" \/><figcaption class=\"wp-element-caption\">Lula faz discurso no parlat\u00f3rio ao lado de Alckmin, Janja e Lu \u2014 Foto: TV Globo\/Reprodu\u00e7\u00e3o<br><\/figcaption><\/figure>\n<\/div>\n\n\n<p>O\u00a0<a class=\"\" href=\"https:\/\/g1.globo.com\/tudo-sobre\/tribunal-superior-eleitoral\/\">Tribunal Superior Eleitoral<\/a>\u00a0(TSE) come\u00e7a a julgar nesta quinta-feira (19) duas a\u00e7\u00f5es de investiga\u00e7\u00e3o eleitoral contra o presidente\u00a0<a class=\"\" href=\"https:\/\/g1.globo.com\/politica\/politico\/lula\/\">Lula<\/a>\u00a0e o vice\u00a0<a class=\"\" href=\"https:\/\/g1.globo.com\/tudo-sobre\/geraldo-alckmin\/\">Geraldo Alckmin<\/a>\u00a0\u2013 a chapa vencedora das elei\u00e7\u00f5es no ano passado. <\/p>\n\n\n\n<p>Os casos se referem \u00e0 disputa presidencial do ano passado e foram apresentados \u00e0 Corte Eleitoral pela campanha do ex-presidente&nbsp;<a class=\"\" href=\"https:\/\/g1.globo.com\/politica\/politico\/jair-bolsonaro\/\">Jair Bolsonaro<\/a>&nbsp;(<a class=\"\" href=\"https:\/\/g1.globo.com\/politica\/partido\/pl\/\">PL<\/a>), candidato derrotado no pleito.<\/p>\n\n\n\n<p>Ser\u00e3o analisados os seguintes processos:<\/p>\n\n\n\n<ul class=\"wp-block-list\">\n<li><strong>Acusa\u00e7\u00e3o de abuso de poder econ\u00f4mico e uso indevido dos meios de comunica\u00e7\u00e3o<\/strong>:<\/li>\n<\/ul>\n\n\n\n<p>Segundo a campanha de Bolsonaro, a chapa Lula-Alckmin teria usado servi\u00e7o do Google de forma a modular e filtrar as buscas dos eleitores. A manipula\u00e7\u00e3o permitiria que, ao buscar as informa\u00e7\u00f5es sobre casos de corrup\u00e7\u00e3o envolvendo o petista, o eleitor teria, em primeiro plano, apenas mat\u00e9rias com vi\u00e9s positivo a Lula, produzidas pela pr\u00f3pria campanha dele. A defesa do presidente e de Alckmin afirmou que n\u00e3o h\u00e1 provas ou ind\u00edcios de irregularidade. E que as pesquisas no Google retornam resultados diferente do que foi alegado pelos advers\u00e1rios.<\/p>\n\n\n\n<ul class=\"wp-block-list\">\n<li><strong>Acusa\u00e7\u00e3o de uso indevido dos meios de comunica\u00e7\u00e3o<\/strong>:<\/li>\n<\/ul>\n\n\n\n<p>A campanha de Bolsonaro afirmou ao TSE que a chapa Lula-Alckmin atuou de forma irregular ao conceder entrevista coletiva no dia do primeiro turno, transmitida por canais de televis\u00e3o; e ao discursar ap\u00f3s o encerramento da vota\u00e7\u00e3o e o an\u00fancio de que haveria o segundo turno. A defesa de Lula e Alckmin sustentou que n\u00e3o houve viola\u00e7\u00e3o da isonomia entre candidatos e nem interfer\u00eancia na vontade pol\u00edtica dos cidad\u00e3os. Al\u00e9m disso, n\u00e3o houve tratamento privilegiado ao petista, nem mesmo viola\u00e7\u00e3o \u00e0s regras eleitorais.<\/p>\n\n\n\n<h2 class=\"wp-block-heading\">MP pede rejei\u00e7\u00e3o das a\u00e7\u00f5es<\/h2>\n\n\n\n<p>Nos dois casos, o Minist\u00e9rio P\u00fablico Eleitoral apresentou parecer pela rejei\u00e7\u00e3o e arquivamento dos processos.<\/p>\n\n\n\n<p>Em rela\u00e7\u00e3o ao caso da propaganda via Google, entendeu que a a\u00e7\u00e3o n\u00e3o preencheu os requisitos necess\u00e1rios.<\/p>\n\n\n\n<p>Sobre a a\u00e7\u00e3o da suposta propaganda irregular no primeiro turno, pontuou que as manifesta\u00e7\u00f5es de Lula n\u00e3o configuraram propaganda eleitoral, por n\u00e3o haver o pedido de votos.<\/p>\n\n\n\n<h2 class=\"wp-block-heading\">Processos<\/h2>\n\n\n\n<p>As a\u00e7\u00f5es de investiga\u00e7\u00e3o judicial eleitoral podem levar \u00e0 inelegibilidade de pol\u00edticos por oito anos, se forem consideradas procedentes pelos ministros do TSE.<\/p>\n\n\n\n<p>As posi\u00e7\u00f5es apresentadas pelos participantes do processo e pelo MP Eleitoral n\u00e3o precisam ser seguidas obrigatoriamente pelos magistrados. A avalia\u00e7\u00e3o sobre as circunst\u00e2ncias dos casos ser\u00e1 feita nos votos dos ministros.<\/p>\n\n\n\n<p>Se o tribunal rejeitar as a\u00e7\u00f5es, o caso ser\u00e1 arquivado. Se o tribunal considerar que houve irregularidades, pode aplicar a san\u00e7\u00e3o de inelegibilidade.<\/p>\n\n\n\n<p>Nos dois casos, \u00e9 poss\u00edvel recursos tanto dentro do pr\u00f3prio TSE quanto ao Supremo Tribunal Federal.<\/p>\n","protected":false},"excerpt":{"rendered":"<p>O\u00a0Tribunal Superior Eleitoral\u00a0(TSE) come\u00e7a a julgar nesta quinta-feira (19) duas a\u00e7\u00f5es de investiga\u00e7\u00e3o eleitoral contra o presidente\u00a0Lula\u00a0e o vice\u00a0Geraldo Alckmin\u00a0\u2013 a chapa vencedora das elei\u00e7\u00f5es no ano passado. Os casos se referem \u00e0 disputa presidencial do ano passado e foram apresentados \u00e0 Corte Eleitoral pela campanha do ex-presidente&nbsp;Jair Bolsonaro&nbsp;(PL), candidato derrotado no pleito. Ser\u00e3o analisados [&hellip;]<\/p>\n","protected":false},"author":2,"featured_media":2546,"comment_status":"open","ping_status":"open","sticky":false,"template":"","format":"standard","meta":{"_jetpack_memberships_contains_paid_content":false,"footnotes":""},"categories":[39],"tags":[],"class_list":["post-2544","post","type-post","status-publish","format-standard","has-post-thumbnail","hentry","category-politica"],"aioseo_notices":[],"jetpack_featured_media_url":"https:\/\/i0.wp.com\/minutobahia24h.com.br\/wp-content\/uploads\/2023\/10\/Sem-titulo-132.jpg?fit=984%2C738&ssl=1","jetpack_sharing_enabled":true,"_links":{"self":[{"href":"https:\/\/minutobahia24h.com.br\/index.php?rest_route=\/wp\/v2\/posts\/2544","targetHints":{"allow":["GET"]}}],"collection":[{"href":"https:\/\/minutobahia24h.com.br\/index.php?rest_route=\/wp\/v2\/posts"}],"about":[{"href":"https:\/\/minutobahia24h.com.br\/index.php?rest_route=\/wp\/v2\/types\/post"}],"author":[{"embeddable":true,"href":"https:\/\/minutobahia24h.com.br\/index.php?rest_route=\/wp\/v2\/users\/2"}],"replies":[{"embeddable":true,"href":"https:\/\/minutobahia24h.com.br\/index.php?rest_route=%2Fwp%2Fv2%2Fcomments&post=2544"}],"version-history":[{"count":1,"href":"https:\/\/minutobahia24h.com.br\/index.php?rest_route=\/wp\/v2\/posts\/2544\/revisions"}],"predecessor-version":[{"id":2547,"href":"https:\/\/minutobahia24h.com.br\/index.php?rest_route=\/wp\/v2\/posts\/2544\/revisions\/2547"}],"wp:featuredmedia":[{"embeddable":true,"href":"https:\/\/minutobahia24h.com.br\/index.php?rest_route=\/wp\/v2\/media\/2546"}],"wp:attachment":[{"href":"https:\/\/minutobahia24h.com.br\/index.php?rest_route=%2Fwp%2Fv2%2Fmedia&parent=2544"}],"wp:term":[{"taxonomy":"category","embeddable":true,"href":"https:\/\/minutobahia24h.com.br\/index.php?rest_route=%2Fwp%2Fv2%2Fcategories&post=2544"},{"taxonomy":"post_tag","embeddable":true,"href":"https:\/\/minutobahia24h.com.br\/index.php?rest_route=%2Fwp%2Fv2%2Ftags&post=2544"}],"curies":[{"name":"wp","href":"https:\/\/api.w.org\/{rel}","templated":true}]}}