{"id":25425,"date":"2025-03-05T14:46:41","date_gmt":"2025-03-05T17:46:41","guid":{"rendered":"https:\/\/minutobahia24h.com.br\/?p=25425"},"modified":"2025-03-05T14:46:43","modified_gmt":"2025-03-05T17:46:43","slug":"gleisi-minimiza-atritos-com-haddad-e-diz-que-sua-missao-e-fortalecer-articulacoes-para-2026","status":"publish","type":"post","link":"https:\/\/minutobahia24h.com.br\/?p=25425","title":{"rendered":"Gleisi minimiza atritos com Haddad e diz que sua miss\u00e3o \u00e9 fortalecer articula\u00e7\u00f5es para 2026"},"content":{"rendered":"<div class=\"wp-block-image\">\n<figure class=\"aligncenter size-full\"><img data-recalc-dims=\"1\" fetchpriority=\"high\" decoding=\"async\" width=\"600\" height=\"420\" src=\"https:\/\/i0.wp.com\/minutobahia24h.com.br\/wp-content\/uploads\/2025\/03\/Sem-titulo-45.jpg?resize=600%2C420&#038;ssl=1\" alt=\"\" class=\"wp-image-25426\" srcset=\"https:\/\/i0.wp.com\/minutobahia24h.com.br\/wp-content\/uploads\/2025\/03\/Sem-titulo-45.jpg?w=600&amp;ssl=1 600w, https:\/\/i0.wp.com\/minutobahia24h.com.br\/wp-content\/uploads\/2025\/03\/Sem-titulo-45.jpg?resize=300%2C210&amp;ssl=1 300w\" sizes=\"(max-width: 600px) 100vw, 600px\" \/><figcaption class=\"wp-element-caption\">Foto: Clara Rellstab\/ bahia.ba<br><\/figcaption><\/figure>\n<\/div>\n\n\n<p>A rec\u00e9m-nomeada para Secretaria de Rela\u00e7\u00f5es Institucionais (SRI), ministra Gleisi Hoffmann, afirmou nesta quarta-feira (5) que sua principal miss\u00e3o no governo ser\u00e1 garantir acordos, fortalecer a articula\u00e7\u00e3o pol\u00edtica e ampliar a base de aliados do presidente Luiz In\u00e1cio Lula da Silva (PT) para as elei\u00e7\u00f5es de 2026.<\/p>\n\n\n\n<p>Segundo mat\u00e9ria do InfoMoney, ao ser questionada sobre um poss\u00edvel embate com o ministro da Fazenda, Fernando Haddad, a presidente nacional do PT minimizou a possibilidade de atritos e afirmou que sua atua\u00e7\u00e3o ser\u00e1 focada no di\u00e1logo pol\u00edtico.<\/p>\n\n\n\n<p>\u201cN\u00e3o entrei para uma guerra, e sim para uma miss\u00e3o de paz. N\u00e3o fui nomeada para tratar de economia, fui nomeada para cuidar da articula\u00e7\u00e3o pol\u00edtica\u201d, disse a ministra em entrevista ao g1.<\/p>\n\n\n\n<p>Apesar da fala, Gleisi possui um hist\u00f3rico de conflitos com posicionamentos adotados pelo ministro da Fazenda, especialmente aqueles ligados \u00e0 condu\u00e7\u00e3o da pol\u00edtica fiscal e ao corte de gastos. No entanto, a secret\u00e1ria afirmou ter ligado para o ministro assim que foi nomeada e expressou sua pretens\u00e3o de se reunir com ele para alinhar estrat\u00e9gias. Uma data para o encontro, por\u00e9m, ainda n\u00e3o foi determinada.<\/p>\n\n\n\n<p>Na entrevista, a ministra destacou tamb\u00e9m a sua proximidade com o presidente da C\u00e2mara dos Deputados, Hugo Motta (Republicanos), e ressaltou sua atua\u00e7\u00e3o na costura de alian\u00e7as para as elei\u00e7\u00f5es presidenciais de 2022 e as municipais de 2024.<\/p>\n\n\n\n<p>\u201cVou fazer tudo o que for poss\u00edvel para garantir a elei\u00e7\u00e3o de Lula em 2026. Vou buscar essas alian\u00e7as\u201d, declarou.<\/p>\n\n\n\n<p>A nomea\u00e7\u00e3o de Hoffmann para a SRI foi vista como um movimento do presidente visando refor\u00e7ar o protagonismo do PT no governo, ampliando o controle da articula\u00e7\u00e3o pol\u00edtica, especialmente no momento em que o Pal\u00e1cio do Planalto enfrenta dificuldades na rela\u00e7\u00e3o com o \u201cCentr\u00e3o\u201d e com setores do Congresso.<\/p>\n\n\n\n<p>Bahia.ba<\/p>\n","protected":false},"excerpt":{"rendered":"<p>A rec\u00e9m-nomeada para Secretaria de Rela\u00e7\u00f5es Institucionais (SRI), ministra Gleisi Hoffmann, afirmou nesta quarta-feira (5) que sua principal miss\u00e3o no governo ser\u00e1 garantir acordos, fortalecer a articula\u00e7\u00e3o pol\u00edtica e ampliar a base de aliados do presidente Luiz In\u00e1cio Lula da Silva (PT) para as elei\u00e7\u00f5es de 2026. Segundo mat\u00e9ria do InfoMoney, ao ser questionada sobre [&hellip;]<\/p>\n","protected":false},"author":2,"featured_media":25426,"comment_status":"open","ping_status":"open","sticky":false,"template":"","format":"standard","meta":{"_jetpack_memberships_contains_paid_content":false,"footnotes":""},"categories":[39],"tags":[],"class_list":["post-25425","post","type-post","status-publish","format-standard","has-post-thumbnail","hentry","category-politica"],"aioseo_notices":[],"jetpack_featured_media_url":"https:\/\/i0.wp.com\/minutobahia24h.com.br\/wp-content\/uploads\/2025\/03\/Sem-titulo-45.jpg?fit=600%2C420&ssl=1","jetpack_sharing_enabled":true,"_links":{"self":[{"href":"https:\/\/minutobahia24h.com.br\/index.php?rest_route=\/wp\/v2\/posts\/25425","targetHints":{"allow":["GET"]}}],"collection":[{"href":"https:\/\/minutobahia24h.com.br\/index.php?rest_route=\/wp\/v2\/posts"}],"about":[{"href":"https:\/\/minutobahia24h.com.br\/index.php?rest_route=\/wp\/v2\/types\/post"}],"author":[{"embeddable":true,"href":"https:\/\/minutobahia24h.com.br\/index.php?rest_route=\/wp\/v2\/users\/2"}],"replies":[{"embeddable":true,"href":"https:\/\/minutobahia24h.com.br\/index.php?rest_route=%2Fwp%2Fv2%2Fcomments&post=25425"}],"version-history":[{"count":1,"href":"https:\/\/minutobahia24h.com.br\/index.php?rest_route=\/wp\/v2\/posts\/25425\/revisions"}],"predecessor-version":[{"id":25427,"href":"https:\/\/minutobahia24h.com.br\/index.php?rest_route=\/wp\/v2\/posts\/25425\/revisions\/25427"}],"wp:featuredmedia":[{"embeddable":true,"href":"https:\/\/minutobahia24h.com.br\/index.php?rest_route=\/wp\/v2\/media\/25426"}],"wp:attachment":[{"href":"https:\/\/minutobahia24h.com.br\/index.php?rest_route=%2Fwp%2Fv2%2Fmedia&parent=25425"}],"wp:term":[{"taxonomy":"category","embeddable":true,"href":"https:\/\/minutobahia24h.com.br\/index.php?rest_route=%2Fwp%2Fv2%2Fcategories&post=25425"},{"taxonomy":"post_tag","embeddable":true,"href":"https:\/\/minutobahia24h.com.br\/index.php?rest_route=%2Fwp%2Fv2%2Ftags&post=25425"}],"curies":[{"name":"wp","href":"https:\/\/api.w.org\/{rel}","templated":true}]}}