{"id":25419,"date":"2025-03-05T14:44:21","date_gmt":"2025-03-05T17:44:21","guid":{"rendered":"https:\/\/minutobahia24h.com.br\/?p=25419"},"modified":"2025-03-05T14:44:22","modified_gmt":"2025-03-05T17:44:22","slug":"trump-anuncia-tarifaco-contra-brasil-e-outros-paises-a-partir-de-abril","status":"publish","type":"post","link":"https:\/\/minutobahia24h.com.br\/?p=25419","title":{"rendered":"Trump anuncia tarifa\u00e7o contra Brasil e outros pa\u00edses a partir de abril"},"content":{"rendered":"<div class=\"wp-block-image\">\n<figure class=\"aligncenter size-full\"><img data-recalc-dims=\"1\" fetchpriority=\"high\" decoding=\"async\" width=\"600\" height=\"420\" src=\"https:\/\/i0.wp.com\/minutobahia24h.com.br\/wp-content\/uploads\/2025\/03\/Sem-titulo-43.jpg?resize=600%2C420&#038;ssl=1\" alt=\"\" class=\"wp-image-25420\" srcset=\"https:\/\/i0.wp.com\/minutobahia24h.com.br\/wp-content\/uploads\/2025\/03\/Sem-titulo-43.jpg?w=600&amp;ssl=1 600w, https:\/\/i0.wp.com\/minutobahia24h.com.br\/wp-content\/uploads\/2025\/03\/Sem-titulo-43.jpg?resize=300%2C210&amp;ssl=1 300w\" sizes=\"(max-width: 600px) 100vw, 600px\" \/><figcaption class=\"wp-element-caption\">Foto: White House Archived<br><\/figcaption><\/figure>\n<\/div>\n\n\n<p>O presidente dos Estados Unidos, Donald Trump, fez um discurso contundente ao Congresso americano e anunciou a imposi\u00e7\u00e3o de um tarifa\u00e7o \u201crec\u00edproco\u201d contra diversos pa\u00edses, incluindo o Brasil. Segundo o republicano, as medidas entrar\u00e3o em vigor em 2 de abril.<\/p>\n\n\n\n<p>Durante um pronunciamento aos parlamentares em Washington D.C., na ter\u00e7a-feira (4) \u2014 madrugada de quarta no Brasil \u2014, Trump afirmou que os Estados Unidos v\u00eam sendo \u201croubados\u201d h\u00e1 d\u00e9cadas por outras na\u00e7\u00f5es e que essa situa\u00e7\u00e3o n\u00e3o ser\u00e1 mais tolerada.<\/p>\n\n\n\n<p>\u201cA partir de 2 de abril, tarifas rec\u00edprocas entrar\u00e3o em vigor. N\u00e3o importa o valor que eles nos taxarem, n\u00f3s os taxaremos na mesma propor\u00e7\u00e3o\u201d, declarou.<\/p>\n\n\n\n<p>O presidente norte-americano criticou a pol\u00edtica comercial de diversos pa\u00edses, alegando que os Estados Unidos s\u00e3o prejudicados por tarifas desproporcionais.<\/p>\n\n\n\n<p>\u201cOutros pa\u00edses v\u00eam aplicando tarifas contra n\u00f3s h\u00e1 d\u00e9cadas, e agora chegou a nossa vez de revidar. Em m\u00e9dia, a Uni\u00e3o Europeia, China, Brasil, \u00cdndia, M\u00e9xico e Canad\u00e1 \u2014 voc\u00eas j\u00e1 ouviram falar deles \u2014 e v\u00e1rias outras na\u00e7\u00f5es nos cobram tarifas muito mais altas do que n\u00f3s cobramos deles. Isso \u00e9 extremamente injusto\u201d, afirmou Trump.<\/p>\n\n\n\n<p>O tarifa\u00e7o passou a vigorar na ter\u00e7a-feira (4), estabelecendo uma taxa\u00e7\u00e3o de 25% sobre produtos importados do Canad\u00e1 e do M\u00e9xico. A China tamb\u00e9m foi afetada pela medida fiscal do governo republicano. Em resposta, Pequim anunciou a aplica\u00e7\u00e3o de uma tarifa de 15% sobre produtos como frango, trigo, milho e algod\u00e3o, al\u00e9m de uma taxa de 10% sobre importa\u00e7\u00f5es americanas de soja, sorgo, carne su\u00edna, carne bovina, produtos aqu\u00e1ticos, frutas, vegetais e latic\u00ednios.<\/p>\n\n\n\n<p>Em entrevista, a porta-voz do Minist\u00e9rio das Rela\u00e7\u00f5es Exteriores da China, Lin Jian, refor\u00e7ou que o pa\u00eds n\u00e3o ceder\u00e1 \u00e0s press\u00f5es dos Estados Unidos.<\/p>\n\n\n\n<p>\u201cPress\u00e3o, coer\u00e7\u00e3o e amea\u00e7as n\u00e3o s\u00e3o a abordagem correta para lidar com a China. Tentar exercer press\u00e3o m\u00e1xima sobre o pa\u00eds \u00e9 um erro de c\u00e1lculo\u201d, afirmou Lin. \u201cSe os EUA insistirem em travar uma guerra tarif\u00e1ria, comercial ou de qualquer outro tipo, a China resistir\u00e1 at\u00e9 o fim\u201d, acrescentou.<\/p>\n\n\n\n<p>Bahia.ba<\/p>\n","protected":false},"excerpt":{"rendered":"<p>O presidente dos Estados Unidos, Donald Trump, fez um discurso contundente ao Congresso americano e anunciou a imposi\u00e7\u00e3o de um tarifa\u00e7o \u201crec\u00edproco\u201d contra diversos pa\u00edses, incluindo o Brasil. Segundo o republicano, as medidas entrar\u00e3o em vigor em 2 de abril. Durante um pronunciamento aos parlamentares em Washington D.C., na ter\u00e7a-feira (4) \u2014 madrugada de quarta [&hellip;]<\/p>\n","protected":false},"author":2,"featured_media":25420,"comment_status":"open","ping_status":"open","sticky":false,"template":"","format":"standard","meta":{"_jetpack_memberships_contains_paid_content":false,"footnotes":""},"categories":[15],"tags":[],"class_list":["post-25419","post","type-post","status-publish","format-standard","has-post-thumbnail","hentry","category-mundo"],"aioseo_notices":[],"jetpack_featured_media_url":"https:\/\/i0.wp.com\/minutobahia24h.com.br\/wp-content\/uploads\/2025\/03\/Sem-titulo-43.jpg?fit=600%2C420&ssl=1","jetpack_sharing_enabled":true,"_links":{"self":[{"href":"https:\/\/minutobahia24h.com.br\/index.php?rest_route=\/wp\/v2\/posts\/25419","targetHints":{"allow":["GET"]}}],"collection":[{"href":"https:\/\/minutobahia24h.com.br\/index.php?rest_route=\/wp\/v2\/posts"}],"about":[{"href":"https:\/\/minutobahia24h.com.br\/index.php?rest_route=\/wp\/v2\/types\/post"}],"author":[{"embeddable":true,"href":"https:\/\/minutobahia24h.com.br\/index.php?rest_route=\/wp\/v2\/users\/2"}],"replies":[{"embeddable":true,"href":"https:\/\/minutobahia24h.com.br\/index.php?rest_route=%2Fwp%2Fv2%2Fcomments&post=25419"}],"version-history":[{"count":1,"href":"https:\/\/minutobahia24h.com.br\/index.php?rest_route=\/wp\/v2\/posts\/25419\/revisions"}],"predecessor-version":[{"id":25421,"href":"https:\/\/minutobahia24h.com.br\/index.php?rest_route=\/wp\/v2\/posts\/25419\/revisions\/25421"}],"wp:featuredmedia":[{"embeddable":true,"href":"https:\/\/minutobahia24h.com.br\/index.php?rest_route=\/wp\/v2\/media\/25420"}],"wp:attachment":[{"href":"https:\/\/minutobahia24h.com.br\/index.php?rest_route=%2Fwp%2Fv2%2Fmedia&parent=25419"}],"wp:term":[{"taxonomy":"category","embeddable":true,"href":"https:\/\/minutobahia24h.com.br\/index.php?rest_route=%2Fwp%2Fv2%2Fcategories&post=25419"},{"taxonomy":"post_tag","embeddable":true,"href":"https:\/\/minutobahia24h.com.br\/index.php?rest_route=%2Fwp%2Fv2%2Ftags&post=25419"}],"curies":[{"name":"wp","href":"https:\/\/api.w.org\/{rel}","templated":true}]}}