{"id":25404,"date":"2025-03-05T14:20:08","date_gmt":"2025-03-05T17:20:08","guid":{"rendered":"https:\/\/minutobahia24h.com.br\/?p=25404"},"modified":"2025-03-05T14:20:09","modified_gmt":"2025-03-05T17:20:09","slug":"vereadora-aurora-se-destaca-na-camara-de-itiuba-com-postura-critica-e-fiscalizacao-ativa","status":"publish","type":"post","link":"https:\/\/minutobahia24h.com.br\/?p=25404","title":{"rendered":"Vereadora Aurora se destaca na C\u00e2mara de Iti\u00faba com postura cr\u00edtica e fiscaliza\u00e7\u00e3o ativa"},"content":{"rendered":"<div class=\"wp-block-image\">\n<figure class=\"alignleft size-full is-resized\"><img data-recalc-dims=\"1\" decoding=\"async\" width=\"163\" height=\"223\" src=\"https:\/\/i0.wp.com\/minutobahia24h.com.br\/wp-content\/uploads\/2025\/03\/Sem-titulo-38.jpg?resize=163%2C223&#038;ssl=1\" alt=\"\" class=\"wp-image-25405\" style=\"width:230px;height:auto\"\/><\/figure>\n<\/div>\n\n\n<p>Eleita pela primeira vez para ocupar uma das cadeiras da C\u00e2mara Municipal de Iti\u00faba, a vereadora Aurora tem se destacado rapidamente entre os parlamentares, inclusive entre os veteranos. Mesmo fazendo parte da base do prefeito Z\u00e9 do R\u00e1dio, a parlamentar tem demonstrado uma postura independente, cobrando e alertando a gest\u00e3o sobre pontos que, segundo ela, precisam de aten\u00e7\u00e3o.<\/p>\n\n\n\n<p>Aurora, conhecida por sua atua\u00e7\u00e3o vigilante, n\u00e3o se limita a ser uma simples apoiadora da administra\u00e7\u00e3o municipal. Em um dos seus primeiros pronunciamentos, a vereadora fez duras cobran\u00e7as ao prefeito Z\u00e9 do R\u00e1dio, especialmente em rela\u00e7\u00e3o ao atendimento nos postos de sa\u00fade. Com diversas reclama\u00e7\u00f5es por parte da popula\u00e7\u00e3o, a vereadora pediu a amplia\u00e7\u00e3o e reforma das unidades, visando proporcionar melhores condi\u00e7\u00f5es tanto para os profissionais da sa\u00fade quanto para os pacientes.<\/p>\n\n\n\n<p>\u201cPrecisamos garantir um atendimento de qualidade para a nossa popula\u00e7\u00e3o. Os postos de sa\u00fade precisam de infraestrutura adequada para que o profissional de sa\u00fade tenha as condi\u00e7\u00f5es necess\u00e1rias para trabalhar, e, mais importante, o paciente tamb\u00e9m tenha um atendimento digno\u201d, afirmou Aurora durante sua fala.<\/p>\n\n\n\n<p>Al\u00e9m disso, a vereadora tem se mostrado atenta aos problemas de infraestrutura no munic\u00edpio. Em um outro pronunciamento, Aurora alertou o prefeito sobre o comportamento de alguns vereadores, e sem citar nomes, apontou um erro recorrente na gest\u00e3o das m\u00e1quinas da prefeitura. Segundo ela, h\u00e1 vereadores que estariam desrespeitando as ordens do gestor, desviando as m\u00e1quinas para regi\u00f5es que n\u00e3o estavam previstas na programa\u00e7\u00e3o.<\/p>\n\n\n\n<p>\u201cA programa\u00e7\u00e3o da prefeitura \u00e9 clara: as m\u00e1quinas devem ir para uma determinada regi\u00e3o, mas alguns vereadores est\u00e3o desviando o caminho e utilizando a m\u00e1quina para outras \u00e1reas. Isso prejudica a popula\u00e7\u00e3o e \u00e9 por isso que a situa\u00e7\u00e3o das estradas vicinais continua ruim\u201d, disse Aurora, destacando que o chefe da Casa de M\u00e1quinas tamb\u00e9m n\u00e3o estaria cumprindo as orienta\u00e7\u00f5es do prefeito.<\/p>\n\n\n\n<p>A vereadora refor\u00e7ou a import\u00e2ncia de uma gest\u00e3o alinhada e a necessidade de maior fiscaliza\u00e7\u00e3o sobre o uso das maquinas, a fim de garantir que a popula\u00e7\u00e3o receba os servi\u00e7os a que tem direito.<\/p>\n\n\n\n<p><em><strong>Por Ivan Silva\/ivanspivanoticia<\/strong><\/em><\/p>\n","protected":false},"excerpt":{"rendered":"<p>Eleita pela primeira vez para ocupar uma das cadeiras da C\u00e2mara Municipal de Iti\u00faba, a vereadora Aurora tem se destacado rapidamente entre os parlamentares, inclusive entre os veteranos. Mesmo fazendo parte da base do prefeito Z\u00e9 do R\u00e1dio, a parlamentar tem demonstrado uma postura independente, cobrando e alertando a gest\u00e3o sobre pontos que, segundo ela, [&hellip;]<\/p>\n","protected":false},"author":2,"featured_media":25405,"comment_status":"open","ping_status":"open","sticky":false,"template":"","format":"standard","meta":{"_jetpack_memberships_contains_paid_content":false,"footnotes":""},"categories":[3],"tags":[],"class_list":["post-25404","post","type-post","status-publish","format-standard","has-post-thumbnail","hentry","category-regional"],"aioseo_notices":[],"jetpack_featured_media_url":"https:\/\/i0.wp.com\/minutobahia24h.com.br\/wp-content\/uploads\/2025\/03\/Sem-titulo-38.jpg?fit=163%2C223&ssl=1","jetpack_sharing_enabled":true,"_links":{"self":[{"href":"https:\/\/minutobahia24h.com.br\/index.php?rest_route=\/wp\/v2\/posts\/25404","targetHints":{"allow":["GET"]}}],"collection":[{"href":"https:\/\/minutobahia24h.com.br\/index.php?rest_route=\/wp\/v2\/posts"}],"about":[{"href":"https:\/\/minutobahia24h.com.br\/index.php?rest_route=\/wp\/v2\/types\/post"}],"author":[{"embeddable":true,"href":"https:\/\/minutobahia24h.com.br\/index.php?rest_route=\/wp\/v2\/users\/2"}],"replies":[{"embeddable":true,"href":"https:\/\/minutobahia24h.com.br\/index.php?rest_route=%2Fwp%2Fv2%2Fcomments&post=25404"}],"version-history":[{"count":1,"href":"https:\/\/minutobahia24h.com.br\/index.php?rest_route=\/wp\/v2\/posts\/25404\/revisions"}],"predecessor-version":[{"id":25406,"href":"https:\/\/minutobahia24h.com.br\/index.php?rest_route=\/wp\/v2\/posts\/25404\/revisions\/25406"}],"wp:featuredmedia":[{"embeddable":true,"href":"https:\/\/minutobahia24h.com.br\/index.php?rest_route=\/wp\/v2\/media\/25405"}],"wp:attachment":[{"href":"https:\/\/minutobahia24h.com.br\/index.php?rest_route=%2Fwp%2Fv2%2Fmedia&parent=25404"}],"wp:term":[{"taxonomy":"category","embeddable":true,"href":"https:\/\/minutobahia24h.com.br\/index.php?rest_route=%2Fwp%2Fv2%2Fcategories&post=25404"},{"taxonomy":"post_tag","embeddable":true,"href":"https:\/\/minutobahia24h.com.br\/index.php?rest_route=%2Fwp%2Fv2%2Ftags&post=25404"}],"curies":[{"name":"wp","href":"https:\/\/api.w.org\/{rel}","templated":true}]}}