{"id":25356,"date":"2025-03-05T06:54:07","date_gmt":"2025-03-05T09:54:07","guid":{"rendered":"https:\/\/minutobahia24h.com.br\/?p=25356"},"modified":"2025-03-05T06:54:08","modified_gmt":"2025-03-05T09:54:08","slug":"produtores-dizem-que-precos-de-alimentos-devem-cair-com-colheita-da-safra","status":"publish","type":"post","link":"https:\/\/minutobahia24h.com.br\/?p=25356","title":{"rendered":"Produtores dizem que pre\u00e7os de alimentos devem cair com colheita da safra"},"content":{"rendered":"<div class=\"wp-block-image\">\n<figure class=\"aligncenter size-full\"><img data-recalc-dims=\"1\" fetchpriority=\"high\" decoding=\"async\" width=\"695\" height=\"521\" src=\"https:\/\/i0.wp.com\/minutobahia24h.com.br\/wp-content\/uploads\/2025\/03\/Sem-titulo-26.jpg?resize=695%2C521&#038;ssl=1\" alt=\"\" class=\"wp-image-25357\" srcset=\"https:\/\/i0.wp.com\/minutobahia24h.com.br\/wp-content\/uploads\/2025\/03\/Sem-titulo-26.jpg?w=695&amp;ssl=1 695w, https:\/\/i0.wp.com\/minutobahia24h.com.br\/wp-content\/uploads\/2025\/03\/Sem-titulo-26.jpg?resize=300%2C225&amp;ssl=1 300w\" sizes=\"(max-width: 695px) 100vw, 695px\" \/><figcaption class=\"wp-element-caption\">(Foto: Reprodu\u00e7\u00e3o)<br><\/figcaption><\/figure>\n<\/div>\n\n\n<p>Em reuni\u00f5es realizadas na semana passada com representantes do setor privado, para discutir formas de reduzir os valores cobrados pelos alimentos e, com isso, evitar novas altas na infla\u00e7\u00e3o, o governo ouviu um cen\u00e1rio mais otimista: com a colheita da safra de gr\u00e3os, a tend\u00eancia \u00e9 de queda nos pre\u00e7os. No caso da carne bovina, a cota\u00e7\u00e3o do produto, que havia ficado 15% mais barato em fevereiro, ante dezembro, pode ter uma nova queda de 10%. Foi o que informaram representantes dos produtores que estiveram reunidos com os ministros da Agricultura e do Desenvolvimento Agr\u00e1rio, Carlos F\u00e1varo e Paulo Teixeira, na quinta-feira passada.<\/p>\n\n\n\n<p>Usados como ra\u00e7\u00e3o para animais, o aumento da produ\u00e7\u00e3o de milho e soja far\u00e1 com que as carnes em geral, incluindo su\u00edna e de frango, ficar\u00e3o mais baratas, segundo relatos feitos ao \u2018Globo\u2019 sobre as reuni\u00f5es. Mat\u00e9ria-prima para o \u00f3leo de cozinha, a amplia\u00e7\u00e3o da oferta de soja vai se refletir no pre\u00e7o do produto nas g\u00f4ndolas dos supermercados, espera o governo.<\/p>\n\n\n\n<p>A alta da infla\u00e7\u00e3o preocupa o governo. O pre\u00e7o dos alimentos mais alto \u00e9 apontado como uma das causas da queda de aprova\u00e7\u00e3o do governo do presidente Luiz In\u00e1cio Lula da Silva. Segundo estimativa da Companhia Nacional de Abastecimento (Conab), este ano a safra de gr\u00e3os, que j\u00e1 come\u00e7ou a ser colhida, ser\u00e1 recorde, com um volume de 325,7 milh\u00f5es de toneladas. A ideia \u00e9 que a estatal pudesse intervir no mercado, para evitar o desabastecimento e alta de pre\u00e7os, mas quase n\u00e3o h\u00e1 estoques reguladores dispon\u00edveis.<\/p>\n\n\n\n<p>Entre as medidas para for\u00e7ar a queda de pre\u00e7os no mercado interno, uma delas \u00e9 a redu\u00e7\u00e3o das tarifas de importa\u00e7\u00e3o de produtos como milho e etanol. Mas, se as altas pararem, os estudos ser\u00e3o suspensos.<\/p>\n\n\n\n<p><strong>Infla\u00e7\u00e3o<\/strong><\/p>\n\n\n\n<p>A pr\u00e9via da infla\u00e7\u00e3o, medida pelo \u00cdndice Nacional de Pre\u00e7os ao Consumidor Amplo 15 (IPCA-15), mostra que a infla\u00e7\u00e3o de alimentos teve um recuo na primeira quinzena de fevereiro. Entre as quedas registradas, est\u00e3o a batata-inglesa (8,17%), o arroz (1,49%) e as frutas (1,18%). Apesar desse cen\u00e1rio, o governo decidiu \u201cn\u00e3o baixar a guarda\u201d, conforme um ministro de Estado.<\/p>\n\n\n\n<p>Um novo encontro entre governo e setor privado, desta vez ligado ao varejo, deve acontecer nesta quinta-feira (6). A expectativa \u00e9 que a reuni\u00e3o \u2014 anteriormente prevista para acontecer com a presen\u00e7a de Lula \u2014 seja comandada pelo vice-presidente e ministro do Desenvolvimento, Ind\u00fastria, Com\u00e9rcio e Servi\u00e7os, Geraldo Alckmin. Estar\u00e3o presentes representantes dos setores de etanol, soja, milho e carnes.<\/p>\n\n\n\n<p>No caso do etanol, conforme publicou \u2018O Globo\u2019 no \u00faltimo s\u00e1bado (1), a queda da tarifa pode ser usada em uma negocia\u00e7\u00e3o com os Estados Unidos. O presidente americano, Donald Trump, anunciou uma tarifa adicional de 25% \u00e0s importa\u00e7\u00f5es de a\u00e7o e alum\u00ednio e amea\u00e7ou subir as al\u00edquotas de produtos que t\u00eam imposto maior do que o cobrado pelo governo americano. Um deles \u00e9 o etanol, tributado em 18% quando chega ao Brasil e em apenas 2,5% se for exportado para os EUA. <\/p>\n\n\n\n<p>(Fonte: Ag\u00eancia O Globo)<\/p>\n","protected":false},"excerpt":{"rendered":"<p>Em reuni\u00f5es realizadas na semana passada com representantes do setor privado, para discutir formas de reduzir os valores cobrados pelos alimentos e, com isso, evitar novas altas na infla\u00e7\u00e3o, o governo ouviu um cen\u00e1rio mais otimista: com a colheita da safra de gr\u00e3os, a tend\u00eancia \u00e9 de queda nos pre\u00e7os. No caso da carne bovina, [&hellip;]<\/p>\n","protected":false},"author":2,"featured_media":25357,"comment_status":"open","ping_status":"open","sticky":false,"template":"","format":"standard","meta":{"_jetpack_memberships_contains_paid_content":false,"footnotes":""},"categories":[19],"tags":[],"class_list":["post-25356","post","type-post","status-publish","format-standard","has-post-thumbnail","hentry","category-economia"],"aioseo_notices":[],"jetpack_featured_media_url":"https:\/\/i0.wp.com\/minutobahia24h.com.br\/wp-content\/uploads\/2025\/03\/Sem-titulo-26.jpg?fit=695%2C521&ssl=1","jetpack_sharing_enabled":true,"_links":{"self":[{"href":"https:\/\/minutobahia24h.com.br\/index.php?rest_route=\/wp\/v2\/posts\/25356","targetHints":{"allow":["GET"]}}],"collection":[{"href":"https:\/\/minutobahia24h.com.br\/index.php?rest_route=\/wp\/v2\/posts"}],"about":[{"href":"https:\/\/minutobahia24h.com.br\/index.php?rest_route=\/wp\/v2\/types\/post"}],"author":[{"embeddable":true,"href":"https:\/\/minutobahia24h.com.br\/index.php?rest_route=\/wp\/v2\/users\/2"}],"replies":[{"embeddable":true,"href":"https:\/\/minutobahia24h.com.br\/index.php?rest_route=%2Fwp%2Fv2%2Fcomments&post=25356"}],"version-history":[{"count":1,"href":"https:\/\/minutobahia24h.com.br\/index.php?rest_route=\/wp\/v2\/posts\/25356\/revisions"}],"predecessor-version":[{"id":25358,"href":"https:\/\/minutobahia24h.com.br\/index.php?rest_route=\/wp\/v2\/posts\/25356\/revisions\/25358"}],"wp:featuredmedia":[{"embeddable":true,"href":"https:\/\/minutobahia24h.com.br\/index.php?rest_route=\/wp\/v2\/media\/25357"}],"wp:attachment":[{"href":"https:\/\/minutobahia24h.com.br\/index.php?rest_route=%2Fwp%2Fv2%2Fmedia&parent=25356"}],"wp:term":[{"taxonomy":"category","embeddable":true,"href":"https:\/\/minutobahia24h.com.br\/index.php?rest_route=%2Fwp%2Fv2%2Fcategories&post=25356"},{"taxonomy":"post_tag","embeddable":true,"href":"https:\/\/minutobahia24h.com.br\/index.php?rest_route=%2Fwp%2Fv2%2Ftags&post=25356"}],"curies":[{"name":"wp","href":"https:\/\/api.w.org\/{rel}","templated":true}]}}