{"id":25228,"date":"2025-02-28T07:42:27","date_gmt":"2025-02-28T10:42:27","guid":{"rendered":"https:\/\/minutobahia24h.com.br\/?p=25228"},"modified":"2025-02-28T07:42:28","modified_gmt":"2025-02-28T10:42:28","slug":"tarifas-de-trump-veja-quais-ele-ja-aplicou-e-o-que-ainda-vem-por-ai-contra-paises-rivais-e-aliados","status":"publish","type":"post","link":"https:\/\/minutobahia24h.com.br\/?p=25228","title":{"rendered":"Tarifas de Trump: veja quais ele j\u00e1 aplicou e o que ainda vem por a\u00ed contra pa\u00edses rivais e aliados"},"content":{"rendered":"<div class=\"wp-block-image\">\n<figure class=\"aligncenter size-full\"><img data-recalc-dims=\"1\" fetchpriority=\"high\" decoding=\"async\" width=\"800\" height=\"533\" src=\"https:\/\/i0.wp.com\/minutobahia24h.com.br\/wp-content\/uploads\/2025\/02\/Sem-titulo-462.jpg?resize=800%2C533&#038;ssl=1\" alt=\"\" class=\"wp-image-25229\" srcset=\"https:\/\/i0.wp.com\/minutobahia24h.com.br\/wp-content\/uploads\/2025\/02\/Sem-titulo-462.jpg?w=888&amp;ssl=1 888w, https:\/\/i0.wp.com\/minutobahia24h.com.br\/wp-content\/uploads\/2025\/02\/Sem-titulo-462.jpg?resize=300%2C200&amp;ssl=1 300w, https:\/\/i0.wp.com\/minutobahia24h.com.br\/wp-content\/uploads\/2025\/02\/Sem-titulo-462.jpg?resize=768%2C512&amp;ssl=1 768w, https:\/\/i0.wp.com\/minutobahia24h.com.br\/wp-content\/uploads\/2025\/02\/Sem-titulo-462.jpg?resize=750%2C500&amp;ssl=1 750w\" sizes=\"(max-width: 800px) 100vw, 800px\" \/><figcaption class=\"wp-element-caption\">O presidente dos EUA, Donald Trump, no Sal\u00e3o Oval da Casa Branca \u2014 Foto: AFP<br><\/figcaption><\/figure>\n<\/div>\n\n\n<p>Desde sua posse, a onda de tarifas comerciais prometidas por&nbsp;<a class=\"\" href=\"https:\/\/oglobo.globo.com\/tudo-sobre\/politico\/donald-trump\/\">Donald Trump<\/a>&nbsp;contra pa\u00edses aliados e inimigos dos&nbsp;<a class=\"\" href=\"https:\/\/oglobo.globo.com\/tudo-sobre\/pais\/estados-unidos\">Estados Unidos<\/a>&nbsp;n\u00e3o parou de crescer. Algumas j\u00e1 est\u00e3o em vigor, outras ainda est\u00e3o na fase de amea\u00e7a, mais ou menos iminente.<\/p>\n\n\n\n<p>Veja a seguir um resumo dos planos de Trump em rela\u00e7\u00e3o \u00e0s tarifas aduaneiras \u2014 uma forma que os governos usam para tornar produtos importados menos competitivos internamente\u2014, com datas prometidas de entrada em vigor e pa\u00edses no alvo. Mas \u00e9 bom lembrar que esses planos do presidente americano que mudam quase diariamente em sua ret\u00f3rica.<\/p>\n\n\n\n<h2 class=\"wp-block-heading\">4 de fevereiro: China<\/h2>\n\n\n\n<figure class=\"wp-block-image\"><img data-recalc-dims=\"1\" decoding=\"async\" src=\"https:\/\/i0.wp.com\/s2-oglobo.glbimg.com\/oQvqhmGGvCmL5iHu1BCXUydgC34%3D\/0x0%3A3998x2667\/984x0\/smart\/filters%3Astrip_icc%28%29\/i.s3.glbimg.com\/v1\/AUTH_da025474c0c44edd99332dddb09cabe8\/internal_photos\/bs\/2022\/1\/8\/rsrlMYRuyMWWZ3BqpUmw\/392580814.jpg?w=800&#038;ssl=1\" alt=\"P\u00e1tio de porto na China \u2014 Foto: Bloomberg\"\/><figcaption class=\"wp-element-caption\">P\u00e1tio de porto na China \u2014 Foto: Bloomberg<\/figcaption><\/figure>\n\n\n\n<p>Menos de duas semanas ap\u00f3s sua posse, Donald Trump anunciou, em 1\u00ba de fevereiro, que imporia tarifas de 25% sobre produtos do&nbsp;<a class=\"\" href=\"https:\/\/oglobo.globo.com\/tudo-sobre\/pais\/canada\">Canad\u00e1<\/a>&nbsp;e do&nbsp;<a class=\"\" href=\"https:\/\/oglobo.globo.com\/tudo-sobre\/pais\/mexico\">M\u00e9xico<\/a>&nbsp;e um adicional de 10% sobre todos os bens chineses, a partir de 4 de fevereiro. Os tr\u00eas pa\u00edses prometeram retaliar imediatamente.<\/p>\n\n\n\n<p>Washington prev\u00ea uma taxa\u00e7\u00e3o menor sobre o setor energ\u00e9tico do Canad\u00e1, de 10%, devido \u00e0 sua import\u00e2ncia para as importa\u00e7\u00f5es americanas.<\/p>\n\n\n\n<p>Canad\u00e1 e M\u00e9xico conseguiram um adiamento de 30 dias na \u00faltima hora. A China n\u00e3o obteve o mesmo benef\u00edcio. O gigante asi\u00e1tico anunciou, em repres\u00e1lia, novas barreiras aduaneiras a produtos dos Estados Unidos.<\/p>\n\n\n\n<p>O adiamento obtido por mexicanos e canadenses expira em 4 de mar\u00e7o, e Donald Trump afirmou na quinta-feira que as tarifas entrar\u00e3o em vigor conforme o cronograma previsto.<\/p>\n\n\n\n<p>Ele tamb\u00e9m anunciou que os Estados Unidos aumentar\u00e3o ainda mais as tarifas sobre produtos chineses, em 10%, nessa mesma data.<\/p>\n\n\n\n<p>O presidente acusa os tr\u00eas pa\u00edses de permitirem a entrada de fentanil nos Estados Unidos: seus vizinhos, por n\u00e3o garantirem a seguran\u00e7a da fronteira de forma suficiente, segundo ele.<\/p>\n\n\n\n<p>No caso da China, a tarifa se deve, de acordo com Trump, ao fato de ser o pa\u00eds de onde saem as subst\u00e2ncias qu\u00edmicas usadas na fabrica\u00e7\u00e3o desse opioide sint\u00e9tico que causa estragos em solo americano. No entanto, a China \u00e9 vista como a principal rival dos EUA economica e geopoliticamente, de acordo com o ide\u00e1rio de Trump.<\/p>\n\n\n\n<h2 class=\"wp-block-heading\">12 de mar\u00e7o: a\u00e7o e alum\u00ednio<\/h2>\n\n\n\n<figure class=\"wp-block-image\"><img data-recalc-dims=\"1\" decoding=\"async\" src=\"https:\/\/i0.wp.com\/s2-oglobo.glbimg.com\/XtYu9v0qmzY3Vj2HK5jCz62IsNI%3D\/0x0%3A640x427\/984x0\/smart\/filters%3Astrip_icc%28%29\/i.s3.glbimg.com\/v1\/AUTH_da025474c0c44edd99332dddb09cabe8\/internal_photos\/bs\/2025\/B\/b\/TOJsgATUugSuzDvqRvxA\/steel-2597704-640.jpg?w=800&#038;ssl=1\" alt=\"Governo brasileiro adota tom cauteloso ap\u00f3s eleva\u00e7\u00e3o de tarifa de Donald Trump para a\u00e7o e alum\u00ednio \u2014 Foto: Pixabay\"\/><figcaption class=\"wp-element-caption\">Governo brasileiro adota tom cauteloso ap\u00f3s eleva\u00e7\u00e3o de tarifa de Donald Trump para a\u00e7o e alum\u00ednio \u2014 Foto: Pixabay<\/figcaption><\/figure>\n\n\n\n<p>Em fevereiro, Donald Trump assinou decretos para impor tarifas de 25% sobre a\u00e7o e alum\u00ednio que entrarem nos Estados Unidos a partir de 12 de mar\u00e7o.<\/p>\n\n\n\n<p>Ele alega querer proteger as ind\u00fastrias nacionais, pois acredita que foram prejudicadas &#8220;pelas pr\u00e1ticas comerciais desleais e pelo excesso de produ\u00e7\u00e3o global&#8221;.<\/p>\n\n\n\n<p>Essa medida tem o maior potencial contra o Brasil at\u00e9 agora, j\u00e1 que o pa\u00eds \u00e9 o segundo exportador de a\u00e7o para os EUA.<\/p>\n\n\n\n<h2 class=\"wp-block-heading\">2 de abril: &#8216;tarifas rec\u00edprocas&#8217; e novos alvos<\/h2>\n\n\n\n<figure class=\"wp-block-image\"><img data-recalc-dims=\"1\" decoding=\"async\" src=\"https:\/\/i0.wp.com\/s2-oglobo.glbimg.com\/pnHgQE14gjBBXROujdRQ2JlxgTU%3D\/0x0%3A6044x4029\/984x0\/smart\/filters%3Astrip_icc%28%29\/i.s3.glbimg.com\/v1\/AUTH_da025474c0c44edd99332dddb09cabe8\/internal_photos\/bs\/2025\/W\/I\/WwDDseSx6WnlHQYrgO4Q\/110181417-us-president-donald-trump-holds-a-bilateral-meeting-with-british-prime-minister-keir-starm.jpg?w=800&#038;ssl=1\" alt=\"Presidente dos EUA, Donald Trump (D), ao lado do premier brit\u00e2nico, Keir Starmer, na Casa Branca \u2014 Foto: Carl Court \/ AFP\"\/><figcaption class=\"wp-element-caption\">Presidente dos EUA, Donald Trump (D), ao lado do premier brit\u00e2nico, Keir Starmer, na Casa Branca \u2014 Foto: Carl Court \/ AFP<\/figcaption><\/figure>\n\n\n\n<p>O presidente americano afirmou na quinta-feira que mant\u00e9m a inten\u00e7\u00e3o de impor tarifas &#8220;rec\u00edprocas&#8221; aos parceiros comerciais dos Estados Unidos a partir de 2 de abril.<\/p>\n\n\n\n<p>Para ele, isso significa reduzir as disparidades: se um produto americano for taxado em 40% ao entrar em um pa\u00eds, Washington impor\u00e1 o mesmo n\u00edvel de tarifas na dire\u00e7\u00e3o oposta.<\/p>\n\n\n\n<p>Al\u00e9m dos impostos de importa\u00e7\u00e3o, Donald Trump tamb\u00e9m mira barreiras n\u00e3o tarif\u00e1rias, como regulamentos que penalizam produtos americanos ou o imposto sobre valor agregado (IVA) dos europeus, um tributo sobre as compras dos consumidores (independentemente do local de produ\u00e7\u00e3o), geralmente mais alto do que nos Estados Unidos.<\/p>\n\n\n\n<p>Ele tamb\u00e9m amea\u00e7a impor tarifas sobre autom\u00f3veis, produtos farmac\u00eauticos e madeira para constru\u00e7\u00e3o.<\/p>\n\n\n\n<p>Na \u00faltima quarta-feira, Trump amea\u00e7ou impor tarifas de 25% sobre produtos da Uni\u00e3o Europeia (UE), sem especificar uma data. Ontem,&nbsp;<a class=\"\" href=\"https:\/\/oglobo.globo.com\/economia\/noticia\/2025\/02\/27\/eua-e-reino-unido-negociam-acordo-comercial-muito-bom-diz-trump-ao-lado-do-premie-britanico.ghtml\">ele se encontrou com o primeiro-ministro do Reino Unido, Keir Starmer,<\/a>&nbsp;e afirmou que os dois pa\u00edses est\u00e3o assinando um acordo comercial &#8220;muito bom&#8221;.<\/p>\n","protected":false},"excerpt":{"rendered":"<p>Desde sua posse, a onda de tarifas comerciais prometidas por&nbsp;Donald Trump&nbsp;contra pa\u00edses aliados e inimigos dos&nbsp;Estados Unidos&nbsp;n\u00e3o parou de crescer. Algumas j\u00e1 est\u00e3o em vigor, outras ainda est\u00e3o na fase de amea\u00e7a, mais ou menos iminente. Veja a seguir um resumo dos planos de Trump em rela\u00e7\u00e3o \u00e0s tarifas aduaneiras \u2014 uma forma que os [&hellip;]<\/p>\n","protected":false},"author":2,"featured_media":25229,"comment_status":"open","ping_status":"open","sticky":false,"template":"","format":"standard","meta":{"_jetpack_memberships_contains_paid_content":false,"footnotes":""},"categories":[19],"tags":[],"class_list":["post-25228","post","type-post","status-publish","format-standard","has-post-thumbnail","hentry","category-economia"],"aioseo_notices":[],"jetpack_featured_media_url":"https:\/\/i0.wp.com\/minutobahia24h.com.br\/wp-content\/uploads\/2025\/02\/Sem-titulo-462.jpg?fit=888%2C592&ssl=1","jetpack_sharing_enabled":true,"_links":{"self":[{"href":"https:\/\/minutobahia24h.com.br\/index.php?rest_route=\/wp\/v2\/posts\/25228","targetHints":{"allow":["GET"]}}],"collection":[{"href":"https:\/\/minutobahia24h.com.br\/index.php?rest_route=\/wp\/v2\/posts"}],"about":[{"href":"https:\/\/minutobahia24h.com.br\/index.php?rest_route=\/wp\/v2\/types\/post"}],"author":[{"embeddable":true,"href":"https:\/\/minutobahia24h.com.br\/index.php?rest_route=\/wp\/v2\/users\/2"}],"replies":[{"embeddable":true,"href":"https:\/\/minutobahia24h.com.br\/index.php?rest_route=%2Fwp%2Fv2%2Fcomments&post=25228"}],"version-history":[{"count":1,"href":"https:\/\/minutobahia24h.com.br\/index.php?rest_route=\/wp\/v2\/posts\/25228\/revisions"}],"predecessor-version":[{"id":25230,"href":"https:\/\/minutobahia24h.com.br\/index.php?rest_route=\/wp\/v2\/posts\/25228\/revisions\/25230"}],"wp:featuredmedia":[{"embeddable":true,"href":"https:\/\/minutobahia24h.com.br\/index.php?rest_route=\/wp\/v2\/media\/25229"}],"wp:attachment":[{"href":"https:\/\/minutobahia24h.com.br\/index.php?rest_route=%2Fwp%2Fv2%2Fmedia&parent=25228"}],"wp:term":[{"taxonomy":"category","embeddable":true,"href":"https:\/\/minutobahia24h.com.br\/index.php?rest_route=%2Fwp%2Fv2%2Fcategories&post=25228"},{"taxonomy":"post_tag","embeddable":true,"href":"https:\/\/minutobahia24h.com.br\/index.php?rest_route=%2Fwp%2Fv2%2Ftags&post=25228"}],"curies":[{"name":"wp","href":"https:\/\/api.w.org\/{rel}","templated":true}]}}