{"id":25201,"date":"2025-02-28T06:58:15","date_gmt":"2025-02-28T09:58:15","guid":{"rendered":"https:\/\/minutobahia24h.com.br\/?p=25201"},"modified":"2025-02-28T06:58:17","modified_gmt":"2025-02-28T09:58:17","slug":"prefeitura-de-sento-se-anuncia-programacao-do-carnaval-2025","status":"publish","type":"post","link":"https:\/\/minutobahia24h.com.br\/?p=25201","title":{"rendered":"Prefeitura de Sento S\u00e9 anuncia programa\u00e7\u00e3o do Carnaval 2025"},"content":{"rendered":"<div class=\"wp-block-image\">\n<figure class=\"aligncenter size-full\"><img data-recalc-dims=\"1\" fetchpriority=\"high\" decoding=\"async\" width=\"700\" height=\"648\" src=\"https:\/\/i0.wp.com\/minutobahia24h.com.br\/wp-content\/uploads\/2025\/02\/Sem-titulo-453.jpg?resize=700%2C648&#038;ssl=1\" alt=\"\" class=\"wp-image-25202\" srcset=\"https:\/\/i0.wp.com\/minutobahia24h.com.br\/wp-content\/uploads\/2025\/02\/Sem-titulo-453.jpg?w=700&amp;ssl=1 700w, https:\/\/i0.wp.com\/minutobahia24h.com.br\/wp-content\/uploads\/2025\/02\/Sem-titulo-453.jpg?resize=300%2C278&amp;ssl=1 300w\" sizes=\"(max-width: 700px) 100vw, 700px\" \/><\/figure>\n<\/div>\n\n\n<p>A Prefeitura de Sento S\u00e9, por meio da Secretaria Municipal de Administra\u00e7\u00e3o e da Ger\u00eancia de Cultura, divulgou a programa\u00e7\u00e3o oficial do Carnaval 2025. Com uma grade composta por artistas locais e regionais, a festa promete movimentar a cidade e fortalecer a identidade musical da regi\u00e3o.<\/p>\n\n\n\n<p>A&nbsp;<a href=\"https:\/\/www.redegn.com.br\/ckfinder\/userfiles\/files\/Portaria%20Artistas%20credenciados.pdf\">lista de credenciados no Edital 02\/2025<\/a>, publicada no Di\u00e1rio Oficial do Munic\u00edpio desta quinta-feira (27), que voc\u00ea pode conferir clicando&nbsp;<a href=\"https:\/\/www.redegn.com.br\/ckfinder\/userfiles\/files\/Portaria%20Artistas%20credenciados(1).pdf\" target=\"_blank\" rel=\"noreferrer noopener\">AQUI,<\/a>&nbsp;traz nomes como Afr\u00e2nio Mello, Novo Esquema Baile, Xavier e Cantora Telma, Iti\u00faba Vaqueiro, Eliaz Ferraz, Charanga \u2013 Marchinha, Banda Sonhos e Desejos, Dally Ghetto, Pegada de Luxo, Robinho Vaqueiro, Banda Novo Design, entre outros, que ir\u00e3o animar os foli\u00f5es com um repert\u00f3rio variado, incluindo marchinhas, ax\u00e9, arrocha e forr\u00f3 el\u00e9trico.<\/p>\n\n\n\n<p>Cultura e valoriza\u00e7\u00e3o dos artistas locais<\/p>\n\n\n\n<p>A iniciativa visa incentivar os talentos da cidade e regi\u00e3o, al\u00e9m de fortalecer a cultura carnavalesca de Sento S\u00e9. &#8220;Este Carnaval ser\u00e1 especial, pois al\u00e9m da alegria e do entretenimento, estamos promovendo a valoriza\u00e7\u00e3o dos nossos artistas. O resgate das tradi\u00e7\u00f5es culturais locais torna a festa ainda mais significativa para a popula\u00e7\u00e3o&#8221;, destacou a gerente de Cultura, Meire L\u00facia Carvalho dos Santos.<\/p>\n\n\n\n<p>Organiza\u00e7\u00e3o<\/p>\n\n\n\n<p>Os artistas selecionados devem comparecer ao Setor de Licita\u00e7\u00e3o da Prefeitura no dia 28 de fevereiro, das 08h \u00e0s 12h e das 14h \u00e0s 17h, para assinatura do Termo de Contrato de Presta\u00e7\u00e3o de Servi\u00e7os.<\/p>\n\n\n\n<p>O Carnaval de Sento-S\u00e9 2025<\/p>\n\n\n\n<p>&nbsp;Acontece de 1\u00ba a 4 de mar\u00e7o, dividido em dois circuitos principais: o Circuito Lourdes Carvalho, localizado na Pra\u00e7a Central, e o Circuito Totonho de D\u00e1rio, na Beira Rio. Os homenageados da festa s\u00e3o personalidades conhecidas pela alegria e dedica\u00e7\u00e3o ao carnaval local. Lourdes Carvalho, carinhosamente chamada de &#8220;Lurdona&#8221;, era uma figura marcante no bloco Coroas Coloridas, trazendo anima\u00e7\u00e3o e samba \u00e0s ruas da cidade. J\u00e1 Totonho de D\u00e1rio ficou famoso por seu esp\u00edrito festivo, desfilando com sua carro\u00e7a colorida e mantendo viva a tradi\u00e7\u00e3o do entrudo em Sento S\u00e9.<\/p>\n\n\n\n<p><strong>Confira a Programa\u00e7\u00e3o:<\/strong><\/p>\n\n\n\n<p>CIRCUITO LOURDES CARVALHO &#8211; PRA\u00c7A CENTRAL<\/p>\n\n\n\n<p>01\/03 &#8211; S\u00c1BADO<\/p>\n\n\n\n<p>20H &#8211; CHARANGA &#8211; MARCHINHA<\/p>\n\n\n\n<p>21H &#8211; TAMARA BRITO<\/p>\n\n\n\n<p>23H &#8211; NOVO DESIGN<\/p>\n\n\n\n<p>O1H &#8211; DAN JAMAICA (O JUIZ)<\/p>\n\n\n\n<p>02\/03 &#8211; DOMINGO<\/p>\n\n\n\n<p>20H &#8211; PEDRO LUCAS<\/p>\n\n\n\n<p>22H &#8211; ROBINHO VAQUEIRO<\/p>\n\n\n\n<p>OOH &#8211; PAGODAN\u00c7A<\/p>\n\n\n\n<p>03\/03 &#8211; SEGUNDA-FEIRA<\/p>\n\n\n\n<p>20H &#8211; WARLEY 10<\/p>\n\n\n\n<p>22H &#8211; MARCELO FAUSTINO<\/p>\n\n\n\n<p>24H &#8211; TIAGUINHO CARVALHO<\/p>\n\n\n\n<p>04\/03 &#8211; TER\u00c7A-FEIRA<\/p>\n\n\n\n<p>20H &#8211; D\u00c1-LHE GUETO<\/p>\n\n\n\n<p>22H &#8211; XAVIER E TELMA<\/p>\n\n\n\n<p>24H &#8211; LUKASS CARVALHO<\/p>\n\n\n\n<p>02H &#8211; SAMUKA<\/p>\n\n\n\n<p>CIRCUITO TOTONHO DE D\u00c1RIO &#8211; BEIRA RIO<\/p>\n\n\n\n<p>02\/03 &#8211; DOMINGO<\/p>\n\n\n\n<p>13H &#8211; F\u00c1BIO ALEXANDRE<\/p>\n\n\n\n<p>15H &#8211; SAMBA DE MEZZA<\/p>\n\n\n\n<p>17H &#8211; LEILTON ALVES<\/p>\n\n\n\n<p>03\/03 &#8211; SEGUNDA-FEIRA<\/p>\n\n\n\n<p>13H &#8211; ITI\u00daBA<\/p>\n\n\n\n<p>15H &#8211; ELIAS FERRAZ<\/p>\n\n\n\n<p>17H &#8211; PEGADA DE LUXO<\/p>\n\n\n\n<p>04\/03 &#8211; TER\u00c7A-FEIRA<\/p>\n\n\n\n<p>13H &#8211; AFR\u00c2NIO MELLO<\/p>\n\n\n\n<p>15H &#8211; TOM BAHIA<\/p>\n\n\n\n<p>17H &#8211; NOVO ESQUEMA BAILE<\/p>\n\n\n\n<p>Gardennia Garibalde &#8211; Ascom PMSSE<\/p>\n","protected":false},"excerpt":{"rendered":"<p>A Prefeitura de Sento S\u00e9, por meio da Secretaria Municipal de Administra\u00e7\u00e3o e da Ger\u00eancia de Cultura, divulgou a programa\u00e7\u00e3o oficial do Carnaval 2025. Com uma grade composta por artistas locais e regionais, a festa promete movimentar a cidade e fortalecer a identidade musical da regi\u00e3o. A&nbsp;lista de credenciados no Edital 02\/2025, publicada no Di\u00e1rio [&hellip;]<\/p>\n","protected":false},"author":2,"featured_media":25202,"comment_status":"open","ping_status":"open","sticky":false,"template":"","format":"standard","meta":{"_jetpack_memberships_contains_paid_content":false,"footnotes":""},"categories":[3],"tags":[],"class_list":["post-25201","post","type-post","status-publish","format-standard","has-post-thumbnail","hentry","category-regional"],"aioseo_notices":[],"jetpack_featured_media_url":"https:\/\/i0.wp.com\/minutobahia24h.com.br\/wp-content\/uploads\/2025\/02\/Sem-titulo-453.jpg?fit=700%2C648&ssl=1","jetpack_sharing_enabled":true,"_links":{"self":[{"href":"https:\/\/minutobahia24h.com.br\/index.php?rest_route=\/wp\/v2\/posts\/25201","targetHints":{"allow":["GET"]}}],"collection":[{"href":"https:\/\/minutobahia24h.com.br\/index.php?rest_route=\/wp\/v2\/posts"}],"about":[{"href":"https:\/\/minutobahia24h.com.br\/index.php?rest_route=\/wp\/v2\/types\/post"}],"author":[{"embeddable":true,"href":"https:\/\/minutobahia24h.com.br\/index.php?rest_route=\/wp\/v2\/users\/2"}],"replies":[{"embeddable":true,"href":"https:\/\/minutobahia24h.com.br\/index.php?rest_route=%2Fwp%2Fv2%2Fcomments&post=25201"}],"version-history":[{"count":1,"href":"https:\/\/minutobahia24h.com.br\/index.php?rest_route=\/wp\/v2\/posts\/25201\/revisions"}],"predecessor-version":[{"id":25203,"href":"https:\/\/minutobahia24h.com.br\/index.php?rest_route=\/wp\/v2\/posts\/25201\/revisions\/25203"}],"wp:featuredmedia":[{"embeddable":true,"href":"https:\/\/minutobahia24h.com.br\/index.php?rest_route=\/wp\/v2\/media\/25202"}],"wp:attachment":[{"href":"https:\/\/minutobahia24h.com.br\/index.php?rest_route=%2Fwp%2Fv2%2Fmedia&parent=25201"}],"wp:term":[{"taxonomy":"category","embeddable":true,"href":"https:\/\/minutobahia24h.com.br\/index.php?rest_route=%2Fwp%2Fv2%2Fcategories&post=25201"},{"taxonomy":"post_tag","embeddable":true,"href":"https:\/\/minutobahia24h.com.br\/index.php?rest_route=%2Fwp%2Fv2%2Ftags&post=25201"}],"curies":[{"name":"wp","href":"https:\/\/api.w.org\/{rel}","templated":true}]}}