{"id":24954,"date":"2025-02-24T15:02:19","date_gmt":"2025-02-24T18:02:19","guid":{"rendered":"https:\/\/minutobahia24h.com.br\/?p=24954"},"modified":"2025-02-24T15:02:20","modified_gmt":"2025-02-24T18:02:20","slug":"adolescente-de-16-anos-e-assassinada-a-tiros-em-festa-paredao-no-extremo-sul-da-bahia","status":"publish","type":"post","link":"https:\/\/minutobahia24h.com.br\/?p=24954","title":{"rendered":"Adolescente de 16 anos \u00e9 assassinada a tiros em festa &#8216;pared\u00e3o&#8217; no extremo sul da Bahia"},"content":{"rendered":"<div class=\"wp-block-image\">\n<figure class=\"aligncenter size-full\"><img data-recalc-dims=\"1\" fetchpriority=\"high\" decoding=\"async\" width=\"638\" height=\"357\" src=\"https:\/\/i0.wp.com\/minutobahia24h.com.br\/wp-content\/uploads\/2025\/02\/Sem-titulo-387.jpg?resize=638%2C357&#038;ssl=1\" alt=\"\" class=\"wp-image-24955\" srcset=\"https:\/\/i0.wp.com\/minutobahia24h.com.br\/wp-content\/uploads\/2025\/02\/Sem-titulo-387.jpg?w=638&amp;ssl=1 638w, https:\/\/i0.wp.com\/minutobahia24h.com.br\/wp-content\/uploads\/2025\/02\/Sem-titulo-387.jpg?resize=300%2C168&amp;ssl=1 300w\" sizes=\"(max-width: 638px) 100vw, 638px\" \/><figcaption class=\"wp-element-caption\"><em>Segundo informa\u00e7\u00f5es preliminares, adolescente foi morta por tr\u00eas homens | Via 41<\/em><\/figcaption><\/figure>\n<\/div>\n\n\n<p>Uma adolescente de 16 anos, identificada como N\u00fabia Matos Pereira, foi morta a tiros durante uma festa tipo &#8220;pared\u00e3o&#8221; que acontecia em Eun\u00e1polis, no extremo sul da Bahia, na tarde de domingo (23).<\/p>\n\n\n\n<p>De acordo com informa\u00e7\u00f5es preliminares, a jovem, que estava no bairro Alecrim, foi surpreendida por tr\u00eas homens armados, que fugiram ap\u00f3s efetuarem os disparos.<\/p>\n\n\n\n<p>O caso est\u00e1 sendo investigado pela Delegacia Territorial (DT) de Eun\u00e1polis. N\u00e3o h\u00e1 informa\u00e7\u00f5es sobre a motiva\u00e7\u00e3o do crime.<\/p>\n\n\n\n<p>Fonte: BNews<\/p>\n","protected":false},"excerpt":{"rendered":"<p>Uma adolescente de 16 anos, identificada como N\u00fabia Matos Pereira, foi morta a tiros durante uma festa tipo &#8220;pared\u00e3o&#8221; que acontecia em Eun\u00e1polis, no extremo sul da Bahia, na tarde de domingo (23). De acordo com informa\u00e7\u00f5es preliminares, a jovem, que estava no bairro Alecrim, foi surpreendida por tr\u00eas homens armados, que fugiram ap\u00f3s efetuarem [&hellip;]<\/p>\n","protected":false},"author":2,"featured_media":24955,"comment_status":"open","ping_status":"open","sticky":false,"template":"","format":"standard","meta":{"_jetpack_memberships_contains_paid_content":false,"footnotes":""},"categories":[3],"tags":[],"class_list":["post-24954","post","type-post","status-publish","format-standard","has-post-thumbnail","hentry","category-regional"],"aioseo_notices":[],"jetpack_featured_media_url":"https:\/\/i0.wp.com\/minutobahia24h.com.br\/wp-content\/uploads\/2025\/02\/Sem-titulo-387.jpg?fit=638%2C357&ssl=1","jetpack_sharing_enabled":true,"_links":{"self":[{"href":"https:\/\/minutobahia24h.com.br\/index.php?rest_route=\/wp\/v2\/posts\/24954","targetHints":{"allow":["GET"]}}],"collection":[{"href":"https:\/\/minutobahia24h.com.br\/index.php?rest_route=\/wp\/v2\/posts"}],"about":[{"href":"https:\/\/minutobahia24h.com.br\/index.php?rest_route=\/wp\/v2\/types\/post"}],"author":[{"embeddable":true,"href":"https:\/\/minutobahia24h.com.br\/index.php?rest_route=\/wp\/v2\/users\/2"}],"replies":[{"embeddable":true,"href":"https:\/\/minutobahia24h.com.br\/index.php?rest_route=%2Fwp%2Fv2%2Fcomments&post=24954"}],"version-history":[{"count":1,"href":"https:\/\/minutobahia24h.com.br\/index.php?rest_route=\/wp\/v2\/posts\/24954\/revisions"}],"predecessor-version":[{"id":24956,"href":"https:\/\/minutobahia24h.com.br\/index.php?rest_route=\/wp\/v2\/posts\/24954\/revisions\/24956"}],"wp:featuredmedia":[{"embeddable":true,"href":"https:\/\/minutobahia24h.com.br\/index.php?rest_route=\/wp\/v2\/media\/24955"}],"wp:attachment":[{"href":"https:\/\/minutobahia24h.com.br\/index.php?rest_route=%2Fwp%2Fv2%2Fmedia&parent=24954"}],"wp:term":[{"taxonomy":"category","embeddable":true,"href":"https:\/\/minutobahia24h.com.br\/index.php?rest_route=%2Fwp%2Fv2%2Fcategories&post=24954"},{"taxonomy":"post_tag","embeddable":true,"href":"https:\/\/minutobahia24h.com.br\/index.php?rest_route=%2Fwp%2Fv2%2Ftags&post=24954"}],"curies":[{"name":"wp","href":"https:\/\/api.w.org\/{rel}","templated":true}]}}