{"id":24942,"date":"2025-02-24T14:54:46","date_gmt":"2025-02-24T17:54:46","guid":{"rendered":"https:\/\/minutobahia24h.com.br\/?p=24942"},"modified":"2025-02-24T14:54:48","modified_gmt":"2025-02-24T17:54:48","slug":"apos-ser-preso-em-flagrante-pela-policia-militar-por-desacato-homem-danifica-presidio-da-viatura-em-jaguarari-e-vai-parar-na-penitenciaria-de-juazeiro","status":"publish","type":"post","link":"https:\/\/minutobahia24h.com.br\/?p=24942","title":{"rendered":"Ap\u00f3s ser preso em flagrante pela Pol\u00edcia Militar por desacato, homem danifica pres\u00eddio da viatura em Jaguarari e vai parar na Penitenci\u00e1ria de Juazeiro"},"content":{"rendered":"<div class=\"wp-block-image\">\n<figure class=\"aligncenter size-full\"><img data-recalc-dims=\"1\" fetchpriority=\"high\" decoding=\"async\" width=\"640\" height=\"415\" src=\"https:\/\/i0.wp.com\/minutobahia24h.com.br\/wp-content\/uploads\/2025\/02\/Sem-titulo-383.jpg?resize=640%2C415&#038;ssl=1\" alt=\"\" class=\"wp-image-24943\" srcset=\"https:\/\/i0.wp.com\/minutobahia24h.com.br\/wp-content\/uploads\/2025\/02\/Sem-titulo-383.jpg?w=640&amp;ssl=1 640w, https:\/\/i0.wp.com\/minutobahia24h.com.br\/wp-content\/uploads\/2025\/02\/Sem-titulo-383.jpg?resize=300%2C195&amp;ssl=1 300w\" sizes=\"(max-width: 640px) 100vw, 640px\" \/><\/figure>\n<\/div>\n\n\n<p class=\"wp-block-paragraph\">Um homem de iniciais J.L.S, vulgo &#8220;Jaiminho&#8221;, 25 anos, foi preso por desacatar policiais militares e danificar a viatura na noite de domingo (23\/02), por volta das 19h30 na rua do A\u00e7ude, em Jaguarari. O homem tamb\u00e9m \u00e9 apontado como autor de v\u00e1rios furtos na cidade, tendo sido preso outras vezes.<\/p>\n\n\n\n<p class=\"wp-block-paragraph\">Segundo a Pol\u00edcia Militar, os agentes da 3\u00aa Cia do 6\u2070 Batalh\u00e3o foram at\u00e9 o endere\u00e7o ap\u00f3s receberem informa\u00e7\u00f5es que estava ocorrendo uma confus\u00e3o. Ao chegarem no local, para tentar conter a situa\u00e7\u00e3o, o suspeito que estava bastante exaltado depois de ter entrado em vias de fato com seus irm\u00e3os, come\u00e7ou a proferir palavras de baixo cal\u00e3o contra a guarni\u00e7\u00e3o, inclusive chamando-os de &#8220;macacos&#8221;.<\/p>\n\n\n\n<p class=\"wp-block-paragraph\">Ainda de acordo com informa\u00e7\u00f5es, os PMs deram voz de pris\u00e3o por desacato ao acusado, que continuava descontrolado dentro do pres\u00eddio da viatura, causando danos na grade de prote\u00e7\u00e3o, no amortecedor da grade e na dobradi\u00e7a.<\/p>\n\n\n\n<p class=\"wp-block-paragraph\">O acusado foi apresentado no Complexo Policial de Senhor do Bonfim, onde foi flagranteado por desacato e dano ao patrim\u00f4nio, em seguida foi encaminhado ao Conjunto Penal de Juazeiro.<\/p>\n\n\n\n<p class=\"wp-block-paragraph\"><strong><em>Portal Jaguarari&nbsp;<\/em><\/strong><\/p>\n","protected":false},"excerpt":{"rendered":"<p>Um homem de iniciais J.L.S, vulgo &#8220;Jaiminho&#8221;, 25 anos, foi preso por desacatar policiais militares e danificar a viatura na noite de domingo (23\/02), por volta das 19h30 na rua do A\u00e7ude, em Jaguarari. O homem tamb\u00e9m \u00e9 apontado como autor de v\u00e1rios furtos na cidade, tendo sido preso outras vezes. Segundo a Pol\u00edcia Militar, [&hellip;]<\/p>\n","protected":false},"author":2,"featured_media":24943,"comment_status":"open","ping_status":"open","sticky":false,"template":"","format":"standard","meta":{"_jetpack_newsletter_access":"","_jetpack_dont_email_post_to_subs":false,"_jetpack_newsletter_tier_id":0,"_jetpack_memberships_contains_paywalled_content":false,"_jetpack_feature_clip_id":0,"_jetpack_memberships_contains_paid_content":false,"footnotes":"","jetpack_post_was_ever_published":false},"categories":[3],"tags":[],"class_list":["post-24942","post","type-post","status-publish","format-standard","has-post-thumbnail","hentry","category-regional"],"aioseo_notices":[],"aioseo_head":"\n\t\t<!-- All in One SEO 5.0.1.1 - aioseo.com -->\n\t<meta name=\"description\" content=\"Um homem de iniciais J.L.S, vulgo &quot;Jaiminho&quot;, 25 anos, foi preso por desacatar policiais militares e danificar a viatura na noite de domingo (23\/02), por volta das 19h30 na rua do A\u00e7ude, em Jaguarari. O homem tamb\u00e9m \u00e9 apontado como autor de v\u00e1rios furtos na cidade, tendo sido preso outras vezes. Segundo a Pol\u00edcia Militar,\" \/>\n\t<meta name=\"robots\" content=\"max-image-preview:large\" \/>\n\t<meta name=\"author\" content=\"andre\"\/>\n\t<link rel=\"canonical\" href=\"https:\/\/minutobahia24h.com.br\/?p=24942\" \/>\n\t<meta name=\"generator\" content=\"All in One SEO (AIOSEO) 5.0.1.1\" \/>\n\t\t<meta property=\"og:locale\" content=\"pt_BR\" \/>\n\t\t<meta property=\"og:site_name\" content=\"Minuto Bahia 24h - O seu portal de not\u00edcias\" \/>\n\t\t<meta property=\"og:type\" content=\"article\" \/>\n\t\t<meta property=\"og:title\" content=\"Ap\u00f3s ser preso em flagrante pela Pol\u00edcia Militar por desacato, homem danifica pres\u00eddio da viatura em Jaguarari e vai parar na Penitenci\u00e1ria de Juazeiro - Minuto Bahia 24h\" \/>\n\t\t<meta property=\"og:description\" content=\"Um homem de iniciais J.L.S, vulgo &quot;Jaiminho&quot;, 25 anos, foi preso por desacatar policiais militares e danificar a viatura na noite de domingo (23\/02), por volta das 19h30 na rua do A\u00e7ude, em Jaguarari. O homem tamb\u00e9m \u00e9 apontado como autor de v\u00e1rios furtos na cidade, tendo sido preso outras vezes. Segundo a Pol\u00edcia Militar,\" \/>\n\t\t<meta property=\"og:url\" content=\"https:\/\/minutobahia24h.com.br\/?p=24942\" \/>\n\t\t<meta property=\"og:image\" content=\"https:\/\/minutobahia24h.com.br\/wp-content\/uploads\/2025\/02\/Sem-titulo-383.jpg\" \/>\n\t\t<meta property=\"og:image:secure_url\" content=\"https:\/\/minutobahia24h.com.br\/wp-content\/uploads\/2025\/02\/Sem-titulo-383.jpg\" \/>\n\t\t<meta property=\"og:image:width\" content=\"640\" \/>\n\t\t<meta property=\"og:image:height\" content=\"415\" \/>\n\t\t<meta property=\"article:published_time\" content=\"2025-02-24T17:54:46+00:00\" \/>\n\t\t<meta property=\"article:modified_time\" content=\"2025-02-24T17:54:48+00:00\" \/>\n\t\t<meta name=\"twitter:card\" content=\"summary_large_image\" \/>\n\t\t<meta name=\"twitter:title\" content=\"Ap\u00f3s ser preso em flagrante pela Pol\u00edcia Militar por desacato, homem danifica pres\u00eddio da viatura em Jaguarari e vai parar na Penitenci\u00e1ria de Juazeiro - Minuto Bahia 24h\" \/>\n\t\t<meta name=\"twitter:description\" content=\"Um homem de iniciais J.L.S, vulgo &quot;Jaiminho&quot;, 25 anos, foi preso por desacatar policiais militares e danificar a viatura na noite de domingo (23\/02), por volta das 19h30 na rua do A\u00e7ude, em Jaguarari. O homem tamb\u00e9m \u00e9 apontado como autor de v\u00e1rios furtos na cidade, tendo sido preso outras vezes. Segundo a Pol\u00edcia Militar,\" \/>\n\t\t<meta name=\"twitter:image\" content=\"https:\/\/minutobahia24h.com.br\/wp-content\/uploads\/2025\/02\/Sem-titulo-383.jpg\" \/>\n\t\t<script type=\"application\/ld+json\" class=\"aioseo-schema\">\n\t\t\t{\"@context\":\"https:\\\/\\\/schema.org\",\"@graph\":[{\"@type\":\"BlogPosting\",\"@id\":\"https:\\\/\\\/minutobahia24h.com.br\\\/?p=24942#blogposting\",\"name\":\"Ap\\u00f3s ser preso em flagrante pela Pol\\u00edcia Militar por desacato, homem danifica pres\\u00eddio da viatura em Jaguarari e vai parar na Penitenci\\u00e1ria de Juazeiro - Minuto Bahia 24h\",\"headline\":\"Ap\\u00f3s ser preso em flagrante pela Pol\\u00edcia Militar por desacato, homem danifica pres\\u00eddio da viatura em Jaguarari e vai parar na Penitenci\\u00e1ria de Juazeiro\",\"author\":{\"@id\":\"https:\\\/\\\/minutobahia24h.com.br\\\/?author=2#author\"},\"publisher\":{\"@id\":\"https:\\\/\\\/minutobahia24h.com.br\\\/#organization\"},\"image\":{\"@type\":\"ImageObject\",\"url\":\"https:\\\/\\\/i0.wp.com\\\/minutobahia24h.com.br\\\/wp-content\\\/uploads\\\/2025\\\/02\\\/Sem-titulo-383.jpg?fit=640%2C415&ssl=1\",\"width\":640,\"height\":415},\"datePublished\":\"2025-02-24T14:54:46-03:00\",\"dateModified\":\"2025-02-24T14:54:48-03:00\",\"inLanguage\":\"pt-BR\",\"mainEntityOfPage\":{\"@id\":\"https:\\\/\\\/minutobahia24h.com.br\\\/?p=24942#webpage\"},\"isPartOf\":{\"@id\":\"https:\\\/\\\/minutobahia24h.com.br\\\/?p=24942#webpage\"},\"articleSection\":\"Regional\"},{\"@type\":\"BreadcrumbList\",\"@id\":\"https:\\\/\\\/minutobahia24h.com.br\\\/?p=24942#breadcrumblist\",\"itemListElement\":[{\"@type\":\"ListItem\",\"@id\":\"https:\\\/\\\/minutobahia24h.com.br#listItem\",\"position\":1,\"name\":\"In\\u00edcio\",\"item\":\"https:\\\/\\\/minutobahia24h.com.br\",\"nextItem\":{\"@type\":\"ListItem\",\"@id\":\"https:\\\/\\\/minutobahia24h.com.br\\\/?cat=3#listItem\",\"name\":\"Regional\"}},{\"@type\":\"ListItem\",\"@id\":\"https:\\\/\\\/minutobahia24h.com.br\\\/?cat=3#listItem\",\"position\":2,\"name\":\"Regional\",\"item\":\"https:\\\/\\\/minutobahia24h.com.br\\\/?cat=3\",\"nextItem\":{\"@type\":\"ListItem\",\"@id\":\"https:\\\/\\\/minutobahia24h.com.br\\\/?p=24942#listItem\",\"name\":\"Ap\\u00f3s ser preso em flagrante pela Pol\\u00edcia Militar por desacato, homem danifica pres\\u00eddio da viatura em Jaguarari e vai parar na Penitenci\\u00e1ria de Juazeiro\"},\"previousItem\":{\"@type\":\"ListItem\",\"@id\":\"https:\\\/\\\/minutobahia24h.com.br#listItem\",\"name\":\"In\\u00edcio\"}},{\"@type\":\"ListItem\",\"@id\":\"https:\\\/\\\/minutobahia24h.com.br\\\/?p=24942#listItem\",\"position\":3,\"name\":\"Ap\\u00f3s ser preso em flagrante pela Pol\\u00edcia Militar por desacato, homem danifica pres\\u00eddio da viatura em Jaguarari e vai parar na Penitenci\\u00e1ria de Juazeiro\",\"previousItem\":{\"@type\":\"ListItem\",\"@id\":\"https:\\\/\\\/minutobahia24h.com.br\\\/?cat=3#listItem\",\"name\":\"Regional\"}}]},{\"@type\":\"Organization\",\"@id\":\"https:\\\/\\\/minutobahia24h.com.br\\\/#organization\",\"name\":\"Minuto Bahia 24h\",\"description\":\"O seu portal de not\\u00edcias\",\"url\":\"https:\\\/\\\/minutobahia24h.com.br\\\/\",\"logo\":{\"@type\":\"ImageObject\",\"url\":\"https:\\\/\\\/i0.wp.com\\\/minutobahia24h.com.br\\\/wp-content\\\/uploads\\\/2023\\\/09\\\/cropped-minutoba.png?fit=457%2C119&ssl=1\",\"@id\":\"https:\\\/\\\/minutobahia24h.com.br\\\/?p=24942\\\/#organizationLogo\",\"width\":457,\"height\":119},\"image\":{\"@id\":\"https:\\\/\\\/minutobahia24h.com.br\\\/?p=24942\\\/#organizationLogo\"}},{\"@type\":\"Person\",\"@id\":\"https:\\\/\\\/minutobahia24h.com.br\\\/?author=2#author\",\"url\":\"https:\\\/\\\/minutobahia24h.com.br\\\/?author=2\",\"name\":\"andre\",\"image\":{\"@type\":\"ImageObject\",\"@id\":\"https:\\\/\\\/minutobahia24h.com.br\\\/?p=24942#authorImage\",\"url\":\"https:\\\/\\\/secure.gravatar.com\\\/avatar\\\/0ec5eafed5f3925c321625d79a680d589901b94bca787ae396a35f6c4a960922?s=96&d=mm&r=g\",\"width\":96,\"height\":96,\"caption\":\"andre\"}},{\"@type\":\"WebPage\",\"@id\":\"https:\\\/\\\/minutobahia24h.com.br\\\/?p=24942#webpage\",\"url\":\"https:\\\/\\\/minutobahia24h.com.br\\\/?p=24942\",\"name\":\"Ap\\u00f3s ser preso em flagrante pela Pol\\u00edcia Militar por desacato, homem danifica pres\\u00eddio da viatura em Jaguarari e vai parar na Penitenci\\u00e1ria de Juazeiro - Minuto Bahia 24h\",\"description\":\"Um homem de iniciais J.L.S, vulgo \\\"Jaiminho\\\", 25 anos, foi preso por desacatar policiais militares e danificar a viatura na noite de domingo (23\\\/02), por volta das 19h30 na rua do A\\u00e7ude, em Jaguarari. O homem tamb\\u00e9m \\u00e9 apontado como autor de v\\u00e1rios furtos na cidade, tendo sido preso outras vezes. Segundo a Pol\\u00edcia Militar,\",\"inLanguage\":\"pt-BR\",\"isPartOf\":{\"@id\":\"https:\\\/\\\/minutobahia24h.com.br\\\/#website\"},\"breadcrumb\":{\"@id\":\"https:\\\/\\\/minutobahia24h.com.br\\\/?p=24942#breadcrumblist\"},\"author\":{\"@id\":\"https:\\\/\\\/minutobahia24h.com.br\\\/?author=2#author\"},\"creator\":{\"@id\":\"https:\\\/\\\/minutobahia24h.com.br\\\/?author=2#author\"},\"image\":{\"@type\":\"ImageObject\",\"url\":\"https:\\\/\\\/i0.wp.com\\\/minutobahia24h.com.br\\\/wp-content\\\/uploads\\\/2025\\\/02\\\/Sem-titulo-383.jpg?fit=640%2C415&ssl=1\",\"@id\":\"https:\\\/\\\/minutobahia24h.com.br\\\/?p=24942\\\/#mainImage\",\"width\":640,\"height\":415},\"primaryImageOfPage\":{\"@id\":\"https:\\\/\\\/minutobahia24h.com.br\\\/?p=24942#mainImage\"},\"datePublished\":\"2025-02-24T14:54:46-03:00\",\"dateModified\":\"2025-02-24T14:54:48-03:00\"},{\"@type\":\"WebSite\",\"@id\":\"https:\\\/\\\/minutobahia24h.com.br\\\/#website\",\"url\":\"https:\\\/\\\/minutobahia24h.com.br\\\/\",\"name\":\"Minuto Bahia 24h\",\"description\":\"O seu portal de not\\u00edcias\",\"inLanguage\":\"pt-BR\",\"publisher\":{\"@id\":\"https:\\\/\\\/minutobahia24h.com.br\\\/#organization\"}}]}\n\t\t<\/script>\n\t\t<!-- All in One SEO -->\n\n","aioseo_head_json":{"title":"Ap\u00f3s ser preso em flagrante pela Pol\u00edcia Militar por desacato, homem danifica pres\u00eddio da viatura em Jaguarari e vai parar na Penitenci\u00e1ria de Juazeiro - Minuto Bahia 24h","description":"Um homem de iniciais J.L.S, vulgo \"Jaiminho\", 25 anos, foi preso por desacatar policiais militares e danificar a viatura na noite de domingo (23\/02), por volta das 19h30 na rua do A\u00e7ude, em Jaguarari. O homem tamb\u00e9m \u00e9 apontado como autor de v\u00e1rios furtos na cidade, tendo sido preso outras vezes. Segundo a Pol\u00edcia Militar,","canonical_url":"https:\/\/minutobahia24h.com.br\/?p=24942","robots":"max-image-preview:large","keywords":"","webmasterTools":{"miscellaneous":""},"schema":{"@context":"https:\/\/schema.org","@graph":[{"@type":"BlogPosting","@id":"https:\/\/minutobahia24h.com.br\/?p=24942#blogposting","name":"Ap\u00f3s ser preso em flagrante pela Pol\u00edcia Militar por desacato, homem danifica pres\u00eddio da viatura em Jaguarari e vai parar na Penitenci\u00e1ria de Juazeiro - Minuto Bahia 24h","headline":"Ap\u00f3s ser preso em flagrante pela Pol\u00edcia Militar por desacato, homem danifica pres\u00eddio da viatura em Jaguarari e vai parar na Penitenci\u00e1ria de Juazeiro","author":{"@id":"https:\/\/minutobahia24h.com.br\/?author=2#author"},"publisher":{"@id":"https:\/\/minutobahia24h.com.br\/#organization"},"image":{"@type":"ImageObject","url":"https:\/\/i0.wp.com\/minutobahia24h.com.br\/wp-content\/uploads\/2025\/02\/Sem-titulo-383.jpg?fit=640%2C415&ssl=1","width":640,"height":415},"datePublished":"2025-02-24T14:54:46-03:00","dateModified":"2025-02-24T14:54:48-03:00","inLanguage":"pt-BR","mainEntityOfPage":{"@id":"https:\/\/minutobahia24h.com.br\/?p=24942#webpage"},"isPartOf":{"@id":"https:\/\/minutobahia24h.com.br\/?p=24942#webpage"},"articleSection":"Regional"},{"@type":"BreadcrumbList","@id":"https:\/\/minutobahia24h.com.br\/?p=24942#breadcrumblist","itemListElement":[{"@type":"ListItem","@id":"https:\/\/minutobahia24h.com.br#listItem","position":1,"name":"In\u00edcio","item":"https:\/\/minutobahia24h.com.br","nextItem":{"@type":"ListItem","@id":"https:\/\/minutobahia24h.com.br\/?cat=3#listItem","name":"Regional"}},{"@type":"ListItem","@id":"https:\/\/minutobahia24h.com.br\/?cat=3#listItem","position":2,"name":"Regional","item":"https:\/\/minutobahia24h.com.br\/?cat=3","nextItem":{"@type":"ListItem","@id":"https:\/\/minutobahia24h.com.br\/?p=24942#listItem","name":"Ap\u00f3s ser preso em flagrante pela Pol\u00edcia Militar por desacato, homem danifica pres\u00eddio da viatura em Jaguarari e vai parar na Penitenci\u00e1ria de Juazeiro"},"previousItem":{"@type":"ListItem","@id":"https:\/\/minutobahia24h.com.br#listItem","name":"In\u00edcio"}},{"@type":"ListItem","@id":"https:\/\/minutobahia24h.com.br\/?p=24942#listItem","position":3,"name":"Ap\u00f3s ser preso em flagrante pela Pol\u00edcia Militar por desacato, homem danifica pres\u00eddio da viatura em Jaguarari e vai parar na Penitenci\u00e1ria de Juazeiro","previousItem":{"@type":"ListItem","@id":"https:\/\/minutobahia24h.com.br\/?cat=3#listItem","name":"Regional"}}]},{"@type":"Organization","@id":"https:\/\/minutobahia24h.com.br\/#organization","name":"Minuto Bahia 24h","description":"O seu portal de not\u00edcias","url":"https:\/\/minutobahia24h.com.br\/","logo":{"@type":"ImageObject","url":"https:\/\/i0.wp.com\/minutobahia24h.com.br\/wp-content\/uploads\/2023\/09\/cropped-minutoba.png?fit=457%2C119&ssl=1","@id":"https:\/\/minutobahia24h.com.br\/?p=24942\/#organizationLogo","width":457,"height":119},"image":{"@id":"https:\/\/minutobahia24h.com.br\/?p=24942\/#organizationLogo"}},{"@type":"Person","@id":"https:\/\/minutobahia24h.com.br\/?author=2#author","url":"https:\/\/minutobahia24h.com.br\/?author=2","name":"andre","image":{"@type":"ImageObject","@id":"https:\/\/minutobahia24h.com.br\/?p=24942#authorImage","url":"https:\/\/secure.gravatar.com\/avatar\/0ec5eafed5f3925c321625d79a680d589901b94bca787ae396a35f6c4a960922?s=96&d=mm&r=g","width":96,"height":96,"caption":"andre"}},{"@type":"WebPage","@id":"https:\/\/minutobahia24h.com.br\/?p=24942#webpage","url":"https:\/\/minutobahia24h.com.br\/?p=24942","name":"Ap\u00f3s ser preso em flagrante pela Pol\u00edcia Militar por desacato, homem danifica pres\u00eddio da viatura em Jaguarari e vai parar na Penitenci\u00e1ria de Juazeiro - Minuto Bahia 24h","description":"Um homem de iniciais J.L.S, vulgo \"Jaiminho\", 25 anos, foi preso por desacatar policiais militares e danificar a viatura na noite de domingo (23\/02), por volta das 19h30 na rua do A\u00e7ude, em Jaguarari. O homem tamb\u00e9m \u00e9 apontado como autor de v\u00e1rios furtos na cidade, tendo sido preso outras vezes. Segundo a Pol\u00edcia Militar,","inLanguage":"pt-BR","isPartOf":{"@id":"https:\/\/minutobahia24h.com.br\/#website"},"breadcrumb":{"@id":"https:\/\/minutobahia24h.com.br\/?p=24942#breadcrumblist"},"author":{"@id":"https:\/\/minutobahia24h.com.br\/?author=2#author"},"creator":{"@id":"https:\/\/minutobahia24h.com.br\/?author=2#author"},"image":{"@type":"ImageObject","url":"https:\/\/i0.wp.com\/minutobahia24h.com.br\/wp-content\/uploads\/2025\/02\/Sem-titulo-383.jpg?fit=640%2C415&ssl=1","@id":"https:\/\/minutobahia24h.com.br\/?p=24942\/#mainImage","width":640,"height":415},"primaryImageOfPage":{"@id":"https:\/\/minutobahia24h.com.br\/?p=24942#mainImage"},"datePublished":"2025-02-24T14:54:46-03:00","dateModified":"2025-02-24T14:54:48-03:00"},{"@type":"WebSite","@id":"https:\/\/minutobahia24h.com.br\/#website","url":"https:\/\/minutobahia24h.com.br\/","name":"Minuto Bahia 24h","description":"O seu portal de not\u00edcias","inLanguage":"pt-BR","publisher":{"@id":"https:\/\/minutobahia24h.com.br\/#organization"}}]},"og:locale":"pt_BR","og:site_name":"Minuto Bahia 24h - O seu portal de not\u00edcias","og:type":"article","og:title":"Ap\u00f3s ser preso em flagrante pela Pol\u00edcia Militar por desacato, homem danifica pres\u00eddio da viatura em Jaguarari e vai parar na Penitenci\u00e1ria de Juazeiro - Minuto Bahia 24h","og:description":"Um homem de iniciais J.L.S, vulgo &quot;Jaiminho&quot;, 25 anos, foi preso por desacatar policiais militares e danificar a viatura na noite de domingo (23\/02), por volta das 19h30 na rua do A\u00e7ude, em Jaguarari. O homem tamb\u00e9m \u00e9 apontado como autor de v\u00e1rios furtos na cidade, tendo sido preso outras vezes. Segundo a Pol\u00edcia Militar,","og:url":"https:\/\/minutobahia24h.com.br\/?p=24942","og:image":"https:\/\/minutobahia24h.com.br\/wp-content\/uploads\/2025\/02\/Sem-titulo-383.jpg","og:image:secure_url":"https:\/\/minutobahia24h.com.br\/wp-content\/uploads\/2025\/02\/Sem-titulo-383.jpg","og:image:width":640,"og:image:height":415,"article:published_time":"2025-02-24T17:54:46+00:00","article:modified_time":"2025-02-24T17:54:48+00:00","twitter:card":"summary_large_image","twitter:title":"Ap\u00f3s ser preso em flagrante pela Pol\u00edcia Militar por desacato, homem danifica pres\u00eddio da viatura em Jaguarari e vai parar na Penitenci\u00e1ria de Juazeiro - Minuto Bahia 24h","twitter:description":"Um homem de iniciais J.L.S, vulgo &quot;Jaiminho&quot;, 25 anos, foi preso por desacatar policiais militares e danificar a viatura na noite de domingo (23\/02), por volta das 19h30 na rua do A\u00e7ude, em Jaguarari. O homem tamb\u00e9m \u00e9 apontado como autor de v\u00e1rios furtos na cidade, tendo sido preso outras vezes. Segundo a Pol\u00edcia Militar,","twitter:image":"https:\/\/minutobahia24h.com.br\/wp-content\/uploads\/2025\/02\/Sem-titulo-383.jpg"},"aioseo_meta_data":{"post_id":"24942","title":null,"description":null,"keywords":null,"keyphrases":{"focus":{"keyphrase":"","score":0,"analysis":{"keyphraseInTitle":{"score":0,"maxScore":9,"error":1}}},"additional":[]},"primary_term":null,"canonical_url":null,"og_title":null,"og_description":null,"og_object_type":"default","og_image_type":"default","og_image_url":null,"og_image_width":null,"og_image_height":null,"og_image_custom_url":null,"og_image_custom_fields":null,"og_video":"","og_custom_url":null,"og_article_section":null,"og_article_tags":null,"twitter_use_og":true,"twitter_card":"default","twitter_image_type":"default","twitter_image_url":null,"twitter_image_custom_url":null,"twitter_image_custom_fields":null,"twitter_title":null,"twitter_description":null,"schema":{"blockGraphs":[],"customGraphs":[],"default":{"data":{"Article":[],"Course":[],"Dataset":[],"FAQPage":[],"Movie":[],"Person":[],"Product":[],"ProductReview":[],"Car":[],"Recipe":[],"Service":[],"SoftwareApplication":[],"WebPage":[]},"graphName":"BlogPosting","isEnabled":true},"graphs":[]},"schema_type":"default","schema_type_options":null,"pillar_content":false,"robots_default":true,"robots_noindex":false,"robots_noarchive":false,"robots_nosnippet":false,"robots_nofollow":false,"robots_noimageindex":false,"robots_noodp":false,"robots_notranslate":false,"robots_max_snippet":"-1","robots_max_videopreview":"-1","robots_max_imagepreview":"large","priority":null,"frequency":"default","local_seo":null,"breadcrumb_settings":null,"limit_modified_date":false,"ai":null,"created":"2025-02-24 17:54:48","updated":"2025-06-05 13:31:47","seo_analyzer_scan_date":null,"focus_keyword":null,"additional_keywords":null,"truseo_locale":null},"aioseo_breadcrumb":"<div class=\"aioseo-breadcrumbs\"><span class=\"aioseo-breadcrumb\">\n\t\t\t<a href=\"https:\/\/minutobahia24h.com.br\" title=\"In\u00edcio\">In\u00edcio<\/a>\n\t\t<\/span><span class=\"aioseo-breadcrumb-separator\">&raquo;<\/span><span class=\"aioseo-breadcrumb\">\n\t\t\t<a href=\"https:\/\/minutobahia24h.com.br\/?cat=3\" title=\"Regional\">Regional<\/a>\n\t\t<\/span><span class=\"aioseo-breadcrumb-separator\">&raquo;<\/span><span class=\"aioseo-breadcrumb\">\n\t\t\tAp\u00f3s ser preso em flagrante pela Pol\u00edcia Militar por desacato, homem danifica pres\u00eddio da viatura em Jaguarari e vai parar na Penitenci\u00e1ria de Juazeiro\n\t\t<\/span><\/div>","aioseo_breadcrumb_json":[{"label":"In\u00edcio","link":"https:\/\/minutobahia24h.com.br"},{"label":"Regional","link":"https:\/\/minutobahia24h.com.br\/?cat=3"},{"label":"Ap\u00f3s ser preso em flagrante pela Pol\u00edcia Militar por desacato, homem danifica pres\u00eddio da viatura em Jaguarari e vai parar na Penitenci\u00e1ria de Juazeiro","link":"https:\/\/minutobahia24h.com.br\/?p=24942"}],"jetpack_sharing_enabled":true,"jetpack_featured_media_url":"https:\/\/i0.wp.com\/minutobahia24h.com.br\/wp-content\/uploads\/2025\/02\/Sem-titulo-383.jpg?fit=640%2C415&ssl=1","_links":{"self":[{"href":"https:\/\/minutobahia24h.com.br\/index.php?rest_route=\/wp\/v2\/posts\/24942","targetHints":{"allow":["GET"]}}],"collection":[{"href":"https:\/\/minutobahia24h.com.br\/index.php?rest_route=\/wp\/v2\/posts"}],"about":[{"href":"https:\/\/minutobahia24h.com.br\/index.php?rest_route=\/wp\/v2\/types\/post"}],"author":[{"embeddable":true,"href":"https:\/\/minutobahia24h.com.br\/index.php?rest_route=\/wp\/v2\/users\/2"}],"replies":[{"embeddable":true,"href":"https:\/\/minutobahia24h.com.br\/index.php?rest_route=%2Fwp%2Fv2%2Fcomments&post=24942"}],"version-history":[{"count":1,"href":"https:\/\/minutobahia24h.com.br\/index.php?rest_route=\/wp\/v2\/posts\/24942\/revisions"}],"predecessor-version":[{"id":24944,"href":"https:\/\/minutobahia24h.com.br\/index.php?rest_route=\/wp\/v2\/posts\/24942\/revisions\/24944"}],"wp:featuredmedia":[{"embeddable":true,"href":"https:\/\/minutobahia24h.com.br\/index.php?rest_route=\/wp\/v2\/media\/24943"}],"wp:attachment":[{"href":"https:\/\/minutobahia24h.com.br\/index.php?rest_route=%2Fwp%2Fv2%2Fmedia&parent=24942"}],"wp:term":[{"taxonomy":"category","embeddable":true,"href":"https:\/\/minutobahia24h.com.br\/index.php?rest_route=%2Fwp%2Fv2%2Fcategories&post=24942"},{"taxonomy":"post_tag","embeddable":true,"href":"https:\/\/minutobahia24h.com.br\/index.php?rest_route=%2Fwp%2Fv2%2Ftags&post=24942"}],"curies":[{"name":"wp","href":"https:\/\/api.w.org\/{rel}","templated":true}]}}