{"id":24924,"date":"2025-02-24T07:46:53","date_gmt":"2025-02-24T10:46:53","guid":{"rendered":"https:\/\/minutobahia24h.com.br\/?p=24924"},"modified":"2025-02-24T07:46:55","modified_gmt":"2025-02-24T10:46:55","slug":"papa-teve-boa-noite-e-repousa-no-hospital-diz-vaticano","status":"publish","type":"post","link":"https:\/\/minutobahia24h.com.br\/?p=24924","title":{"rendered":"Papa teve &#8220;boa&#8221; noite e repousa no hospital, diz Vaticano"},"content":{"rendered":"<div class=\"wp-block-image\">\n<figure class=\"aligncenter size-full\"><img data-recalc-dims=\"1\" fetchpriority=\"high\" decoding=\"async\" width=\"800\" height=\"534\" src=\"https:\/\/i0.wp.com\/minutobahia24h.com.br\/wp-content\/uploads\/2025\/02\/Sem-titulo-378.jpg?resize=800%2C534&#038;ssl=1\" alt=\"\" class=\"wp-image-24925\" srcset=\"https:\/\/i0.wp.com\/minutobahia24h.com.br\/wp-content\/uploads\/2025\/02\/Sem-titulo-378.jpg?w=983&amp;ssl=1 983w, https:\/\/i0.wp.com\/minutobahia24h.com.br\/wp-content\/uploads\/2025\/02\/Sem-titulo-378.jpg?resize=300%2C200&amp;ssl=1 300w, https:\/\/i0.wp.com\/minutobahia24h.com.br\/wp-content\/uploads\/2025\/02\/Sem-titulo-378.jpg?resize=768%2C513&amp;ssl=1 768w, https:\/\/i0.wp.com\/minutobahia24h.com.br\/wp-content\/uploads\/2025\/02\/Sem-titulo-378.jpg?resize=750%2C501&amp;ssl=1 750w\" sizes=\"(max-width: 800px) 100vw, 800px\" \/><figcaption class=\"wp-element-caption\">Papa Francisco \u2014 Foto: Filippo MONTEFORTE \/ AFP<br><br><\/figcaption><\/figure>\n<\/div>\n\n\n<p class=\"wp-block-paragraph\">Na madrugada desta segunda-feira (24), o&nbsp;<a class=\"\" href=\"https:\/\/g1.globo.com\/tudo-sobre\/vaticano\/\">Vaticano<\/a>&nbsp;informou que o papa Francisco &#8220;passou bem a noite, dormiu e est\u00e1 descansando&#8221;. O pont\u00edfice continua lutando contra uma pneumonia dupla.<\/p>\n\n\n\n<p class=\"wp-block-paragraph\">No domingo (23), ainda em estado cr\u00edtico, o papa Francisco sofre de&nbsp;<strong>insufici\u00eancia renal leve<\/strong>, disse o Vaticano.<\/p>\n\n\n\n<p class=\"wp-block-paragraph\">Em boletim divulgado na tarde de ontem, m\u00e9dicos afirmaram que um novo exame apontou a insufici\u00eancia renal, que \u00e9 inicial e est\u00e1 atualmente controlada. O boletim afirma ainda que o pont\u00edfice<strong>&nbsp;n\u00e3o sofre mais de crise respirat\u00f3ria<\/strong>.<\/p>\n\n\n\n<p class=\"wp-block-paragraph\">O progn\u00f3stico completo de Francisco segue em sigilo por conta da complexidade do quadro, disse ainda o Vaticano, que afirma tamb\u00e9m que ele est\u00e1 &#8220;vigilante e bem orientado&#8221;.<\/p>\n\n\n\n<blockquote class=\"wp-block-quote is-layout-flow wp-block-quote-is-layout-flow\">\n<p class=\"wp-block-paragraph\">&#8220;O estado de sa\u00fade do Santo Padre continua cr\u00edtico. No entanto, desde ontem \u00e0 noite ele n\u00e3o apresentou mais crises respirat\u00f3rias&#8221;, disse o boletim. &#8220;No entanto, alguns exames de sangue mostram uma insufici\u00eancia renal inicial, leve, atualmente controlada. A complexidade do quadro cl\u00ednico e a espera necess\u00e1ria para que as terapias farmacol\u00f3gicas deem algum resultado exigem que o progn\u00f3stico permane\u00e7a reservado&#8221;.<\/p>\n<\/blockquote>\n\n\n\n<p class=\"wp-block-paragraph\">O boletim afirmou tamb\u00e9m que o&nbsp;<strong>pont\u00edfice segue fazendo uso de almofadas nasais para a aplica\u00e7\u00e3o de oxig\u00eanio&nbsp;<\/strong>em altos fluxos (oxigenoterapia). Mais cedo, o Vaticano j\u00e1 havia informado sobre esse procedimento.<\/p>\n\n\n\n<p class=\"wp-block-paragraph\">&#8220;O papa Francisco usou almofadas nasais esta manh\u00e3 para a aplica\u00e7\u00e3o de oxig\u00eanio em altos fluxos. Outros exames cl\u00ednicos est\u00e3o em andamento. Para saber os resultados, aguardamos o boletim desta noite&#8221;, disse o Vatican News.<\/p>\n\n\n\n<p class=\"wp-block-paragraph\">Tamb\u00e9m neste domingo (23), em ora\u00e7\u00e3o escrita pelo papa Francisco, o&nbsp;<a class=\"\" href=\"https:\/\/g1.globo.com\/mundo\/noticia\/2025\/02\/23\/realizando-os-tratamentos-necessarios-diz-papa-francisco-em-oracao-escrita.ghtml\">pont\u00edfice agradeceu \u00e0s ora\u00e7\u00f5es pela sua sa\u00fade e disse que continua &#8216;realizando os tratamentos necess\u00e1rios&#8217;<\/a>.<\/p>\n\n\n\n<blockquote class=\"wp-block-quote is-layout-flow wp-block-quote-is-layout-flow\">\n<p class=\"wp-block-paragraph\">&#8220;De minha parte, continuo confiante a interna\u00e7\u00e3o na Policl\u00ednica Gemelli, realizando os tratamentos necess\u00e1rios; e tamb\u00e9m o repouso faz parte da terapia! Agrade\u00e7o de cora\u00e7\u00e3o aos m\u00e9dicos e ao profissionais de sa\u00fade deste Hospital pela aten\u00e7\u00e3o que me dispensam e pela dedica\u00e7\u00e3o com que prestam seu servi\u00e7o aos doentes&#8221;.<\/p>\n<\/blockquote>\n\n\n\n<p class=\"wp-block-paragraph\">O pont\u00edfice tamb\u00e9m convidou os fi\u00e9is a rezarem pelos pa\u00edses onde h\u00e1 conflitos, da &#8220;Palestina ao Sud\u00e3o&#8221;, com um pensamento particular para a Ucr\u00e2nia.<\/p>\n\n\n\n<p class=\"wp-block-paragraph\">O texto foi divulgado pela Sala de Imprensa da Santa S\u00e9. \u00c9 o segundo domingo que Francisco n\u00e3o participa da tradicional ora\u00e7\u00e3o de Angelus. Neste domingo, a missa foi conduzida pelo Arcebispo Rino Fisichella.<\/p>\n\n\n\n<p class=\"wp-block-paragraph\">Francisco ainda dedicou agradecimento especial \u00e0s demonstra\u00e7\u00f5es de carinho feitas pelas crian\u00e7as. &#8220;Nestes dias recebi muitas mensagens de afeto e fiquei particularmente tocado pelas cartas e pelos desenhos das crian\u00e7as. Obrigada por essa proximidade e pelas ora\u00e7\u00f5es de conforto que recebi do mundo inteiro! Confio todos \u00e0 intercess\u00e3o de Maria e pe\u00e7o que rezem por mim.&#8221;<\/p>\n\n\n\n<p class=\"wp-block-paragraph\">Noite tranquila<\/p>\n\n\n\n<p class=\"wp-block-paragraph\">O papa Francisco teve uma noite tranquila, informou o Vaticano no in\u00edcio da manh\u00e3 de domingo (23). O comunicado vem um dia ap\u00f3s o pont\u00edfice sofrer uma crise de asma prolongada e o seu estado de sa\u00fade ser descrito como cr\u00edtico pela primeira vez.<\/p>\n\n\n\n<p class=\"wp-block-paragraph\">O Papa Francisco, internado desde 14 de fevereiro ap\u00f3s sentir dificuldade para respirar por v\u00e1rios dias.<\/p>\n\n\n\n<p class=\"wp-block-paragraph\">O pont\u00edfice, de 88 anos, foi internado no hospital Gemelli, em Roma, devido a uma bronquite. No hospital, foi diagnosticado como pneumonia bilateral e infec\u00e7\u00e3o polimicrobiana.<\/p>\n\n\n\n<p class=\"wp-block-paragraph\">Na sexta-feira (21), Francisco completou uma semana de interna\u00e7\u00e3o e os m\u00e9dicos do papa fizeram uma entrevista coletiva para atualizar o quadro cl\u00ednico do pont\u00edfice.<\/p>\n\n\n\n<p class=\"wp-block-paragraph\">Segundo a equipe m\u00e9dica, o papa n\u00e3o corre risco de morte, mas tamb\u00e9m n\u00e3o est\u00e1 fora de perigo por ser um &#8220;paciente fr\u00e1gil&#8221;. Por conta disso, Francisco permanecer\u00e1 internado por pelo menos mais uma semana. Eles tamb\u00e9m disseram que o pont\u00edfice:<\/p>\n\n\n\n<ul class=\"wp-block-list\">\n<li>N\u00e3o est\u00e1 conectado a nenhum aparelho de respira\u00e7\u00e3o;<\/li>\n\n\n\n<li>Consegue caminhar, mas s\u00f3 dist\u00e2ncias curtas por conta da dificuldade respirat\u00f3ria e do problema pr\u00e9vio em seu joelho;<\/li>\n\n\n\n<li>Ainda assim, se levanta com frequ\u00eancia e trabalha de uma poltrona;<\/li>\n\n\n\n<li>N\u00e3o tem quadro de sepse (infec\u00e7\u00e3o generalizada);<\/li>\n\n\n\n<li>Sabe que est\u00e1 em perigo e pediu que os m\u00e9dicos n\u00e3o escondessem nenhuma informa\u00e7\u00e3o do p\u00fablico;<\/li>\n\n\n\n<li>Est\u00e1 comendo de forma regular e &#8220;apresenta bom apetite&#8221;;<\/li>\n\n\n\n<li>\u00c9 considerado &#8220;um paciente fr\u00e1gil&#8221;, principalmente por conta da idade;<\/li>\n\n\n\n<li>Est\u00e1 respondendo aos tratamentos, mas o quadro pode ir mudando a cada dia;<\/li>\n\n\n\n<li>N\u00e3o est\u00e1 divulgando fotos porque &#8220;n\u00e3o queremos uma foto do papa em pijama&#8221;.<\/li>\n<\/ul>\n\n\n\n<p class=\"wp-block-paragraph\">Durante todo esse per\u00edodo, diz o Vaticano, Francisco tem trabalhado e se mantido informado atrav\u00e9s da leitura de jornais. O papa tamb\u00e9m consegue se movimentar dentro de seu quarto no hospital, atende algumas liga\u00e7\u00f5es telef\u00f4nicas e continua com alguns afazeres administrativos.<\/p>\n\n\n\n<p class=\"wp-block-paragraph\">Ainda segundo o Vaticano, todos os compromissos p\u00fablicos do papa foram cancelados.<\/p>\n\n\n\n<p class=\"wp-block-paragraph\"><\/p>\n","protected":false},"excerpt":{"rendered":"<p>Na madrugada desta segunda-feira (24), o&nbsp;Vaticano&nbsp;informou que o papa Francisco &#8220;passou bem a noite, dormiu e est\u00e1 descansando&#8221;. O pont\u00edfice continua lutando contra uma pneumonia dupla. No domingo (23), ainda em estado cr\u00edtico, o papa Francisco sofre de&nbsp;insufici\u00eancia renal leve, disse o Vaticano. Em boletim divulgado na tarde de ontem, m\u00e9dicos afirmaram que um novo [&hellip;]<\/p>\n","protected":false},"author":2,"featured_media":24925,"comment_status":"open","ping_status":"open","sticky":false,"template":"","format":"standard","meta":{"_jetpack_newsletter_access":"","_jetpack_dont_email_post_to_subs":false,"_jetpack_newsletter_tier_id":0,"_jetpack_memberships_contains_paywalled_content":false,"_jetpack_feature_clip_id":0,"_jetpack_memberships_contains_paid_content":false,"footnotes":"","jetpack_post_was_ever_published":false},"categories":[15],"tags":[],"class_list":["post-24924","post","type-post","status-publish","format-standard","has-post-thumbnail","hentry","category-mundo"],"aioseo_notices":[],"aioseo_head":"\n\t\t<!-- All in One SEO 5.0.1.1 - aioseo.com -->\n\t<meta name=\"description\" content=\"Na madrugada desta segunda-feira (24), o Vaticano informou que o papa Francisco &quot;passou bem a noite, dormiu e est\u00e1 descansando&quot;. O pont\u00edfice continua lutando contra uma pneumonia dupla. No domingo (23), ainda em estado cr\u00edtico, o papa Francisco sofre de insufici\u00eancia renal leve, disse o Vaticano. Em boletim divulgado na tarde de ontem, m\u00e9dicos afirmaram que um novo\" \/>\n\t<meta name=\"robots\" content=\"max-image-preview:large\" \/>\n\t<meta name=\"author\" content=\"andre\"\/>\n\t<link rel=\"canonical\" href=\"https:\/\/minutobahia24h.com.br\/?p=24924\" \/>\n\t<meta name=\"generator\" content=\"All in One SEO (AIOSEO) 5.0.1.1\" \/>\n\t\t<meta property=\"og:locale\" content=\"pt_BR\" \/>\n\t\t<meta property=\"og:site_name\" content=\"Minuto Bahia 24h - O seu portal de not\u00edcias\" \/>\n\t\t<meta property=\"og:type\" content=\"article\" \/>\n\t\t<meta property=\"og:title\" content=\"Papa teve \u201cboa\u201d noite e repousa no hospital, diz Vaticano - Minuto Bahia 24h\" \/>\n\t\t<meta property=\"og:description\" content=\"Na madrugada desta segunda-feira (24), o Vaticano informou que o papa Francisco &quot;passou bem a noite, dormiu e est\u00e1 descansando&quot;. O pont\u00edfice continua lutando contra uma pneumonia dupla. No domingo (23), ainda em estado cr\u00edtico, o papa Francisco sofre de insufici\u00eancia renal leve, disse o Vaticano. Em boletim divulgado na tarde de ontem, m\u00e9dicos afirmaram que um novo\" \/>\n\t\t<meta property=\"og:url\" content=\"https:\/\/minutobahia24h.com.br\/?p=24924\" \/>\n\t\t<meta property=\"og:image\" content=\"https:\/\/minutobahia24h.com.br\/wp-content\/uploads\/2025\/02\/Sem-titulo-378.jpg\" \/>\n\t\t<meta property=\"og:image:secure_url\" content=\"https:\/\/minutobahia24h.com.br\/wp-content\/uploads\/2025\/02\/Sem-titulo-378.jpg\" \/>\n\t\t<meta property=\"og:image:width\" content=\"983\" \/>\n\t\t<meta property=\"og:image:height\" content=\"656\" \/>\n\t\t<meta property=\"article:published_time\" content=\"2025-02-24T10:46:53+00:00\" \/>\n\t\t<meta property=\"article:modified_time\" content=\"2025-02-24T10:46:55+00:00\" \/>\n\t\t<meta name=\"twitter:card\" content=\"summary_large_image\" \/>\n\t\t<meta name=\"twitter:title\" content=\"Papa teve \u201cboa\u201d noite e repousa no hospital, diz Vaticano - Minuto Bahia 24h\" \/>\n\t\t<meta name=\"twitter:description\" content=\"Na madrugada desta segunda-feira (24), o Vaticano informou que o papa Francisco &quot;passou bem a noite, dormiu e est\u00e1 descansando&quot;. O pont\u00edfice continua lutando contra uma pneumonia dupla. No domingo (23), ainda em estado cr\u00edtico, o papa Francisco sofre de insufici\u00eancia renal leve, disse o Vaticano. Em boletim divulgado na tarde de ontem, m\u00e9dicos afirmaram que um novo\" \/>\n\t\t<meta name=\"twitter:image\" content=\"https:\/\/minutobahia24h.com.br\/wp-content\/uploads\/2025\/02\/Sem-titulo-378.jpg\" \/>\n\t\t<script type=\"application\/ld+json\" class=\"aioseo-schema\">\n\t\t\t{\"@context\":\"https:\\\/\\\/schema.org\",\"@graph\":[{\"@type\":\"BlogPosting\",\"@id\":\"https:\\\/\\\/minutobahia24h.com.br\\\/?p=24924#blogposting\",\"name\":\"Papa teve \\u201cboa\\u201d noite e repousa no hospital, diz Vaticano - Minuto Bahia 24h\",\"headline\":\"Papa teve &#8220;boa&#8221; noite e repousa no hospital, diz Vaticano\",\"author\":{\"@id\":\"https:\\\/\\\/minutobahia24h.com.br\\\/?author=2#author\"},\"publisher\":{\"@id\":\"https:\\\/\\\/minutobahia24h.com.br\\\/#organization\"},\"image\":{\"@type\":\"ImageObject\",\"url\":\"https:\\\/\\\/i0.wp.com\\\/minutobahia24h.com.br\\\/wp-content\\\/uploads\\\/2025\\\/02\\\/Sem-titulo-378.jpg?fit=983%2C656&ssl=1\",\"width\":983,\"height\":656},\"datePublished\":\"2025-02-24T07:46:53-03:00\",\"dateModified\":\"2025-02-24T07:46:55-03:00\",\"inLanguage\":\"pt-BR\",\"mainEntityOfPage\":{\"@id\":\"https:\\\/\\\/minutobahia24h.com.br\\\/?p=24924#webpage\"},\"isPartOf\":{\"@id\":\"https:\\\/\\\/minutobahia24h.com.br\\\/?p=24924#webpage\"},\"articleSection\":\"Mundo\"},{\"@type\":\"BreadcrumbList\",\"@id\":\"https:\\\/\\\/minutobahia24h.com.br\\\/?p=24924#breadcrumblist\",\"itemListElement\":[{\"@type\":\"ListItem\",\"@id\":\"https:\\\/\\\/minutobahia24h.com.br#listItem\",\"position\":1,\"name\":\"In\\u00edcio\",\"item\":\"https:\\\/\\\/minutobahia24h.com.br\",\"nextItem\":{\"@type\":\"ListItem\",\"@id\":\"https:\\\/\\\/minutobahia24h.com.br\\\/?cat=15#listItem\",\"name\":\"Mundo\"}},{\"@type\":\"ListItem\",\"@id\":\"https:\\\/\\\/minutobahia24h.com.br\\\/?cat=15#listItem\",\"position\":2,\"name\":\"Mundo\",\"item\":\"https:\\\/\\\/minutobahia24h.com.br\\\/?cat=15\",\"nextItem\":{\"@type\":\"ListItem\",\"@id\":\"https:\\\/\\\/minutobahia24h.com.br\\\/?p=24924#listItem\",\"name\":\"Papa teve &#8220;boa&#8221; noite e repousa no hospital, diz Vaticano\"},\"previousItem\":{\"@type\":\"ListItem\",\"@id\":\"https:\\\/\\\/minutobahia24h.com.br#listItem\",\"name\":\"In\\u00edcio\"}},{\"@type\":\"ListItem\",\"@id\":\"https:\\\/\\\/minutobahia24h.com.br\\\/?p=24924#listItem\",\"position\":3,\"name\":\"Papa teve &#8220;boa&#8221; noite e repousa no hospital, diz Vaticano\",\"previousItem\":{\"@type\":\"ListItem\",\"@id\":\"https:\\\/\\\/minutobahia24h.com.br\\\/?cat=15#listItem\",\"name\":\"Mundo\"}}]},{\"@type\":\"Organization\",\"@id\":\"https:\\\/\\\/minutobahia24h.com.br\\\/#organization\",\"name\":\"Minuto Bahia 24h\",\"description\":\"O seu portal de not\\u00edcias\",\"url\":\"https:\\\/\\\/minutobahia24h.com.br\\\/\",\"logo\":{\"@type\":\"ImageObject\",\"url\":\"https:\\\/\\\/i0.wp.com\\\/minutobahia24h.com.br\\\/wp-content\\\/uploads\\\/2023\\\/09\\\/cropped-minutoba.png?fit=457%2C119&ssl=1\",\"@id\":\"https:\\\/\\\/minutobahia24h.com.br\\\/?p=24924\\\/#organizationLogo\",\"width\":457,\"height\":119},\"image\":{\"@id\":\"https:\\\/\\\/minutobahia24h.com.br\\\/?p=24924\\\/#organizationLogo\"}},{\"@type\":\"Person\",\"@id\":\"https:\\\/\\\/minutobahia24h.com.br\\\/?author=2#author\",\"url\":\"https:\\\/\\\/minutobahia24h.com.br\\\/?author=2\",\"name\":\"andre\",\"image\":{\"@type\":\"ImageObject\",\"@id\":\"https:\\\/\\\/minutobahia24h.com.br\\\/?p=24924#authorImage\",\"url\":\"https:\\\/\\\/secure.gravatar.com\\\/avatar\\\/0ec5eafed5f3925c321625d79a680d589901b94bca787ae396a35f6c4a960922?s=96&d=mm&r=g\",\"width\":96,\"height\":96,\"caption\":\"andre\"}},{\"@type\":\"WebPage\",\"@id\":\"https:\\\/\\\/minutobahia24h.com.br\\\/?p=24924#webpage\",\"url\":\"https:\\\/\\\/minutobahia24h.com.br\\\/?p=24924\",\"name\":\"Papa teve \\u201cboa\\u201d noite e repousa no hospital, diz Vaticano - Minuto Bahia 24h\",\"description\":\"Na madrugada desta segunda-feira (24), o Vaticano informou que o papa Francisco \\\"passou bem a noite, dormiu e est\\u00e1 descansando\\\". O pont\\u00edfice continua lutando contra uma pneumonia dupla. No domingo (23), ainda em estado cr\\u00edtico, o papa Francisco sofre de insufici\\u00eancia renal leve, disse o Vaticano. Em boletim divulgado na tarde de ontem, m\\u00e9dicos afirmaram que um novo\",\"inLanguage\":\"pt-BR\",\"isPartOf\":{\"@id\":\"https:\\\/\\\/minutobahia24h.com.br\\\/#website\"},\"breadcrumb\":{\"@id\":\"https:\\\/\\\/minutobahia24h.com.br\\\/?p=24924#breadcrumblist\"},\"author\":{\"@id\":\"https:\\\/\\\/minutobahia24h.com.br\\\/?author=2#author\"},\"creator\":{\"@id\":\"https:\\\/\\\/minutobahia24h.com.br\\\/?author=2#author\"},\"image\":{\"@type\":\"ImageObject\",\"url\":\"https:\\\/\\\/i0.wp.com\\\/minutobahia24h.com.br\\\/wp-content\\\/uploads\\\/2025\\\/02\\\/Sem-titulo-378.jpg?fit=983%2C656&ssl=1\",\"@id\":\"https:\\\/\\\/minutobahia24h.com.br\\\/?p=24924\\\/#mainImage\",\"width\":983,\"height\":656},\"primaryImageOfPage\":{\"@id\":\"https:\\\/\\\/minutobahia24h.com.br\\\/?p=24924#mainImage\"},\"datePublished\":\"2025-02-24T07:46:53-03:00\",\"dateModified\":\"2025-02-24T07:46:55-03:00\"},{\"@type\":\"WebSite\",\"@id\":\"https:\\\/\\\/minutobahia24h.com.br\\\/#website\",\"url\":\"https:\\\/\\\/minutobahia24h.com.br\\\/\",\"name\":\"Minuto Bahia 24h\",\"description\":\"O seu portal de not\\u00edcias\",\"inLanguage\":\"pt-BR\",\"publisher\":{\"@id\":\"https:\\\/\\\/minutobahia24h.com.br\\\/#organization\"}}]}\n\t\t<\/script>\n\t\t<!-- All in One SEO -->\n\n","aioseo_head_json":{"title":"Papa teve \u201cboa\u201d noite e repousa no hospital, diz Vaticano - Minuto Bahia 24h","description":"Na madrugada desta segunda-feira (24), o Vaticano informou que o papa Francisco \"passou bem a noite, dormiu e est\u00e1 descansando\". O pont\u00edfice continua lutando contra uma pneumonia dupla. No domingo (23), ainda em estado cr\u00edtico, o papa Francisco sofre de insufici\u00eancia renal leve, disse o Vaticano. Em boletim divulgado na tarde de ontem, m\u00e9dicos afirmaram que um novo","canonical_url":"https:\/\/minutobahia24h.com.br\/?p=24924","robots":"max-image-preview:large","keywords":"","webmasterTools":{"miscellaneous":""},"schema":{"@context":"https:\/\/schema.org","@graph":[{"@type":"BlogPosting","@id":"https:\/\/minutobahia24h.com.br\/?p=24924#blogposting","name":"Papa teve \u201cboa\u201d noite e repousa no hospital, diz Vaticano - Minuto Bahia 24h","headline":"Papa teve &#8220;boa&#8221; noite e repousa no hospital, diz Vaticano","author":{"@id":"https:\/\/minutobahia24h.com.br\/?author=2#author"},"publisher":{"@id":"https:\/\/minutobahia24h.com.br\/#organization"},"image":{"@type":"ImageObject","url":"https:\/\/i0.wp.com\/minutobahia24h.com.br\/wp-content\/uploads\/2025\/02\/Sem-titulo-378.jpg?fit=983%2C656&ssl=1","width":983,"height":656},"datePublished":"2025-02-24T07:46:53-03:00","dateModified":"2025-02-24T07:46:55-03:00","inLanguage":"pt-BR","mainEntityOfPage":{"@id":"https:\/\/minutobahia24h.com.br\/?p=24924#webpage"},"isPartOf":{"@id":"https:\/\/minutobahia24h.com.br\/?p=24924#webpage"},"articleSection":"Mundo"},{"@type":"BreadcrumbList","@id":"https:\/\/minutobahia24h.com.br\/?p=24924#breadcrumblist","itemListElement":[{"@type":"ListItem","@id":"https:\/\/minutobahia24h.com.br#listItem","position":1,"name":"In\u00edcio","item":"https:\/\/minutobahia24h.com.br","nextItem":{"@type":"ListItem","@id":"https:\/\/minutobahia24h.com.br\/?cat=15#listItem","name":"Mundo"}},{"@type":"ListItem","@id":"https:\/\/minutobahia24h.com.br\/?cat=15#listItem","position":2,"name":"Mundo","item":"https:\/\/minutobahia24h.com.br\/?cat=15","nextItem":{"@type":"ListItem","@id":"https:\/\/minutobahia24h.com.br\/?p=24924#listItem","name":"Papa teve &#8220;boa&#8221; noite e repousa no hospital, diz Vaticano"},"previousItem":{"@type":"ListItem","@id":"https:\/\/minutobahia24h.com.br#listItem","name":"In\u00edcio"}},{"@type":"ListItem","@id":"https:\/\/minutobahia24h.com.br\/?p=24924#listItem","position":3,"name":"Papa teve &#8220;boa&#8221; noite e repousa no hospital, diz Vaticano","previousItem":{"@type":"ListItem","@id":"https:\/\/minutobahia24h.com.br\/?cat=15#listItem","name":"Mundo"}}]},{"@type":"Organization","@id":"https:\/\/minutobahia24h.com.br\/#organization","name":"Minuto Bahia 24h","description":"O seu portal de not\u00edcias","url":"https:\/\/minutobahia24h.com.br\/","logo":{"@type":"ImageObject","url":"https:\/\/i0.wp.com\/minutobahia24h.com.br\/wp-content\/uploads\/2023\/09\/cropped-minutoba.png?fit=457%2C119&ssl=1","@id":"https:\/\/minutobahia24h.com.br\/?p=24924\/#organizationLogo","width":457,"height":119},"image":{"@id":"https:\/\/minutobahia24h.com.br\/?p=24924\/#organizationLogo"}},{"@type":"Person","@id":"https:\/\/minutobahia24h.com.br\/?author=2#author","url":"https:\/\/minutobahia24h.com.br\/?author=2","name":"andre","image":{"@type":"ImageObject","@id":"https:\/\/minutobahia24h.com.br\/?p=24924#authorImage","url":"https:\/\/secure.gravatar.com\/avatar\/0ec5eafed5f3925c321625d79a680d589901b94bca787ae396a35f6c4a960922?s=96&d=mm&r=g","width":96,"height":96,"caption":"andre"}},{"@type":"WebPage","@id":"https:\/\/minutobahia24h.com.br\/?p=24924#webpage","url":"https:\/\/minutobahia24h.com.br\/?p=24924","name":"Papa teve \u201cboa\u201d noite e repousa no hospital, diz Vaticano - Minuto Bahia 24h","description":"Na madrugada desta segunda-feira (24), o Vaticano informou que o papa Francisco \"passou bem a noite, dormiu e est\u00e1 descansando\". O pont\u00edfice continua lutando contra uma pneumonia dupla. No domingo (23), ainda em estado cr\u00edtico, o papa Francisco sofre de insufici\u00eancia renal leve, disse o Vaticano. Em boletim divulgado na tarde de ontem, m\u00e9dicos afirmaram que um novo","inLanguage":"pt-BR","isPartOf":{"@id":"https:\/\/minutobahia24h.com.br\/#website"},"breadcrumb":{"@id":"https:\/\/minutobahia24h.com.br\/?p=24924#breadcrumblist"},"author":{"@id":"https:\/\/minutobahia24h.com.br\/?author=2#author"},"creator":{"@id":"https:\/\/minutobahia24h.com.br\/?author=2#author"},"image":{"@type":"ImageObject","url":"https:\/\/i0.wp.com\/minutobahia24h.com.br\/wp-content\/uploads\/2025\/02\/Sem-titulo-378.jpg?fit=983%2C656&ssl=1","@id":"https:\/\/minutobahia24h.com.br\/?p=24924\/#mainImage","width":983,"height":656},"primaryImageOfPage":{"@id":"https:\/\/minutobahia24h.com.br\/?p=24924#mainImage"},"datePublished":"2025-02-24T07:46:53-03:00","dateModified":"2025-02-24T07:46:55-03:00"},{"@type":"WebSite","@id":"https:\/\/minutobahia24h.com.br\/#website","url":"https:\/\/minutobahia24h.com.br\/","name":"Minuto Bahia 24h","description":"O seu portal de not\u00edcias","inLanguage":"pt-BR","publisher":{"@id":"https:\/\/minutobahia24h.com.br\/#organization"}}]},"og:locale":"pt_BR","og:site_name":"Minuto Bahia 24h - O seu portal de not\u00edcias","og:type":"article","og:title":"Papa teve \u201cboa\u201d noite e repousa no hospital, diz Vaticano - Minuto Bahia 24h","og:description":"Na madrugada desta segunda-feira (24), o Vaticano informou que o papa Francisco &quot;passou bem a noite, dormiu e est\u00e1 descansando&quot;. O pont\u00edfice continua lutando contra uma pneumonia dupla. No domingo (23), ainda em estado cr\u00edtico, o papa Francisco sofre de insufici\u00eancia renal leve, disse o Vaticano. Em boletim divulgado na tarde de ontem, m\u00e9dicos afirmaram que um novo","og:url":"https:\/\/minutobahia24h.com.br\/?p=24924","og:image":"https:\/\/minutobahia24h.com.br\/wp-content\/uploads\/2025\/02\/Sem-titulo-378.jpg","og:image:secure_url":"https:\/\/minutobahia24h.com.br\/wp-content\/uploads\/2025\/02\/Sem-titulo-378.jpg","og:image:width":983,"og:image:height":656,"article:published_time":"2025-02-24T10:46:53+00:00","article:modified_time":"2025-02-24T10:46:55+00:00","twitter:card":"summary_large_image","twitter:title":"Papa teve \u201cboa\u201d noite e repousa no hospital, diz Vaticano - Minuto Bahia 24h","twitter:description":"Na madrugada desta segunda-feira (24), o Vaticano informou que o papa Francisco &quot;passou bem a noite, dormiu e est\u00e1 descansando&quot;. O pont\u00edfice continua lutando contra uma pneumonia dupla. No domingo (23), ainda em estado cr\u00edtico, o papa Francisco sofre de insufici\u00eancia renal leve, disse o Vaticano. Em boletim divulgado na tarde de ontem, m\u00e9dicos afirmaram que um novo","twitter:image":"https:\/\/minutobahia24h.com.br\/wp-content\/uploads\/2025\/02\/Sem-titulo-378.jpg"},"aioseo_meta_data":{"post_id":"24924","title":null,"description":null,"keywords":null,"keyphrases":{"focus":{"keyphrase":"","score":0,"analysis":{"keyphraseInTitle":{"score":0,"maxScore":9,"error":1}}},"additional":[]},"primary_term":null,"canonical_url":null,"og_title":null,"og_description":null,"og_object_type":"default","og_image_type":"default","og_image_url":null,"og_image_width":null,"og_image_height":null,"og_image_custom_url":null,"og_image_custom_fields":null,"og_video":"","og_custom_url":null,"og_article_section":null,"og_article_tags":null,"twitter_use_og":true,"twitter_card":"default","twitter_image_type":"default","twitter_image_url":null,"twitter_image_custom_url":null,"twitter_image_custom_fields":null,"twitter_title":null,"twitter_description":null,"schema":{"blockGraphs":[],"customGraphs":[],"default":{"data":{"Article":[],"Course":[],"Dataset":[],"FAQPage":[],"Movie":[],"Person":[],"Product":[],"ProductReview":[],"Car":[],"Recipe":[],"Service":[],"SoftwareApplication":[],"WebPage":[]},"graphName":"BlogPosting","isEnabled":true},"graphs":[]},"schema_type":"default","schema_type_options":null,"pillar_content":false,"robots_default":true,"robots_noindex":false,"robots_noarchive":false,"robots_nosnippet":false,"robots_nofollow":false,"robots_noimageindex":false,"robots_noodp":false,"robots_notranslate":false,"robots_max_snippet":"-1","robots_max_videopreview":"-1","robots_max_imagepreview":"large","priority":null,"frequency":"default","local_seo":null,"breadcrumb_settings":null,"limit_modified_date":false,"ai":null,"created":"2025-02-24 10:46:55","updated":"2025-06-05 13:30:33","seo_analyzer_scan_date":null,"focus_keyword":null,"additional_keywords":null,"truseo_locale":null},"aioseo_breadcrumb":"<div class=\"aioseo-breadcrumbs\"><span class=\"aioseo-breadcrumb\">\n\t\t\t<a href=\"https:\/\/minutobahia24h.com.br\" title=\"In\u00edcio\">In\u00edcio<\/a>\n\t\t<\/span><span class=\"aioseo-breadcrumb-separator\">&raquo;<\/span><span class=\"aioseo-breadcrumb\">\n\t\t\t<a href=\"https:\/\/minutobahia24h.com.br\/?cat=15\" title=\"Mundo\">Mundo<\/a>\n\t\t<\/span><span class=\"aioseo-breadcrumb-separator\">&raquo;<\/span><span class=\"aioseo-breadcrumb\">\n\t\t\tPapa teve \u201cboa\u201d noite e repousa no hospital, diz Vaticano\n\t\t<\/span><\/div>","aioseo_breadcrumb_json":[{"label":"In\u00edcio","link":"https:\/\/minutobahia24h.com.br"},{"label":"Mundo","link":"https:\/\/minutobahia24h.com.br\/?cat=15"},{"label":"Papa teve &#8220;boa&#8221; noite e repousa no hospital, diz Vaticano","link":"https:\/\/minutobahia24h.com.br\/?p=24924"}],"jetpack_sharing_enabled":true,"jetpack_featured_media_url":"https:\/\/i0.wp.com\/minutobahia24h.com.br\/wp-content\/uploads\/2025\/02\/Sem-titulo-378.jpg?fit=983%2C656&ssl=1","_links":{"self":[{"href":"https:\/\/minutobahia24h.com.br\/index.php?rest_route=\/wp\/v2\/posts\/24924","targetHints":{"allow":["GET"]}}],"collection":[{"href":"https:\/\/minutobahia24h.com.br\/index.php?rest_route=\/wp\/v2\/posts"}],"about":[{"href":"https:\/\/minutobahia24h.com.br\/index.php?rest_route=\/wp\/v2\/types\/post"}],"author":[{"embeddable":true,"href":"https:\/\/minutobahia24h.com.br\/index.php?rest_route=\/wp\/v2\/users\/2"}],"replies":[{"embeddable":true,"href":"https:\/\/minutobahia24h.com.br\/index.php?rest_route=%2Fwp%2Fv2%2Fcomments&post=24924"}],"version-history":[{"count":1,"href":"https:\/\/minutobahia24h.com.br\/index.php?rest_route=\/wp\/v2\/posts\/24924\/revisions"}],"predecessor-version":[{"id":24926,"href":"https:\/\/minutobahia24h.com.br\/index.php?rest_route=\/wp\/v2\/posts\/24924\/revisions\/24926"}],"wp:featuredmedia":[{"embeddable":true,"href":"https:\/\/minutobahia24h.com.br\/index.php?rest_route=\/wp\/v2\/media\/24925"}],"wp:attachment":[{"href":"https:\/\/minutobahia24h.com.br\/index.php?rest_route=%2Fwp%2Fv2%2Fmedia&parent=24924"}],"wp:term":[{"taxonomy":"category","embeddable":true,"href":"https:\/\/minutobahia24h.com.br\/index.php?rest_route=%2Fwp%2Fv2%2Fcategories&post=24924"},{"taxonomy":"post_tag","embeddable":true,"href":"https:\/\/minutobahia24h.com.br\/index.php?rest_route=%2Fwp%2Fv2%2Ftags&post=24924"}],"curies":[{"name":"wp","href":"https:\/\/api.w.org\/{rel}","templated":true}]}}