{"id":24921,"date":"2025-02-24T07:44:28","date_gmt":"2025-02-24T10:44:28","guid":{"rendered":"https:\/\/minutobahia24h.com.br\/?p=24921"},"modified":"2025-02-24T07:44:29","modified_gmt":"2025-02-24T10:44:29","slug":"queda-expressiva-da-popularidade-de-lula-alimenta-duvidas-sobre-2026","status":"publish","type":"post","link":"https:\/\/minutobahia24h.com.br\/?p=24921","title":{"rendered":"Queda expressiva da popularidade de Lula alimenta d\u00favidas sobre 2026"},"content":{"rendered":"<div class=\"wp-block-image\">\n<figure class=\"aligncenter size-full\"><img data-recalc-dims=\"1\" fetchpriority=\"high\" decoding=\"async\" width=\"599\" height=\"400\" src=\"https:\/\/i0.wp.com\/minutobahia24h.com.br\/wp-content\/uploads\/2025\/02\/Sem-titulo-377.jpg?resize=599%2C400&#038;ssl=1\" alt=\"\" class=\"wp-image-24922\" srcset=\"https:\/\/i0.wp.com\/minutobahia24h.com.br\/wp-content\/uploads\/2025\/02\/Sem-titulo-377.jpg?w=599&amp;ssl=1 599w, https:\/\/i0.wp.com\/minutobahia24h.com.br\/wp-content\/uploads\/2025\/02\/Sem-titulo-377.jpg?resize=300%2C200&amp;ssl=1 300w\" sizes=\"(max-width: 599px) 100vw, 599px\" \/><\/figure>\n<\/div>\n\n\n<p>Uma sequ\u00eancia de n\u00fameros preocupantes ligou de forma definitiva o sinal de alerta no Pal\u00e1cio do Planalto. A falta de paci\u00eancia dos eleitores com o desempenho de Luiz In\u00e1cio Lula da Silva foi exposta em uma s\u00e9rie de levantamentos nas \u00faltimas semanas, que convergiram na mesma dire\u00e7\u00e3o: pela primeira vez, a reprova\u00e7\u00e3o do governo foi maior que a aprova\u00e7\u00e3o. A sondagem mais recente, divulgada pelo Paran\u00e1 Pesquisas, na quarta-feira 19, mostra que 55% dos brasileiros rejeitam Lula, enquanto 42% o aprovam. Em rela\u00e7\u00e3o ao desempenho, 45% dos entrevistados avaliam hoje sua gest\u00e3o como \u201cruim\u201d ou \u201cp\u00e9ssima\u201d \u2014 28,8% a consideram \u201cboa\u201d ou \u201c\u00f3tima\u201d e 25% apontam o governo como \u201cregular\u201d. A reportagem \u00e9 da Veja.<\/p>\n\n\n\n<p>\u00c9 verdade que per\u00edodos de baixa na popularidade podem ocorrer durante um mandato presidencial. Todos os ocupantes do Pal\u00e1cio do Planalto desde a redemocratiza\u00e7\u00e3o passaram por oscila\u00e7\u00f5es na avalia\u00e7\u00e3o, sobretudo em momentos de turbul\u00eancia econ\u00f4mica. \u00c9 o caso de Jos\u00e9 Sarney (MDB), que terminou o mandato, marcado pela infla\u00e7\u00e3o galopante, com 9% de aprova\u00e7\u00e3o. Fernando Henrique Cardoso (PSDB), no primeiro ano de seu segundo mandato, viu sua popularidade chegar a 13%. O cen\u00e1rio atual enfrentado por Lula, no entanto, tem agravantes que podem tornar mais desafiador o esfor\u00e7o de recupera\u00e7\u00e3o de imagem. Al\u00e9m da falta de marcas importantes da atual gest\u00e3o, a situa\u00e7\u00e3o econ\u00f4mica do pa\u00eds, com infla\u00e7\u00e3o amea\u00e7ando sair do controle, contribui para a avalia\u00e7\u00e3o ruim do governo. \u201cQuem vai no mercado tem a percep\u00e7\u00e3o de que tudo est\u00e1 mais caro, e isso sempre foi um fator determinante na popularidade de um presidente\u201d, afirma o cientista pol\u00edtico Elias Tavares. \u201cAs pessoas esperavam que ele entregasse resultados como em seus primeiros mandatos.\u201d<a><\/a><\/p>\n\n\n\n<p>Aos poucos, como mostram as pesquisas, at\u00e9 a base mais fiel ao petista come\u00e7ou a v\u00ea-lo com desconfian\u00e7a. Levantamento do Datafolha divulgado no \u00faltimo dia 14 mostra que, entre dezembro e janeiro, a popularidade do presidente desabou 20 pontos percentuais entre seus eleitores tradicionais. Era de 66% a taxa de aprova\u00e7\u00e3o de Lula entre as pessoas que haviam votado nele. Agora, esse n\u00famero caiu para 46%. A debandada se verifica em cidad\u00e3os de baixa renda, nordestinos e jovens, segmentos em que o petista sempre teve vota\u00e7\u00e3o expressiva, mas que se mostram desiludidos com a atual gest\u00e3o e veem um governo incapaz de entregar a prosperidade que havia prometido na campanha. Se n\u00e3o bastasse, a gest\u00e3o parece aos olhos de muitos mais distante de quem sempre votou na sigla. \u201cO PT hoje n\u00e3o \u00e9 mais dos trabalhadores\u201d, diz o barbeiro Weser Costa, de 43 anos, morador da Zona Sul de S\u00e3o Paulo, um tradicional reduto do partido na maior metr\u00f3pole do pa\u00eds. Filho de um pastor petista, ele faz parte de um raro grupo de evang\u00e9licos de esquerda, mas perdeu a convic\u00e7\u00e3o que sempre teve de votar no partido.<\/p>\n\n\n\n<p>Para al\u00e9m das quest\u00f5es ideol\u00f3gicas, o que pesa mais no momento mesmo para a perda da popularidade do presidente \u00e9 a infla\u00e7\u00e3o de produtos essenciais no bolso dos brasileiros. \u201cA d\u00fazia de ovos est\u00e1 20 reais. Nunca vi isso\u201d, reclama o baiano Nilvan Queiroz, de 70 anos, dono de um restaurante no centro da cidade de S\u00e3o Paulo. Aos 17 anos, ele saiu de Ibotirama (BA), \u00e0s margens do Rio S\u00e3o Francisco, para buscar uma vida melhor na cidade grande \u2014 e conseguiu. Na capital paulista, o empres\u00e1rio trabalhou como gar\u00e7om em pizzaria e chegou a ter tr\u00eas lanchonetes, mas fechou duas na pandemia. Os relatos do irm\u00e3o, que ficou na Bahia, sobre os primeiros governos petistas o fizeram votar em Lula nas \u00faltimas elei\u00e7\u00f5es. No entanto, o pre\u00e7o exorbitante dos alimentos e a falta de seguran\u00e7a, que o for\u00e7a a fechar seu estabelecimento mais cedo \u00e0s quintas, sextas e s\u00e1bados, e n\u00e3o abrir aos domingos, deixaram Queiroz arrependido do voto.<\/p>\n\n\n\n<p>Lula tamb\u00e9m perdeu o apoio entre os mais jovens. O desgaste nessa base mais fiel de eleitores tem reflexos diretos no meio pol\u00edtico. A consequ\u00eancia direta disso \u00e9 o aumento do cacife para parlamentares e partidos barganharem o apoio ao presidente em uma gest\u00e3o que sempre sofreu para garantir a governabilidade. Lula j\u00e1 ofereceu minist\u00e9rios a partidos com grandes bancadas, mas n\u00e3o conseguiu a garantia de alinhamento total dessa turma com o Pal\u00e1cio do Planalto. S\u00e3o os casos do PSD, de Gilberto Kassab, e do Republicanos, de Marcos Pereira. Na esteira da queda de popularidade de Lula, ambos os caciques aproveitaram o momento para alfinetar publicamente o petista. O presidente do Republicanos disse que Lula comanda um \u201cgoverno sem rumo\u201d. J\u00e1 o l\u00edder do PSD, conhecido no meio pol\u00edtico como algu\u00e9m que faz proje\u00e7\u00f5es certeiras, afirmou, no fim de janeiro, que, se as elei\u00e7\u00f5es fossem naquele momento, Lula seria derrotado. Na mesma ocasi\u00e3o, Kassab tamb\u00e9m criticou a condu\u00e7\u00e3o de Fernando Haddad na economia, chamando-o de \u201cfraco\u201d.<\/p>\n\n\n\n<p>Integrantes do governo reconhecem o tamanho do problema, mas ainda mant\u00eam o otimismo com a possibilidade de uma guinada. Existe a cren\u00e7a de que grande parte dos problemas reside na incapacidade de comunicar aos eleitores as boas iniciativas da gest\u00e3o. Recrutado para mudar essa percep\u00e7\u00e3o, o marqueteiro Sid\u00f4nio Palmeira, novo chefe da Secretaria de Comunica\u00e7\u00e3o Social, tem o diagn\u00f3stico de que a real avalia\u00e7\u00e3o sobre o governo \u00e9 \u201cmuito menos negativa\u201d do que mostram as pesquisas. Essa cren\u00e7a, no entanto, vem sendo desmentida a cada novo levantamento.<\/p>\n\n\n\n<p>No campo pol\u00edtico, a iminente reforma ministerial ser\u00e1 uma tentativa de fortalecer apoios entre os partidos do Centr\u00e3o. Para Lula, a miss\u00e3o \u00e9 retomar viagens pelo pa\u00eds, o que ele j\u00e1 vem fazendo. \u201cNingu\u00e9m se conecta com o povo como o Lula\u201d, diz Marco Aur\u00e9lio de Carvalho, l\u00edder do Prerrogativas, grupo de juristas ligados ao PT. A situa\u00e7\u00e3o atual mostra que esse la\u00e7o hist\u00f3rico come\u00e7ou a se enfraquecer. O desafio na segunda metade do governo \u00e9 se reaproximar dessa base mais fiel e reconquistar a confian\u00e7a de segmentos para al\u00e9m da bolha da esquerda, como parte da classe m\u00e9dia urbana. Ser\u00e1 uma verdadeira corrida contra o tempo.<\/p>\n\n\n\n<p>O Globo&nbsp;<\/p>\n","protected":false},"excerpt":{"rendered":"<p>Uma sequ\u00eancia de n\u00fameros preocupantes ligou de forma definitiva o sinal de alerta no Pal\u00e1cio do Planalto. A falta de paci\u00eancia dos eleitores com o desempenho de Luiz In\u00e1cio Lula da Silva foi exposta em uma s\u00e9rie de levantamentos nas \u00faltimas semanas, que convergiram na mesma dire\u00e7\u00e3o: pela primeira vez, a reprova\u00e7\u00e3o do governo foi [&hellip;]<\/p>\n","protected":false},"author":2,"featured_media":24922,"comment_status":"open","ping_status":"open","sticky":false,"template":"","format":"standard","meta":{"_jetpack_memberships_contains_paid_content":false,"footnotes":""},"categories":[39],"tags":[],"class_list":["post-24921","post","type-post","status-publish","format-standard","has-post-thumbnail","hentry","category-politica"],"aioseo_notices":[],"jetpack_featured_media_url":"https:\/\/i0.wp.com\/minutobahia24h.com.br\/wp-content\/uploads\/2025\/02\/Sem-titulo-377.jpg?fit=599%2C400&ssl=1","jetpack_sharing_enabled":true,"_links":{"self":[{"href":"https:\/\/minutobahia24h.com.br\/index.php?rest_route=\/wp\/v2\/posts\/24921","targetHints":{"allow":["GET"]}}],"collection":[{"href":"https:\/\/minutobahia24h.com.br\/index.php?rest_route=\/wp\/v2\/posts"}],"about":[{"href":"https:\/\/minutobahia24h.com.br\/index.php?rest_route=\/wp\/v2\/types\/post"}],"author":[{"embeddable":true,"href":"https:\/\/minutobahia24h.com.br\/index.php?rest_route=\/wp\/v2\/users\/2"}],"replies":[{"embeddable":true,"href":"https:\/\/minutobahia24h.com.br\/index.php?rest_route=%2Fwp%2Fv2%2Fcomments&post=24921"}],"version-history":[{"count":1,"href":"https:\/\/minutobahia24h.com.br\/index.php?rest_route=\/wp\/v2\/posts\/24921\/revisions"}],"predecessor-version":[{"id":24923,"href":"https:\/\/minutobahia24h.com.br\/index.php?rest_route=\/wp\/v2\/posts\/24921\/revisions\/24923"}],"wp:featuredmedia":[{"embeddable":true,"href":"https:\/\/minutobahia24h.com.br\/index.php?rest_route=\/wp\/v2\/media\/24922"}],"wp:attachment":[{"href":"https:\/\/minutobahia24h.com.br\/index.php?rest_route=%2Fwp%2Fv2%2Fmedia&parent=24921"}],"wp:term":[{"taxonomy":"category","embeddable":true,"href":"https:\/\/minutobahia24h.com.br\/index.php?rest_route=%2Fwp%2Fv2%2Fcategories&post=24921"},{"taxonomy":"post_tag","embeddable":true,"href":"https:\/\/minutobahia24h.com.br\/index.php?rest_route=%2Fwp%2Fv2%2Ftags&post=24921"}],"curies":[{"name":"wp","href":"https:\/\/api.w.org\/{rel}","templated":true}]}}