{"id":24894,"date":"2025-02-24T07:11:16","date_gmt":"2025-02-24T10:11:16","guid":{"rendered":"https:\/\/minutobahia24h.com.br\/?p=24894"},"modified":"2025-02-24T07:11:18","modified_gmt":"2025-02-24T10:11:18","slug":"comerciantes-abandonam-a-tradicional-feira-do-bode-de-santa-rosa-de-lima-devido-a-falta-de-seguranca-e-estrutura","status":"publish","type":"post","link":"https:\/\/minutobahia24h.com.br\/?p=24894","title":{"rendered":"Comerciantes abandonam a tradicional \u201cFeira do Bode\u201d de Santa Rosa de Lima devido \u00e0 falta de seguran\u00e7a e estrutura"},"content":{"rendered":"<div class=\"wp-block-image\">\n<figure class=\"aligncenter size-full is-resized\"><img data-recalc-dims=\"1\" fetchpriority=\"high\" decoding=\"async\" width=\"258\" height=\"197\" src=\"https:\/\/i0.wp.com\/minutobahia24h.com.br\/wp-content\/uploads\/2025\/02\/Sem-titulo-369.jpg?resize=258%2C197&#038;ssl=1\" alt=\"\" class=\"wp-image-24895\" style=\"width:344px;height:auto\"\/><\/figure>\n<\/div>\n\n\n<p class=\"wp-block-paragraph\">A falta de seguran\u00e7a e de estrutura tem levado comerciantes a se afastarem da tradicional \u201cFeira do Bode\u201d, localizada no distrito de Santa Rosa de Lima, no interior de Jaguarari. A preocupa\u00e7\u00e3o com a situa\u00e7\u00e3o foi manifestada pelo vereador F\u00e1bio Vieira, durante sess\u00e3o realizada na \u00faltima quinta-feira (20). O parlamentar, que fez um requerimento cobrando solu\u00e7\u00f5es urgentes para o problema, alertou para o impacto que a inseguran\u00e7a tem gerado no com\u00e9rcio local.<\/p>\n\n\n\n<p class=\"wp-block-paragraph\">\u201cO volume de dinheiro que circula no com\u00e9rcio \u00e9 muito grande, mas por falta de seguran\u00e7a, os comerciantes de Uau\u00e1 e Senhor do Bonfim, que compram o bode em Santa Rosa, j\u00e1 n\u00e3o querem mais vir, porque est\u00e3o com medo de serem assaltados\u201d, afirmou o vereador, destacando o risco que os comerciantes t\u00eam enfrentado ao realizar suas transa\u00e7\u00f5es na feira.<\/p>\n\n\n\n<p class=\"wp-block-paragraph\">Como medida para resolver o problema, F\u00e1bio Vieira sugeriu a constru\u00e7\u00e3o de uma guarita no local, onde a Pol\u00edcia Militar e a Guarda Civil possam fazer presen\u00e7a constante, proporcionando mais seguran\u00e7a aos comerciantes e \u00e0 popula\u00e7\u00e3o. \u201cO munic\u00edpio poderia aproveitar o curral que foi constru\u00eddo perto da nova escola, mas nunca foi utilizado. Ele est\u00e1 cheio de mato e poderia ser realocado para um ponto mais pr\u00f3ximo do centro da cidade, junto com a constru\u00e7\u00e3o de uma guarita. Assim, a seguran\u00e7a seria refor\u00e7ada\u201d, recomendou o vereador.<\/p>\n\n\n\n<p class=\"wp-block-paragraph\">A \u201cFeira do Bode\u201d \u00e9 uma tradi\u00e7\u00e3o local e tem um papel importante para o com\u00e9rcio, n\u00e3o apenas por ser um ponto de venda de produtos, mas tamb\u00e9m por contribuir para o aquecimento da economia da comunidade, com dinheiro permanecendo no pr\u00f3prio munic\u00edpio.<\/p>\n\n\n\n<p class=\"wp-block-paragraph\">A solu\u00e7\u00e3o apontada por F\u00e1bio Vieira busca garantir que a feira continue como uma importante fonte de renda e desenvolvimento para a regi\u00e3o, ao mesmo tempo em que oferece maior seguran\u00e7a para todos os envolvidos.<\/p>\n\n\n\n<p class=\"wp-block-paragraph\"><strong><em>Por Ivan Silva\/ Fonte: ivansilvanoticia<\/em><\/strong><\/p>\n","protected":false},"excerpt":{"rendered":"<p>A falta de seguran\u00e7a e de estrutura tem levado comerciantes a se afastarem da tradicional \u201cFeira do Bode\u201d, localizada no distrito de Santa Rosa de Lima, no interior de Jaguarari. A preocupa\u00e7\u00e3o com a situa\u00e7\u00e3o foi manifestada pelo vereador F\u00e1bio Vieira, durante sess\u00e3o realizada na \u00faltima quinta-feira (20). O parlamentar, que fez um requerimento cobrando [&hellip;]<\/p>\n","protected":false},"author":2,"featured_media":24895,"comment_status":"open","ping_status":"open","sticky":false,"template":"","format":"standard","meta":{"_jetpack_newsletter_access":"","_jetpack_dont_email_post_to_subs":false,"_jetpack_newsletter_tier_id":0,"_jetpack_memberships_contains_paywalled_content":false,"_jetpack_feature_clip_id":0,"_jetpack_memberships_contains_paid_content":false,"footnotes":"","jetpack_post_was_ever_published":false},"categories":[3],"tags":[],"class_list":["post-24894","post","type-post","status-publish","format-standard","has-post-thumbnail","hentry","category-regional"],"aioseo_notices":[],"aioseo_head":"\n\t\t<!-- All in One SEO 5.0.1.1 - aioseo.com -->\n\t<meta name=\"description\" content=\"A falta de seguran\u00e7a e de estrutura tem levado comerciantes a se afastarem da tradicional \u201cFeira do Bode\u201d, localizada no distrito de Santa Rosa de Lima, no interior de Jaguarari. A preocupa\u00e7\u00e3o com a situa\u00e7\u00e3o foi manifestada pelo vereador F\u00e1bio Vieira, durante sess\u00e3o realizada na \u00faltima quinta-feira (20). O parlamentar, que fez um requerimento cobrando\" \/>\n\t<meta name=\"robots\" content=\"max-image-preview:large\" \/>\n\t<meta name=\"author\" content=\"andre\"\/>\n\t<link rel=\"canonical\" href=\"https:\/\/minutobahia24h.com.br\/?p=24894\" \/>\n\t<meta name=\"generator\" content=\"All in One SEO (AIOSEO) 5.0.1.1\" \/>\n\t\t<meta property=\"og:locale\" content=\"pt_BR\" \/>\n\t\t<meta property=\"og:site_name\" content=\"Minuto Bahia 24h - O seu portal de not\u00edcias\" \/>\n\t\t<meta property=\"og:type\" content=\"article\" \/>\n\t\t<meta property=\"og:title\" content=\"Comerciantes abandonam a tradicional \u201cFeira do Bode\u201d de Santa Rosa de Lima devido \u00e0 falta de seguran\u00e7a e estrutura - Minuto Bahia 24h\" \/>\n\t\t<meta property=\"og:description\" content=\"A falta de seguran\u00e7a e de estrutura tem levado comerciantes a se afastarem da tradicional \u201cFeira do Bode\u201d, localizada no distrito de Santa Rosa de Lima, no interior de Jaguarari. A preocupa\u00e7\u00e3o com a situa\u00e7\u00e3o foi manifestada pelo vereador F\u00e1bio Vieira, durante sess\u00e3o realizada na \u00faltima quinta-feira (20). O parlamentar, que fez um requerimento cobrando\" \/>\n\t\t<meta property=\"og:url\" content=\"https:\/\/minutobahia24h.com.br\/?p=24894\" \/>\n\t\t<meta property=\"og:image\" content=\"https:\/\/minutobahia24h.com.br\/wp-content\/uploads\/2025\/02\/Sem-titulo-369.jpg\" \/>\n\t\t<meta property=\"og:image:secure_url\" content=\"https:\/\/minutobahia24h.com.br\/wp-content\/uploads\/2025\/02\/Sem-titulo-369.jpg\" \/>\n\t\t<meta property=\"og:image:width\" content=\"258\" \/>\n\t\t<meta property=\"og:image:height\" content=\"197\" \/>\n\t\t<meta property=\"article:published_time\" content=\"2025-02-24T10:11:16+00:00\" \/>\n\t\t<meta property=\"article:modified_time\" content=\"2025-02-24T10:11:18+00:00\" \/>\n\t\t<meta name=\"twitter:card\" content=\"summary_large_image\" \/>\n\t\t<meta name=\"twitter:title\" content=\"Comerciantes abandonam a tradicional \u201cFeira do Bode\u201d de Santa Rosa de Lima devido \u00e0 falta de seguran\u00e7a e estrutura - Minuto Bahia 24h\" \/>\n\t\t<meta name=\"twitter:description\" content=\"A falta de seguran\u00e7a e de estrutura tem levado comerciantes a se afastarem da tradicional \u201cFeira do Bode\u201d, localizada no distrito de Santa Rosa de Lima, no interior de Jaguarari. A preocupa\u00e7\u00e3o com a situa\u00e7\u00e3o foi manifestada pelo vereador F\u00e1bio Vieira, durante sess\u00e3o realizada na \u00faltima quinta-feira (20). O parlamentar, que fez um requerimento cobrando\" \/>\n\t\t<meta name=\"twitter:image\" content=\"https:\/\/minutobahia24h.com.br\/wp-content\/uploads\/2025\/02\/Sem-titulo-369.jpg\" \/>\n\t\t<script type=\"application\/ld+json\" class=\"aioseo-schema\">\n\t\t\t{\"@context\":\"https:\\\/\\\/schema.org\",\"@graph\":[{\"@type\":\"BlogPosting\",\"@id\":\"https:\\\/\\\/minutobahia24h.com.br\\\/?p=24894#blogposting\",\"name\":\"Comerciantes abandonam a tradicional \\u201cFeira do Bode\\u201d de Santa Rosa de Lima devido \\u00e0 falta de seguran\\u00e7a e estrutura - Minuto Bahia 24h\",\"headline\":\"Comerciantes abandonam a tradicional \\u201cFeira do Bode\\u201d de Santa Rosa de Lima devido \\u00e0 falta de seguran\\u00e7a e estrutura\",\"author\":{\"@id\":\"https:\\\/\\\/minutobahia24h.com.br\\\/?author=2#author\"},\"publisher\":{\"@id\":\"https:\\\/\\\/minutobahia24h.com.br\\\/#organization\"},\"image\":{\"@type\":\"ImageObject\",\"url\":\"https:\\\/\\\/i0.wp.com\\\/minutobahia24h.com.br\\\/wp-content\\\/uploads\\\/2025\\\/02\\\/Sem-titulo-369.jpg?fit=258%2C197&ssl=1\",\"width\":258,\"height\":197},\"datePublished\":\"2025-02-24T07:11:16-03:00\",\"dateModified\":\"2025-02-24T07:11:18-03:00\",\"inLanguage\":\"pt-BR\",\"mainEntityOfPage\":{\"@id\":\"https:\\\/\\\/minutobahia24h.com.br\\\/?p=24894#webpage\"},\"isPartOf\":{\"@id\":\"https:\\\/\\\/minutobahia24h.com.br\\\/?p=24894#webpage\"},\"articleSection\":\"Regional\"},{\"@type\":\"BreadcrumbList\",\"@id\":\"https:\\\/\\\/minutobahia24h.com.br\\\/?p=24894#breadcrumblist\",\"itemListElement\":[{\"@type\":\"ListItem\",\"@id\":\"https:\\\/\\\/minutobahia24h.com.br#listItem\",\"position\":1,\"name\":\"In\\u00edcio\",\"item\":\"https:\\\/\\\/minutobahia24h.com.br\",\"nextItem\":{\"@type\":\"ListItem\",\"@id\":\"https:\\\/\\\/minutobahia24h.com.br\\\/?cat=3#listItem\",\"name\":\"Regional\"}},{\"@type\":\"ListItem\",\"@id\":\"https:\\\/\\\/minutobahia24h.com.br\\\/?cat=3#listItem\",\"position\":2,\"name\":\"Regional\",\"item\":\"https:\\\/\\\/minutobahia24h.com.br\\\/?cat=3\",\"nextItem\":{\"@type\":\"ListItem\",\"@id\":\"https:\\\/\\\/minutobahia24h.com.br\\\/?p=24894#listItem\",\"name\":\"Comerciantes abandonam a tradicional \\u201cFeira do Bode\\u201d de Santa Rosa de Lima devido \\u00e0 falta de seguran\\u00e7a e estrutura\"},\"previousItem\":{\"@type\":\"ListItem\",\"@id\":\"https:\\\/\\\/minutobahia24h.com.br#listItem\",\"name\":\"In\\u00edcio\"}},{\"@type\":\"ListItem\",\"@id\":\"https:\\\/\\\/minutobahia24h.com.br\\\/?p=24894#listItem\",\"position\":3,\"name\":\"Comerciantes abandonam a tradicional \\u201cFeira do Bode\\u201d de Santa Rosa de Lima devido \\u00e0 falta de seguran\\u00e7a e estrutura\",\"previousItem\":{\"@type\":\"ListItem\",\"@id\":\"https:\\\/\\\/minutobahia24h.com.br\\\/?cat=3#listItem\",\"name\":\"Regional\"}}]},{\"@type\":\"Organization\",\"@id\":\"https:\\\/\\\/minutobahia24h.com.br\\\/#organization\",\"name\":\"Minuto Bahia 24h\",\"description\":\"O seu portal de not\\u00edcias\",\"url\":\"https:\\\/\\\/minutobahia24h.com.br\\\/\",\"logo\":{\"@type\":\"ImageObject\",\"url\":\"https:\\\/\\\/i0.wp.com\\\/minutobahia24h.com.br\\\/wp-content\\\/uploads\\\/2023\\\/09\\\/cropped-minutoba.png?fit=457%2C119&ssl=1\",\"@id\":\"https:\\\/\\\/minutobahia24h.com.br\\\/?p=24894\\\/#organizationLogo\",\"width\":457,\"height\":119},\"image\":{\"@id\":\"https:\\\/\\\/minutobahia24h.com.br\\\/?p=24894\\\/#organizationLogo\"}},{\"@type\":\"Person\",\"@id\":\"https:\\\/\\\/minutobahia24h.com.br\\\/?author=2#author\",\"url\":\"https:\\\/\\\/minutobahia24h.com.br\\\/?author=2\",\"name\":\"andre\",\"image\":{\"@type\":\"ImageObject\",\"@id\":\"https:\\\/\\\/minutobahia24h.com.br\\\/?p=24894#authorImage\",\"url\":\"https:\\\/\\\/secure.gravatar.com\\\/avatar\\\/0ec5eafed5f3925c321625d79a680d589901b94bca787ae396a35f6c4a960922?s=96&d=mm&r=g\",\"width\":96,\"height\":96,\"caption\":\"andre\"}},{\"@type\":\"WebPage\",\"@id\":\"https:\\\/\\\/minutobahia24h.com.br\\\/?p=24894#webpage\",\"url\":\"https:\\\/\\\/minutobahia24h.com.br\\\/?p=24894\",\"name\":\"Comerciantes abandonam a tradicional \\u201cFeira do Bode\\u201d de Santa Rosa de Lima devido \\u00e0 falta de seguran\\u00e7a e estrutura - Minuto Bahia 24h\",\"description\":\"A falta de seguran\\u00e7a e de estrutura tem levado comerciantes a se afastarem da tradicional \\u201cFeira do Bode\\u201d, localizada no distrito de Santa Rosa de Lima, no interior de Jaguarari. A preocupa\\u00e7\\u00e3o com a situa\\u00e7\\u00e3o foi manifestada pelo vereador F\\u00e1bio Vieira, durante sess\\u00e3o realizada na \\u00faltima quinta-feira (20). O parlamentar, que fez um requerimento cobrando\",\"inLanguage\":\"pt-BR\",\"isPartOf\":{\"@id\":\"https:\\\/\\\/minutobahia24h.com.br\\\/#website\"},\"breadcrumb\":{\"@id\":\"https:\\\/\\\/minutobahia24h.com.br\\\/?p=24894#breadcrumblist\"},\"author\":{\"@id\":\"https:\\\/\\\/minutobahia24h.com.br\\\/?author=2#author\"},\"creator\":{\"@id\":\"https:\\\/\\\/minutobahia24h.com.br\\\/?author=2#author\"},\"image\":{\"@type\":\"ImageObject\",\"url\":\"https:\\\/\\\/i0.wp.com\\\/minutobahia24h.com.br\\\/wp-content\\\/uploads\\\/2025\\\/02\\\/Sem-titulo-369.jpg?fit=258%2C197&ssl=1\",\"@id\":\"https:\\\/\\\/minutobahia24h.com.br\\\/?p=24894\\\/#mainImage\",\"width\":258,\"height\":197},\"primaryImageOfPage\":{\"@id\":\"https:\\\/\\\/minutobahia24h.com.br\\\/?p=24894#mainImage\"},\"datePublished\":\"2025-02-24T07:11:16-03:00\",\"dateModified\":\"2025-02-24T07:11:18-03:00\"},{\"@type\":\"WebSite\",\"@id\":\"https:\\\/\\\/minutobahia24h.com.br\\\/#website\",\"url\":\"https:\\\/\\\/minutobahia24h.com.br\\\/\",\"name\":\"Minuto Bahia 24h\",\"description\":\"O seu portal de not\\u00edcias\",\"inLanguage\":\"pt-BR\",\"publisher\":{\"@id\":\"https:\\\/\\\/minutobahia24h.com.br\\\/#organization\"}}]}\n\t\t<\/script>\n\t\t<!-- All in One SEO -->\n\n","aioseo_head_json":{"title":"Comerciantes abandonam a tradicional \u201cFeira do Bode\u201d de Santa Rosa de Lima devido \u00e0 falta de seguran\u00e7a e estrutura - Minuto Bahia 24h","description":"A falta de seguran\u00e7a e de estrutura tem levado comerciantes a se afastarem da tradicional \u201cFeira do Bode\u201d, localizada no distrito de Santa Rosa de Lima, no interior de Jaguarari. A preocupa\u00e7\u00e3o com a situa\u00e7\u00e3o foi manifestada pelo vereador F\u00e1bio Vieira, durante sess\u00e3o realizada na \u00faltima quinta-feira (20). O parlamentar, que fez um requerimento cobrando","canonical_url":"https:\/\/minutobahia24h.com.br\/?p=24894","robots":"max-image-preview:large","keywords":"","webmasterTools":{"miscellaneous":""},"schema":{"@context":"https:\/\/schema.org","@graph":[{"@type":"BlogPosting","@id":"https:\/\/minutobahia24h.com.br\/?p=24894#blogposting","name":"Comerciantes abandonam a tradicional \u201cFeira do Bode\u201d de Santa Rosa de Lima devido \u00e0 falta de seguran\u00e7a e estrutura - Minuto Bahia 24h","headline":"Comerciantes abandonam a tradicional \u201cFeira do Bode\u201d de Santa Rosa de Lima devido \u00e0 falta de seguran\u00e7a e estrutura","author":{"@id":"https:\/\/minutobahia24h.com.br\/?author=2#author"},"publisher":{"@id":"https:\/\/minutobahia24h.com.br\/#organization"},"image":{"@type":"ImageObject","url":"https:\/\/i0.wp.com\/minutobahia24h.com.br\/wp-content\/uploads\/2025\/02\/Sem-titulo-369.jpg?fit=258%2C197&ssl=1","width":258,"height":197},"datePublished":"2025-02-24T07:11:16-03:00","dateModified":"2025-02-24T07:11:18-03:00","inLanguage":"pt-BR","mainEntityOfPage":{"@id":"https:\/\/minutobahia24h.com.br\/?p=24894#webpage"},"isPartOf":{"@id":"https:\/\/minutobahia24h.com.br\/?p=24894#webpage"},"articleSection":"Regional"},{"@type":"BreadcrumbList","@id":"https:\/\/minutobahia24h.com.br\/?p=24894#breadcrumblist","itemListElement":[{"@type":"ListItem","@id":"https:\/\/minutobahia24h.com.br#listItem","position":1,"name":"In\u00edcio","item":"https:\/\/minutobahia24h.com.br","nextItem":{"@type":"ListItem","@id":"https:\/\/minutobahia24h.com.br\/?cat=3#listItem","name":"Regional"}},{"@type":"ListItem","@id":"https:\/\/minutobahia24h.com.br\/?cat=3#listItem","position":2,"name":"Regional","item":"https:\/\/minutobahia24h.com.br\/?cat=3","nextItem":{"@type":"ListItem","@id":"https:\/\/minutobahia24h.com.br\/?p=24894#listItem","name":"Comerciantes abandonam a tradicional \u201cFeira do Bode\u201d de Santa Rosa de Lima devido \u00e0 falta de seguran\u00e7a e estrutura"},"previousItem":{"@type":"ListItem","@id":"https:\/\/minutobahia24h.com.br#listItem","name":"In\u00edcio"}},{"@type":"ListItem","@id":"https:\/\/minutobahia24h.com.br\/?p=24894#listItem","position":3,"name":"Comerciantes abandonam a tradicional \u201cFeira do Bode\u201d de Santa Rosa de Lima devido \u00e0 falta de seguran\u00e7a e estrutura","previousItem":{"@type":"ListItem","@id":"https:\/\/minutobahia24h.com.br\/?cat=3#listItem","name":"Regional"}}]},{"@type":"Organization","@id":"https:\/\/minutobahia24h.com.br\/#organization","name":"Minuto Bahia 24h","description":"O seu portal de not\u00edcias","url":"https:\/\/minutobahia24h.com.br\/","logo":{"@type":"ImageObject","url":"https:\/\/i0.wp.com\/minutobahia24h.com.br\/wp-content\/uploads\/2023\/09\/cropped-minutoba.png?fit=457%2C119&ssl=1","@id":"https:\/\/minutobahia24h.com.br\/?p=24894\/#organizationLogo","width":457,"height":119},"image":{"@id":"https:\/\/minutobahia24h.com.br\/?p=24894\/#organizationLogo"}},{"@type":"Person","@id":"https:\/\/minutobahia24h.com.br\/?author=2#author","url":"https:\/\/minutobahia24h.com.br\/?author=2","name":"andre","image":{"@type":"ImageObject","@id":"https:\/\/minutobahia24h.com.br\/?p=24894#authorImage","url":"https:\/\/secure.gravatar.com\/avatar\/0ec5eafed5f3925c321625d79a680d589901b94bca787ae396a35f6c4a960922?s=96&d=mm&r=g","width":96,"height":96,"caption":"andre"}},{"@type":"WebPage","@id":"https:\/\/minutobahia24h.com.br\/?p=24894#webpage","url":"https:\/\/minutobahia24h.com.br\/?p=24894","name":"Comerciantes abandonam a tradicional \u201cFeira do Bode\u201d de Santa Rosa de Lima devido \u00e0 falta de seguran\u00e7a e estrutura - Minuto Bahia 24h","description":"A falta de seguran\u00e7a e de estrutura tem levado comerciantes a se afastarem da tradicional \u201cFeira do Bode\u201d, localizada no distrito de Santa Rosa de Lima, no interior de Jaguarari. A preocupa\u00e7\u00e3o com a situa\u00e7\u00e3o foi manifestada pelo vereador F\u00e1bio Vieira, durante sess\u00e3o realizada na \u00faltima quinta-feira (20). O parlamentar, que fez um requerimento cobrando","inLanguage":"pt-BR","isPartOf":{"@id":"https:\/\/minutobahia24h.com.br\/#website"},"breadcrumb":{"@id":"https:\/\/minutobahia24h.com.br\/?p=24894#breadcrumblist"},"author":{"@id":"https:\/\/minutobahia24h.com.br\/?author=2#author"},"creator":{"@id":"https:\/\/minutobahia24h.com.br\/?author=2#author"},"image":{"@type":"ImageObject","url":"https:\/\/i0.wp.com\/minutobahia24h.com.br\/wp-content\/uploads\/2025\/02\/Sem-titulo-369.jpg?fit=258%2C197&ssl=1","@id":"https:\/\/minutobahia24h.com.br\/?p=24894\/#mainImage","width":258,"height":197},"primaryImageOfPage":{"@id":"https:\/\/minutobahia24h.com.br\/?p=24894#mainImage"},"datePublished":"2025-02-24T07:11:16-03:00","dateModified":"2025-02-24T07:11:18-03:00"},{"@type":"WebSite","@id":"https:\/\/minutobahia24h.com.br\/#website","url":"https:\/\/minutobahia24h.com.br\/","name":"Minuto Bahia 24h","description":"O seu portal de not\u00edcias","inLanguage":"pt-BR","publisher":{"@id":"https:\/\/minutobahia24h.com.br\/#organization"}}]},"og:locale":"pt_BR","og:site_name":"Minuto Bahia 24h - O seu portal de not\u00edcias","og:type":"article","og:title":"Comerciantes abandonam a tradicional \u201cFeira do Bode\u201d de Santa Rosa de Lima devido \u00e0 falta de seguran\u00e7a e estrutura - Minuto Bahia 24h","og:description":"A falta de seguran\u00e7a e de estrutura tem levado comerciantes a se afastarem da tradicional \u201cFeira do Bode\u201d, localizada no distrito de Santa Rosa de Lima, no interior de Jaguarari. A preocupa\u00e7\u00e3o com a situa\u00e7\u00e3o foi manifestada pelo vereador F\u00e1bio Vieira, durante sess\u00e3o realizada na \u00faltima quinta-feira (20). O parlamentar, que fez um requerimento cobrando","og:url":"https:\/\/minutobahia24h.com.br\/?p=24894","og:image":"https:\/\/minutobahia24h.com.br\/wp-content\/uploads\/2025\/02\/Sem-titulo-369.jpg","og:image:secure_url":"https:\/\/minutobahia24h.com.br\/wp-content\/uploads\/2025\/02\/Sem-titulo-369.jpg","og:image:width":258,"og:image:height":197,"article:published_time":"2025-02-24T10:11:16+00:00","article:modified_time":"2025-02-24T10:11:18+00:00","twitter:card":"summary_large_image","twitter:title":"Comerciantes abandonam a tradicional \u201cFeira do Bode\u201d de Santa Rosa de Lima devido \u00e0 falta de seguran\u00e7a e estrutura - Minuto Bahia 24h","twitter:description":"A falta de seguran\u00e7a e de estrutura tem levado comerciantes a se afastarem da tradicional \u201cFeira do Bode\u201d, localizada no distrito de Santa Rosa de Lima, no interior de Jaguarari. A preocupa\u00e7\u00e3o com a situa\u00e7\u00e3o foi manifestada pelo vereador F\u00e1bio Vieira, durante sess\u00e3o realizada na \u00faltima quinta-feira (20). O parlamentar, que fez um requerimento cobrando","twitter:image":"https:\/\/minutobahia24h.com.br\/wp-content\/uploads\/2025\/02\/Sem-titulo-369.jpg"},"aioseo_meta_data":{"post_id":"24894","title":null,"description":null,"keywords":null,"keyphrases":{"focus":{"keyphrase":"","score":0,"analysis":{"keyphraseInTitle":{"score":0,"maxScore":9,"error":1}}},"additional":[]},"primary_term":null,"canonical_url":null,"og_title":null,"og_description":null,"og_object_type":"default","og_image_type":"default","og_image_url":null,"og_image_width":null,"og_image_height":null,"og_image_custom_url":null,"og_image_custom_fields":null,"og_video":"","og_custom_url":null,"og_article_section":null,"og_article_tags":null,"twitter_use_og":true,"twitter_card":"default","twitter_image_type":"default","twitter_image_url":null,"twitter_image_custom_url":null,"twitter_image_custom_fields":null,"twitter_title":null,"twitter_description":null,"schema":{"blockGraphs":[],"customGraphs":[],"default":{"data":{"Article":[],"Course":[],"Dataset":[],"FAQPage":[],"Movie":[],"Person":[],"Product":[],"ProductReview":[],"Car":[],"Recipe":[],"Service":[],"SoftwareApplication":[],"WebPage":[]},"graphName":"BlogPosting","isEnabled":true},"graphs":[]},"schema_type":"default","schema_type_options":null,"pillar_content":false,"robots_default":true,"robots_noindex":false,"robots_noarchive":false,"robots_nosnippet":false,"robots_nofollow":false,"robots_noimageindex":false,"robots_noodp":false,"robots_notranslate":false,"robots_max_snippet":"-1","robots_max_videopreview":"-1","robots_max_imagepreview":"large","priority":null,"frequency":"default","local_seo":null,"breadcrumb_settings":null,"limit_modified_date":false,"ai":null,"created":"2025-02-24 10:11:18","updated":"2025-06-05 13:28:03","seo_analyzer_scan_date":null,"focus_keyword":null,"additional_keywords":null,"truseo_locale":null},"aioseo_breadcrumb":"<div class=\"aioseo-breadcrumbs\"><span class=\"aioseo-breadcrumb\">\n\t\t\t<a href=\"https:\/\/minutobahia24h.com.br\" title=\"In\u00edcio\">In\u00edcio<\/a>\n\t\t<\/span><span class=\"aioseo-breadcrumb-separator\">&raquo;<\/span><span class=\"aioseo-breadcrumb\">\n\t\t\t<a href=\"https:\/\/minutobahia24h.com.br\/?cat=3\" title=\"Regional\">Regional<\/a>\n\t\t<\/span><span class=\"aioseo-breadcrumb-separator\">&raquo;<\/span><span class=\"aioseo-breadcrumb\">\n\t\t\tComerciantes abandonam a tradicional \u201cFeira do Bode\u201d de Santa Rosa de Lima devido \u00e0 falta de seguran\u00e7a e estrutura\n\t\t<\/span><\/div>","aioseo_breadcrumb_json":[{"label":"In\u00edcio","link":"https:\/\/minutobahia24h.com.br"},{"label":"Regional","link":"https:\/\/minutobahia24h.com.br\/?cat=3"},{"label":"Comerciantes abandonam a tradicional \u201cFeira do Bode\u201d de Santa Rosa de Lima devido \u00e0 falta de seguran\u00e7a e estrutura","link":"https:\/\/minutobahia24h.com.br\/?p=24894"}],"jetpack_sharing_enabled":true,"jetpack_featured_media_url":"https:\/\/i0.wp.com\/minutobahia24h.com.br\/wp-content\/uploads\/2025\/02\/Sem-titulo-369.jpg?fit=258%2C197&ssl=1","_links":{"self":[{"href":"https:\/\/minutobahia24h.com.br\/index.php?rest_route=\/wp\/v2\/posts\/24894","targetHints":{"allow":["GET"]}}],"collection":[{"href":"https:\/\/minutobahia24h.com.br\/index.php?rest_route=\/wp\/v2\/posts"}],"about":[{"href":"https:\/\/minutobahia24h.com.br\/index.php?rest_route=\/wp\/v2\/types\/post"}],"author":[{"embeddable":true,"href":"https:\/\/minutobahia24h.com.br\/index.php?rest_route=\/wp\/v2\/users\/2"}],"replies":[{"embeddable":true,"href":"https:\/\/minutobahia24h.com.br\/index.php?rest_route=%2Fwp%2Fv2%2Fcomments&post=24894"}],"version-history":[{"count":1,"href":"https:\/\/minutobahia24h.com.br\/index.php?rest_route=\/wp\/v2\/posts\/24894\/revisions"}],"predecessor-version":[{"id":24896,"href":"https:\/\/minutobahia24h.com.br\/index.php?rest_route=\/wp\/v2\/posts\/24894\/revisions\/24896"}],"wp:featuredmedia":[{"embeddable":true,"href":"https:\/\/minutobahia24h.com.br\/index.php?rest_route=\/wp\/v2\/media\/24895"}],"wp:attachment":[{"href":"https:\/\/minutobahia24h.com.br\/index.php?rest_route=%2Fwp%2Fv2%2Fmedia&parent=24894"}],"wp:term":[{"taxonomy":"category","embeddable":true,"href":"https:\/\/minutobahia24h.com.br\/index.php?rest_route=%2Fwp%2Fv2%2Fcategories&post=24894"},{"taxonomy":"post_tag","embeddable":true,"href":"https:\/\/minutobahia24h.com.br\/index.php?rest_route=%2Fwp%2Fv2%2Ftags&post=24894"}],"curies":[{"name":"wp","href":"https:\/\/api.w.org\/{rel}","templated":true}]}}