{"id":24891,"date":"2025-02-24T07:10:02","date_gmt":"2025-02-24T10:10:02","guid":{"rendered":"https:\/\/minutobahia24h.com.br\/?p=24891"},"modified":"2025-02-24T07:10:03","modified_gmt":"2025-02-24T10:10:03","slug":"apos-acusacoes-de-assedio-cai-o-comandante-da-rondesp-central","status":"publish","type":"post","link":"https:\/\/minutobahia24h.com.br\/?p=24891","title":{"rendered":"Ap\u00f3s acusa\u00e7\u00f5es de ass\u00e9dio, cai o comandante da Rondesp Central"},"content":{"rendered":"<div class=\"wp-block-image\">\n<figure class=\"aligncenter size-full\"><img data-recalc-dims=\"1\" fetchpriority=\"high\" decoding=\"async\" width=\"800\" height=\"444\" src=\"https:\/\/i0.wp.com\/minutobahia24h.com.br\/wp-content\/uploads\/2025\/02\/Sem-titulo-368.jpg?resize=800%2C444&#038;ssl=1\" alt=\"\" class=\"wp-image-24892\" srcset=\"https:\/\/i0.wp.com\/minutobahia24h.com.br\/wp-content\/uploads\/2025\/02\/Sem-titulo-368.jpg?w=900&amp;ssl=1 900w, https:\/\/i0.wp.com\/minutobahia24h.com.br\/wp-content\/uploads\/2025\/02\/Sem-titulo-368.jpg?resize=300%2C167&amp;ssl=1 300w, https:\/\/i0.wp.com\/minutobahia24h.com.br\/wp-content\/uploads\/2025\/02\/Sem-titulo-368.jpg?resize=768%2C427&amp;ssl=1 768w, https:\/\/i0.wp.com\/minutobahia24h.com.br\/wp-content\/uploads\/2025\/02\/Sem-titulo-368.jpg?resize=750%2C417&amp;ssl=1 750w\" sizes=\"(max-width: 800px) 100vw, 800px\" \/><\/figure>\n<\/div>\n\n\n<p class=\"wp-block-paragraph\">Ap\u00f3s acusa\u00e7\u00f5es de ass\u00e9dio moral, o major Carlos Eduardo Castro Cavalcante foi exonerado do comando da Rondesp Central. Segundo a&nbsp;Pol\u00edcia Militar&nbsp;(PM-BA), a den\u00fancia foi recebida e encaminhada para a Corregedoria da corpora\u00e7\u00e3o, que \u201cadotar\u00e1 as provid\u00eancias cab\u00edveis para a devida apura\u00e7\u00e3o dos fatos\u201d.<\/p>\n\n\n\n<p class=\"wp-block-paragraph\">De acordo com a PM, como medida cautelar e visando garantir a isen\u00e7\u00e3o do processo, a policial que apresentou a den\u00fancia contra o major foi transferida para outra unidade, onde segue \u201cdesempenhando suas fun\u00e7\u00f5es e recebendo o acompanhamento necess\u00e1rio\u201d.<\/p>\n\n\n\n<p class=\"wp-block-paragraph\">Com isso, Carlos ser\u00e1 substitu\u00eddo pela major Ana \u00c1urea de Souza Cidreira, que estava \u00e0 frente 40\u00aa Companhia Independente de Pol\u00edcia Militar (CIPM), situada no bairro do Nordeste de Amaralina, em Salvador.<\/p>\n\n\n\n<p class=\"wp-block-paragraph\">Ana \u00c1urea, que assume a companhia nesta sexta-feira (21), ser\u00e1 a primeira mulher que comanda a Rondesp Central. Ela \u00e9 especialista em Seguran\u00e7a P\u00fablica, al\u00e9m de forma\u00e7\u00e3o em An\u00e1lise Criminal, Pol\u00edcia Comunit\u00e1ria, Direitos Humanos e Cidadania, Uso Progressivo da For\u00e7a, Combate \u00e0 Lavagem de Dinheiro, Gerenciamento de Crises, al\u00e9m de especialista em explosivos.<\/p>\n\n\n\n<p class=\"wp-block-paragraph\">A policial foi ainda condecorada com as medalhas Tempo de servi\u00e7o Bronze e Prata (10 e 20 anos), M\u00e9rito Marechal Argolo \u2013 Visconde de Itaparica e a Medalha Tr\u00eas Marias.<\/p>\n\n\n\n<p class=\"wp-block-paragraph\"><strong><em>Fonte: jornalmassa<\/em><\/strong><\/p>\n","protected":false},"excerpt":{"rendered":"<p>Ap\u00f3s acusa\u00e7\u00f5es de ass\u00e9dio moral, o major Carlos Eduardo Castro Cavalcante foi exonerado do comando da Rondesp Central. Segundo a&nbsp;Pol\u00edcia Militar&nbsp;(PM-BA), a den\u00fancia foi recebida e encaminhada para a Corregedoria da corpora\u00e7\u00e3o, que \u201cadotar\u00e1 as provid\u00eancias cab\u00edveis para a devida apura\u00e7\u00e3o dos fatos\u201d. De acordo com a PM, como medida cautelar e visando garantir a [&hellip;]<\/p>\n","protected":false},"author":2,"featured_media":24892,"comment_status":"open","ping_status":"open","sticky":false,"template":"","format":"standard","meta":{"_jetpack_newsletter_access":"","_jetpack_dont_email_post_to_subs":false,"_jetpack_newsletter_tier_id":0,"_jetpack_memberships_contains_paywalled_content":false,"_jetpack_feature_clip_id":0,"_jetpack_memberships_contains_paid_content":false,"footnotes":"","jetpack_post_was_ever_published":false},"categories":[46],"tags":[],"class_list":["post-24891","post","type-post","status-publish","format-standard","has-post-thumbnail","hentry","category-noticia"],"aioseo_notices":[],"aioseo_head":"\n\t\t<!-- All in One SEO 5.0.1.1 - aioseo.com -->\n\t<meta name=\"description\" content=\"Ap\u00f3s acusa\u00e7\u00f5es de ass\u00e9dio moral, o major Carlos Eduardo Castro Cavalcante foi exonerado do comando da Rondesp Central. Segundo a Pol\u00edcia Militar (PM-BA), a den\u00fancia foi recebida e encaminhada para a Corregedoria da corpora\u00e7\u00e3o, que \u201cadotar\u00e1 as provid\u00eancias cab\u00edveis para a devida apura\u00e7\u00e3o dos fatos\u201d. De acordo com a PM, como medida cautelar e visando garantir a\" \/>\n\t<meta name=\"robots\" content=\"max-image-preview:large\" \/>\n\t<meta name=\"author\" content=\"andre\"\/>\n\t<link rel=\"canonical\" href=\"https:\/\/minutobahia24h.com.br\/?p=24891\" \/>\n\t<meta name=\"generator\" content=\"All in One SEO (AIOSEO) 5.0.1.1\" \/>\n\t\t<meta property=\"og:locale\" content=\"pt_BR\" \/>\n\t\t<meta property=\"og:site_name\" content=\"Minuto Bahia 24h - O seu portal de not\u00edcias\" \/>\n\t\t<meta property=\"og:type\" content=\"article\" \/>\n\t\t<meta property=\"og:title\" content=\"Ap\u00f3s acusa\u00e7\u00f5es de ass\u00e9dio, cai o comandante da Rondesp Central - Minuto Bahia 24h\" \/>\n\t\t<meta property=\"og:description\" content=\"Ap\u00f3s acusa\u00e7\u00f5es de ass\u00e9dio moral, o major Carlos Eduardo Castro Cavalcante foi exonerado do comando da Rondesp Central. Segundo a Pol\u00edcia Militar (PM-BA), a den\u00fancia foi recebida e encaminhada para a Corregedoria da corpora\u00e7\u00e3o, que \u201cadotar\u00e1 as provid\u00eancias cab\u00edveis para a devida apura\u00e7\u00e3o dos fatos\u201d. De acordo com a PM, como medida cautelar e visando garantir a\" \/>\n\t\t<meta property=\"og:url\" content=\"https:\/\/minutobahia24h.com.br\/?p=24891\" \/>\n\t\t<meta property=\"og:image\" content=\"https:\/\/minutobahia24h.com.br\/wp-content\/uploads\/2025\/02\/Sem-titulo-368.jpg\" \/>\n\t\t<meta property=\"og:image:secure_url\" content=\"https:\/\/minutobahia24h.com.br\/wp-content\/uploads\/2025\/02\/Sem-titulo-368.jpg\" \/>\n\t\t<meta property=\"og:image:width\" content=\"900\" \/>\n\t\t<meta property=\"og:image:height\" content=\"500\" \/>\n\t\t<meta property=\"article:published_time\" content=\"2025-02-24T10:10:02+00:00\" \/>\n\t\t<meta property=\"article:modified_time\" content=\"2025-02-24T10:10:03+00:00\" \/>\n\t\t<meta name=\"twitter:card\" content=\"summary_large_image\" \/>\n\t\t<meta name=\"twitter:title\" content=\"Ap\u00f3s acusa\u00e7\u00f5es de ass\u00e9dio, cai o comandante da Rondesp Central - Minuto Bahia 24h\" \/>\n\t\t<meta name=\"twitter:description\" content=\"Ap\u00f3s acusa\u00e7\u00f5es de ass\u00e9dio moral, o major Carlos Eduardo Castro Cavalcante foi exonerado do comando da Rondesp Central. Segundo a Pol\u00edcia Militar (PM-BA), a den\u00fancia foi recebida e encaminhada para a Corregedoria da corpora\u00e7\u00e3o, que \u201cadotar\u00e1 as provid\u00eancias cab\u00edveis para a devida apura\u00e7\u00e3o dos fatos\u201d. De acordo com a PM, como medida cautelar e visando garantir a\" \/>\n\t\t<meta name=\"twitter:image\" content=\"https:\/\/minutobahia24h.com.br\/wp-content\/uploads\/2025\/02\/Sem-titulo-368.jpg\" \/>\n\t\t<script type=\"application\/ld+json\" class=\"aioseo-schema\">\n\t\t\t{\"@context\":\"https:\\\/\\\/schema.org\",\"@graph\":[{\"@type\":\"BlogPosting\",\"@id\":\"https:\\\/\\\/minutobahia24h.com.br\\\/?p=24891#blogposting\",\"name\":\"Ap\\u00f3s acusa\\u00e7\\u00f5es de ass\\u00e9dio, cai o comandante da Rondesp Central - Minuto Bahia 24h\",\"headline\":\"Ap\\u00f3s acusa\\u00e7\\u00f5es de ass\\u00e9dio, cai o comandante da Rondesp Central\",\"author\":{\"@id\":\"https:\\\/\\\/minutobahia24h.com.br\\\/?author=2#author\"},\"publisher\":{\"@id\":\"https:\\\/\\\/minutobahia24h.com.br\\\/#organization\"},\"image\":{\"@type\":\"ImageObject\",\"url\":\"https:\\\/\\\/i0.wp.com\\\/minutobahia24h.com.br\\\/wp-content\\\/uploads\\\/2025\\\/02\\\/Sem-titulo-368.jpg?fit=900%2C500&ssl=1\",\"width\":900,\"height\":500},\"datePublished\":\"2025-02-24T07:10:02-03:00\",\"dateModified\":\"2025-02-24T07:10:03-03:00\",\"inLanguage\":\"pt-BR\",\"mainEntityOfPage\":{\"@id\":\"https:\\\/\\\/minutobahia24h.com.br\\\/?p=24891#webpage\"},\"isPartOf\":{\"@id\":\"https:\\\/\\\/minutobahia24h.com.br\\\/?p=24891#webpage\"},\"articleSection\":\"Not\\u00edcia\"},{\"@type\":\"BreadcrumbList\",\"@id\":\"https:\\\/\\\/minutobahia24h.com.br\\\/?p=24891#breadcrumblist\",\"itemListElement\":[{\"@type\":\"ListItem\",\"@id\":\"https:\\\/\\\/minutobahia24h.com.br#listItem\",\"position\":1,\"name\":\"In\\u00edcio\",\"item\":\"https:\\\/\\\/minutobahia24h.com.br\",\"nextItem\":{\"@type\":\"ListItem\",\"@id\":\"https:\\\/\\\/minutobahia24h.com.br\\\/?cat=46#listItem\",\"name\":\"Not\\u00edcia\"}},{\"@type\":\"ListItem\",\"@id\":\"https:\\\/\\\/minutobahia24h.com.br\\\/?cat=46#listItem\",\"position\":2,\"name\":\"Not\\u00edcia\",\"item\":\"https:\\\/\\\/minutobahia24h.com.br\\\/?cat=46\",\"nextItem\":{\"@type\":\"ListItem\",\"@id\":\"https:\\\/\\\/minutobahia24h.com.br\\\/?p=24891#listItem\",\"name\":\"Ap\\u00f3s acusa\\u00e7\\u00f5es de ass\\u00e9dio, cai o comandante da Rondesp Central\"},\"previousItem\":{\"@type\":\"ListItem\",\"@id\":\"https:\\\/\\\/minutobahia24h.com.br#listItem\",\"name\":\"In\\u00edcio\"}},{\"@type\":\"ListItem\",\"@id\":\"https:\\\/\\\/minutobahia24h.com.br\\\/?p=24891#listItem\",\"position\":3,\"name\":\"Ap\\u00f3s acusa\\u00e7\\u00f5es de ass\\u00e9dio, cai o comandante da Rondesp Central\",\"previousItem\":{\"@type\":\"ListItem\",\"@id\":\"https:\\\/\\\/minutobahia24h.com.br\\\/?cat=46#listItem\",\"name\":\"Not\\u00edcia\"}}]},{\"@type\":\"Organization\",\"@id\":\"https:\\\/\\\/minutobahia24h.com.br\\\/#organization\",\"name\":\"Minuto Bahia 24h\",\"description\":\"O seu portal de not\\u00edcias\",\"url\":\"https:\\\/\\\/minutobahia24h.com.br\\\/\",\"logo\":{\"@type\":\"ImageObject\",\"url\":\"https:\\\/\\\/i0.wp.com\\\/minutobahia24h.com.br\\\/wp-content\\\/uploads\\\/2023\\\/09\\\/cropped-minutoba.png?fit=457%2C119&ssl=1\",\"@id\":\"https:\\\/\\\/minutobahia24h.com.br\\\/?p=24891\\\/#organizationLogo\",\"width\":457,\"height\":119},\"image\":{\"@id\":\"https:\\\/\\\/minutobahia24h.com.br\\\/?p=24891\\\/#organizationLogo\"}},{\"@type\":\"Person\",\"@id\":\"https:\\\/\\\/minutobahia24h.com.br\\\/?author=2#author\",\"url\":\"https:\\\/\\\/minutobahia24h.com.br\\\/?author=2\",\"name\":\"andre\",\"image\":{\"@type\":\"ImageObject\",\"@id\":\"https:\\\/\\\/minutobahia24h.com.br\\\/?p=24891#authorImage\",\"url\":\"https:\\\/\\\/secure.gravatar.com\\\/avatar\\\/0ec5eafed5f3925c321625d79a680d589901b94bca787ae396a35f6c4a960922?s=96&d=mm&r=g\",\"width\":96,\"height\":96,\"caption\":\"andre\"}},{\"@type\":\"WebPage\",\"@id\":\"https:\\\/\\\/minutobahia24h.com.br\\\/?p=24891#webpage\",\"url\":\"https:\\\/\\\/minutobahia24h.com.br\\\/?p=24891\",\"name\":\"Ap\\u00f3s acusa\\u00e7\\u00f5es de ass\\u00e9dio, cai o comandante da Rondesp Central - Minuto Bahia 24h\",\"description\":\"Ap\\u00f3s acusa\\u00e7\\u00f5es de ass\\u00e9dio moral, o major Carlos Eduardo Castro Cavalcante foi exonerado do comando da Rondesp Central. Segundo a Pol\\u00edcia Militar (PM-BA), a den\\u00fancia foi recebida e encaminhada para a Corregedoria da corpora\\u00e7\\u00e3o, que \\u201cadotar\\u00e1 as provid\\u00eancias cab\\u00edveis para a devida apura\\u00e7\\u00e3o dos fatos\\u201d. De acordo com a PM, como medida cautelar e visando garantir a\",\"inLanguage\":\"pt-BR\",\"isPartOf\":{\"@id\":\"https:\\\/\\\/minutobahia24h.com.br\\\/#website\"},\"breadcrumb\":{\"@id\":\"https:\\\/\\\/minutobahia24h.com.br\\\/?p=24891#breadcrumblist\"},\"author\":{\"@id\":\"https:\\\/\\\/minutobahia24h.com.br\\\/?author=2#author\"},\"creator\":{\"@id\":\"https:\\\/\\\/minutobahia24h.com.br\\\/?author=2#author\"},\"image\":{\"@type\":\"ImageObject\",\"url\":\"https:\\\/\\\/i0.wp.com\\\/minutobahia24h.com.br\\\/wp-content\\\/uploads\\\/2025\\\/02\\\/Sem-titulo-368.jpg?fit=900%2C500&ssl=1\",\"@id\":\"https:\\\/\\\/minutobahia24h.com.br\\\/?p=24891\\\/#mainImage\",\"width\":900,\"height\":500},\"primaryImageOfPage\":{\"@id\":\"https:\\\/\\\/minutobahia24h.com.br\\\/?p=24891#mainImage\"},\"datePublished\":\"2025-02-24T07:10:02-03:00\",\"dateModified\":\"2025-02-24T07:10:03-03:00\"},{\"@type\":\"WebSite\",\"@id\":\"https:\\\/\\\/minutobahia24h.com.br\\\/#website\",\"url\":\"https:\\\/\\\/minutobahia24h.com.br\\\/\",\"name\":\"Minuto Bahia 24h\",\"description\":\"O seu portal de not\\u00edcias\",\"inLanguage\":\"pt-BR\",\"publisher\":{\"@id\":\"https:\\\/\\\/minutobahia24h.com.br\\\/#organization\"}}]}\n\t\t<\/script>\n\t\t<!-- All in One SEO -->\n\n","aioseo_head_json":{"title":"Ap\u00f3s acusa\u00e7\u00f5es de ass\u00e9dio, cai o comandante da Rondesp Central - Minuto Bahia 24h","description":"Ap\u00f3s acusa\u00e7\u00f5es de ass\u00e9dio moral, o major Carlos Eduardo Castro Cavalcante foi exonerado do comando da Rondesp Central. Segundo a Pol\u00edcia Militar (PM-BA), a den\u00fancia foi recebida e encaminhada para a Corregedoria da corpora\u00e7\u00e3o, que \u201cadotar\u00e1 as provid\u00eancias cab\u00edveis para a devida apura\u00e7\u00e3o dos fatos\u201d. De acordo com a PM, como medida cautelar e visando garantir a","canonical_url":"https:\/\/minutobahia24h.com.br\/?p=24891","robots":"max-image-preview:large","keywords":"","webmasterTools":{"miscellaneous":""},"schema":{"@context":"https:\/\/schema.org","@graph":[{"@type":"BlogPosting","@id":"https:\/\/minutobahia24h.com.br\/?p=24891#blogposting","name":"Ap\u00f3s acusa\u00e7\u00f5es de ass\u00e9dio, cai o comandante da Rondesp Central - Minuto Bahia 24h","headline":"Ap\u00f3s acusa\u00e7\u00f5es de ass\u00e9dio, cai o comandante da Rondesp Central","author":{"@id":"https:\/\/minutobahia24h.com.br\/?author=2#author"},"publisher":{"@id":"https:\/\/minutobahia24h.com.br\/#organization"},"image":{"@type":"ImageObject","url":"https:\/\/i0.wp.com\/minutobahia24h.com.br\/wp-content\/uploads\/2025\/02\/Sem-titulo-368.jpg?fit=900%2C500&ssl=1","width":900,"height":500},"datePublished":"2025-02-24T07:10:02-03:00","dateModified":"2025-02-24T07:10:03-03:00","inLanguage":"pt-BR","mainEntityOfPage":{"@id":"https:\/\/minutobahia24h.com.br\/?p=24891#webpage"},"isPartOf":{"@id":"https:\/\/minutobahia24h.com.br\/?p=24891#webpage"},"articleSection":"Not\u00edcia"},{"@type":"BreadcrumbList","@id":"https:\/\/minutobahia24h.com.br\/?p=24891#breadcrumblist","itemListElement":[{"@type":"ListItem","@id":"https:\/\/minutobahia24h.com.br#listItem","position":1,"name":"In\u00edcio","item":"https:\/\/minutobahia24h.com.br","nextItem":{"@type":"ListItem","@id":"https:\/\/minutobahia24h.com.br\/?cat=46#listItem","name":"Not\u00edcia"}},{"@type":"ListItem","@id":"https:\/\/minutobahia24h.com.br\/?cat=46#listItem","position":2,"name":"Not\u00edcia","item":"https:\/\/minutobahia24h.com.br\/?cat=46","nextItem":{"@type":"ListItem","@id":"https:\/\/minutobahia24h.com.br\/?p=24891#listItem","name":"Ap\u00f3s acusa\u00e7\u00f5es de ass\u00e9dio, cai o comandante da Rondesp Central"},"previousItem":{"@type":"ListItem","@id":"https:\/\/minutobahia24h.com.br#listItem","name":"In\u00edcio"}},{"@type":"ListItem","@id":"https:\/\/minutobahia24h.com.br\/?p=24891#listItem","position":3,"name":"Ap\u00f3s acusa\u00e7\u00f5es de ass\u00e9dio, cai o comandante da Rondesp Central","previousItem":{"@type":"ListItem","@id":"https:\/\/minutobahia24h.com.br\/?cat=46#listItem","name":"Not\u00edcia"}}]},{"@type":"Organization","@id":"https:\/\/minutobahia24h.com.br\/#organization","name":"Minuto Bahia 24h","description":"O seu portal de not\u00edcias","url":"https:\/\/minutobahia24h.com.br\/","logo":{"@type":"ImageObject","url":"https:\/\/i0.wp.com\/minutobahia24h.com.br\/wp-content\/uploads\/2023\/09\/cropped-minutoba.png?fit=457%2C119&ssl=1","@id":"https:\/\/minutobahia24h.com.br\/?p=24891\/#organizationLogo","width":457,"height":119},"image":{"@id":"https:\/\/minutobahia24h.com.br\/?p=24891\/#organizationLogo"}},{"@type":"Person","@id":"https:\/\/minutobahia24h.com.br\/?author=2#author","url":"https:\/\/minutobahia24h.com.br\/?author=2","name":"andre","image":{"@type":"ImageObject","@id":"https:\/\/minutobahia24h.com.br\/?p=24891#authorImage","url":"https:\/\/secure.gravatar.com\/avatar\/0ec5eafed5f3925c321625d79a680d589901b94bca787ae396a35f6c4a960922?s=96&d=mm&r=g","width":96,"height":96,"caption":"andre"}},{"@type":"WebPage","@id":"https:\/\/minutobahia24h.com.br\/?p=24891#webpage","url":"https:\/\/minutobahia24h.com.br\/?p=24891","name":"Ap\u00f3s acusa\u00e7\u00f5es de ass\u00e9dio, cai o comandante da Rondesp Central - Minuto Bahia 24h","description":"Ap\u00f3s acusa\u00e7\u00f5es de ass\u00e9dio moral, o major Carlos Eduardo Castro Cavalcante foi exonerado do comando da Rondesp Central. Segundo a Pol\u00edcia Militar (PM-BA), a den\u00fancia foi recebida e encaminhada para a Corregedoria da corpora\u00e7\u00e3o, que \u201cadotar\u00e1 as provid\u00eancias cab\u00edveis para a devida apura\u00e7\u00e3o dos fatos\u201d. De acordo com a PM, como medida cautelar e visando garantir a","inLanguage":"pt-BR","isPartOf":{"@id":"https:\/\/minutobahia24h.com.br\/#website"},"breadcrumb":{"@id":"https:\/\/minutobahia24h.com.br\/?p=24891#breadcrumblist"},"author":{"@id":"https:\/\/minutobahia24h.com.br\/?author=2#author"},"creator":{"@id":"https:\/\/minutobahia24h.com.br\/?author=2#author"},"image":{"@type":"ImageObject","url":"https:\/\/i0.wp.com\/minutobahia24h.com.br\/wp-content\/uploads\/2025\/02\/Sem-titulo-368.jpg?fit=900%2C500&ssl=1","@id":"https:\/\/minutobahia24h.com.br\/?p=24891\/#mainImage","width":900,"height":500},"primaryImageOfPage":{"@id":"https:\/\/minutobahia24h.com.br\/?p=24891#mainImage"},"datePublished":"2025-02-24T07:10:02-03:00","dateModified":"2025-02-24T07:10:03-03:00"},{"@type":"WebSite","@id":"https:\/\/minutobahia24h.com.br\/#website","url":"https:\/\/minutobahia24h.com.br\/","name":"Minuto Bahia 24h","description":"O seu portal de not\u00edcias","inLanguage":"pt-BR","publisher":{"@id":"https:\/\/minutobahia24h.com.br\/#organization"}}]},"og:locale":"pt_BR","og:site_name":"Minuto Bahia 24h - O seu portal de not\u00edcias","og:type":"article","og:title":"Ap\u00f3s acusa\u00e7\u00f5es de ass\u00e9dio, cai o comandante da Rondesp Central - Minuto Bahia 24h","og:description":"Ap\u00f3s acusa\u00e7\u00f5es de ass\u00e9dio moral, o major Carlos Eduardo Castro Cavalcante foi exonerado do comando da Rondesp Central. Segundo a Pol\u00edcia Militar (PM-BA), a den\u00fancia foi recebida e encaminhada para a Corregedoria da corpora\u00e7\u00e3o, que \u201cadotar\u00e1 as provid\u00eancias cab\u00edveis para a devida apura\u00e7\u00e3o dos fatos\u201d. De acordo com a PM, como medida cautelar e visando garantir a","og:url":"https:\/\/minutobahia24h.com.br\/?p=24891","og:image":"https:\/\/minutobahia24h.com.br\/wp-content\/uploads\/2025\/02\/Sem-titulo-368.jpg","og:image:secure_url":"https:\/\/minutobahia24h.com.br\/wp-content\/uploads\/2025\/02\/Sem-titulo-368.jpg","og:image:width":900,"og:image:height":500,"article:published_time":"2025-02-24T10:10:02+00:00","article:modified_time":"2025-02-24T10:10:03+00:00","twitter:card":"summary_large_image","twitter:title":"Ap\u00f3s acusa\u00e7\u00f5es de ass\u00e9dio, cai o comandante da Rondesp Central - Minuto Bahia 24h","twitter:description":"Ap\u00f3s acusa\u00e7\u00f5es de ass\u00e9dio moral, o major Carlos Eduardo Castro Cavalcante foi exonerado do comando da Rondesp Central. Segundo a Pol\u00edcia Militar (PM-BA), a den\u00fancia foi recebida e encaminhada para a Corregedoria da corpora\u00e7\u00e3o, que \u201cadotar\u00e1 as provid\u00eancias cab\u00edveis para a devida apura\u00e7\u00e3o dos fatos\u201d. De acordo com a PM, como medida cautelar e visando garantir a","twitter:image":"https:\/\/minutobahia24h.com.br\/wp-content\/uploads\/2025\/02\/Sem-titulo-368.jpg"},"aioseo_meta_data":{"post_id":"24891","title":null,"description":null,"keywords":null,"keyphrases":{"focus":{"keyphrase":"","score":0,"analysis":{"keyphraseInTitle":{"score":0,"maxScore":9,"error":1}}},"additional":[]},"primary_term":null,"canonical_url":null,"og_title":null,"og_description":null,"og_object_type":"default","og_image_type":"default","og_image_url":null,"og_image_width":null,"og_image_height":null,"og_image_custom_url":null,"og_image_custom_fields":null,"og_video":"","og_custom_url":null,"og_article_section":null,"og_article_tags":null,"twitter_use_og":true,"twitter_card":"default","twitter_image_type":"default","twitter_image_url":null,"twitter_image_custom_url":null,"twitter_image_custom_fields":null,"twitter_title":null,"twitter_description":null,"schema":{"blockGraphs":[],"customGraphs":[],"default":{"data":{"Article":[],"Course":[],"Dataset":[],"FAQPage":[],"Movie":[],"Person":[],"Product":[],"ProductReview":[],"Car":[],"Recipe":[],"Service":[],"SoftwareApplication":[],"WebPage":[]},"graphName":"BlogPosting","isEnabled":true},"graphs":[]},"schema_type":"default","schema_type_options":null,"pillar_content":false,"robots_default":true,"robots_noindex":false,"robots_noarchive":false,"robots_nosnippet":false,"robots_nofollow":false,"robots_noimageindex":false,"robots_noodp":false,"robots_notranslate":false,"robots_max_snippet":"-1","robots_max_videopreview":"-1","robots_max_imagepreview":"large","priority":null,"frequency":"default","local_seo":null,"breadcrumb_settings":null,"limit_modified_date":false,"ai":null,"created":"2025-02-24 10:10:03","updated":"2025-06-05 13:28:03","seo_analyzer_scan_date":null,"focus_keyword":null,"additional_keywords":null,"truseo_locale":null},"aioseo_breadcrumb":"<div class=\"aioseo-breadcrumbs\"><span class=\"aioseo-breadcrumb\">\n\t\t\t<a href=\"https:\/\/minutobahia24h.com.br\" title=\"In\u00edcio\">In\u00edcio<\/a>\n\t\t<\/span><span class=\"aioseo-breadcrumb-separator\">&raquo;<\/span><span class=\"aioseo-breadcrumb\">\n\t\t\t<a href=\"https:\/\/minutobahia24h.com.br\/?cat=46\" title=\"Not\u00edcia\">Not\u00edcia<\/a>\n\t\t<\/span><span class=\"aioseo-breadcrumb-separator\">&raquo;<\/span><span class=\"aioseo-breadcrumb\">\n\t\t\tAp\u00f3s acusa\u00e7\u00f5es de ass\u00e9dio, cai o comandante da Rondesp Central\n\t\t<\/span><\/div>","aioseo_breadcrumb_json":[{"label":"In\u00edcio","link":"https:\/\/minutobahia24h.com.br"},{"label":"Not\u00edcia","link":"https:\/\/minutobahia24h.com.br\/?cat=46"},{"label":"Ap\u00f3s acusa\u00e7\u00f5es de ass\u00e9dio, cai o comandante da Rondesp Central","link":"https:\/\/minutobahia24h.com.br\/?p=24891"}],"jetpack_sharing_enabled":true,"jetpack_featured_media_url":"https:\/\/i0.wp.com\/minutobahia24h.com.br\/wp-content\/uploads\/2025\/02\/Sem-titulo-368.jpg?fit=900%2C500&ssl=1","_links":{"self":[{"href":"https:\/\/minutobahia24h.com.br\/index.php?rest_route=\/wp\/v2\/posts\/24891","targetHints":{"allow":["GET"]}}],"collection":[{"href":"https:\/\/minutobahia24h.com.br\/index.php?rest_route=\/wp\/v2\/posts"}],"about":[{"href":"https:\/\/minutobahia24h.com.br\/index.php?rest_route=\/wp\/v2\/types\/post"}],"author":[{"embeddable":true,"href":"https:\/\/minutobahia24h.com.br\/index.php?rest_route=\/wp\/v2\/users\/2"}],"replies":[{"embeddable":true,"href":"https:\/\/minutobahia24h.com.br\/index.php?rest_route=%2Fwp%2Fv2%2Fcomments&post=24891"}],"version-history":[{"count":1,"href":"https:\/\/minutobahia24h.com.br\/index.php?rest_route=\/wp\/v2\/posts\/24891\/revisions"}],"predecessor-version":[{"id":24893,"href":"https:\/\/minutobahia24h.com.br\/index.php?rest_route=\/wp\/v2\/posts\/24891\/revisions\/24893"}],"wp:featuredmedia":[{"embeddable":true,"href":"https:\/\/minutobahia24h.com.br\/index.php?rest_route=\/wp\/v2\/media\/24892"}],"wp:attachment":[{"href":"https:\/\/minutobahia24h.com.br\/index.php?rest_route=%2Fwp%2Fv2%2Fmedia&parent=24891"}],"wp:term":[{"taxonomy":"category","embeddable":true,"href":"https:\/\/minutobahia24h.com.br\/index.php?rest_route=%2Fwp%2Fv2%2Fcategories&post=24891"},{"taxonomy":"post_tag","embeddable":true,"href":"https:\/\/minutobahia24h.com.br\/index.php?rest_route=%2Fwp%2Fv2%2Ftags&post=24891"}],"curies":[{"name":"wp","href":"https:\/\/api.w.org\/{rel}","templated":true}]}}