{"id":24888,"date":"2025-02-24T07:08:31","date_gmt":"2025-02-24T10:08:31","guid":{"rendered":"https:\/\/minutobahia24h.com.br\/?p=24888"},"modified":"2025-02-24T07:08:32","modified_gmt":"2025-02-24T10:08:32","slug":"reuniao-entre-gerente-regional-da-embasa-e-vereadores-discute-problemas-no-fornecimento-de-agua-em-santaluz","status":"publish","type":"post","link":"https:\/\/minutobahia24h.com.br\/?p=24888","title":{"rendered":"Reuni\u00e3o entre gerente regional da Embasa e vereadores discute problemas no fornecimento de \u00e1gua em Santaluz"},"content":{"rendered":"<div class=\"wp-block-image\">\n<figure class=\"aligncenter size-full\"><img data-recalc-dims=\"1\" fetchpriority=\"high\" decoding=\"async\" width=\"538\" height=\"404\" src=\"https:\/\/i0.wp.com\/minutobahia24h.com.br\/wp-content\/uploads\/2025\/02\/Sem-titulo-367.jpg?resize=538%2C404&#038;ssl=1\" alt=\"\" class=\"wp-image-24889\" srcset=\"https:\/\/i0.wp.com\/minutobahia24h.com.br\/wp-content\/uploads\/2025\/02\/Sem-titulo-367.jpg?w=538&amp;ssl=1 538w, https:\/\/i0.wp.com\/minutobahia24h.com.br\/wp-content\/uploads\/2025\/02\/Sem-titulo-367.jpg?resize=300%2C225&amp;ssl=1 300w\" sizes=\"(max-width: 538px) 100vw, 538px\" \/><\/figure>\n<\/div>\n\n\n<p class=\"wp-block-paragraph\">O gerente regional da Embasa em Senhor do Bonfim, Fl\u00e1vio Pimentel, se reuniu na \u00faltima sexta-feira (21) com quatro representantes da C\u00e2mara Municipal de Santaluz para discutir o abastecimento de \u00e1gua na cidade. Segundo a Embasa, as chuvas de janeiro causaram rompimentos em redes adutoras e alagaram instala\u00e7\u00f5es, dificultando a distribui\u00e7\u00e3o.<\/p>\n\n\n\n<p class=\"wp-block-paragraph\">Durante o encontro, os vereadores S\u00e9rgio Suzart, Jeov\u00e1 da Serra Branca, Paul\u00e3o e Vanvan do Mucambinho foram atualizados sobre o processo de normaliza\u00e7\u00e3o do abastecimento. A Embasa informou que a \u00e1rea central da cidade j\u00e1 est\u00e1 quase regularizada, enquanto outros dois setores est\u00e3o sendo abastecidos e encontram-se em fase de estabiliza\u00e7\u00e3o.<\/p>\n\n\n\n<p class=\"wp-block-paragraph\">No entanto, a normaliza\u00e7\u00e3o completa do sistema ainda enfrenta desafios. De acordo com a empresa, o longo per\u00edodo em que o sistema permaneceu comprometido, agravado pelo rompimento de duas grandes adutoras \u2014 uma delas em \u00e1rea alagada e de dif\u00edcil acesso \u2014 tem tornado o processo mais demorado.<\/p>\n\n\n\n<p class=\"wp-block-paragraph\"><em>\u201cAl\u00e9m disso, por estarem no semi\u00e1rido, muitos moradores s\u00e3o acostumados a reservar \u00e1gua e isso \u00e9 \u00f3timo, mas a grande quantidade de caixas d\u2019\u00e1gua e cisternas de grande porte na cidade faz com que a normaliza\u00e7\u00e3o seja mais lenta, mas estamos trabalhando sem folga para que o sistema volte \u00e0 normalidade o mais r\u00e1pido poss\u00edvel\u201d<\/em>, afirmou o gerente regional da Embasa.<\/p>\n\n\n\n<p class=\"wp-block-paragraph\">Not\u00edcias de Santaluz<\/p>\n","protected":false},"excerpt":{"rendered":"<p>O gerente regional da Embasa em Senhor do Bonfim, Fl\u00e1vio Pimentel, se reuniu na \u00faltima sexta-feira (21) com quatro representantes da C\u00e2mara Municipal de Santaluz para discutir o abastecimento de \u00e1gua na cidade. Segundo a Embasa, as chuvas de janeiro causaram rompimentos em redes adutoras e alagaram instala\u00e7\u00f5es, dificultando a distribui\u00e7\u00e3o. Durante o encontro, os [&hellip;]<\/p>\n","protected":false},"author":2,"featured_media":24889,"comment_status":"open","ping_status":"open","sticky":false,"template":"","format":"standard","meta":{"_jetpack_newsletter_access":"","_jetpack_dont_email_post_to_subs":false,"_jetpack_newsletter_tier_id":0,"_jetpack_memberships_contains_paywalled_content":false,"_jetpack_feature_clip_id":0,"_jetpack_memberships_contains_paid_content":false,"footnotes":"","jetpack_post_was_ever_published":false},"categories":[3],"tags":[],"class_list":["post-24888","post","type-post","status-publish","format-standard","has-post-thumbnail","hentry","category-regional"],"aioseo_notices":[],"aioseo_head":"\n\t\t<!-- All in One SEO 5.0.1.1 - aioseo.com -->\n\t<meta name=\"description\" content=\"O gerente regional da Embasa em Senhor do Bonfim, Fl\u00e1vio Pimentel, se reuniu na \u00faltima sexta-feira (21) com quatro representantes da C\u00e2mara Municipal de Santaluz para discutir o abastecimento de \u00e1gua na cidade. Segundo a Embasa, as chuvas de janeiro causaram rompimentos em redes adutoras e alagaram instala\u00e7\u00f5es, dificultando a distribui\u00e7\u00e3o. Durante o encontro, os\" \/>\n\t<meta name=\"robots\" content=\"max-image-preview:large\" \/>\n\t<meta name=\"author\" content=\"andre\"\/>\n\t<link rel=\"canonical\" href=\"https:\/\/minutobahia24h.com.br\/?p=24888\" \/>\n\t<meta name=\"generator\" content=\"All in One SEO (AIOSEO) 5.0.1.1\" \/>\n\t\t<meta property=\"og:locale\" content=\"pt_BR\" \/>\n\t\t<meta property=\"og:site_name\" content=\"Minuto Bahia 24h - O seu portal de not\u00edcias\" \/>\n\t\t<meta property=\"og:type\" content=\"article\" \/>\n\t\t<meta property=\"og:title\" content=\"Reuni\u00e3o entre gerente regional da Embasa e vereadores discute problemas no fornecimento de \u00e1gua em Santaluz - Minuto Bahia 24h\" \/>\n\t\t<meta property=\"og:description\" content=\"O gerente regional da Embasa em Senhor do Bonfim, Fl\u00e1vio Pimentel, se reuniu na \u00faltima sexta-feira (21) com quatro representantes da C\u00e2mara Municipal de Santaluz para discutir o abastecimento de \u00e1gua na cidade. Segundo a Embasa, as chuvas de janeiro causaram rompimentos em redes adutoras e alagaram instala\u00e7\u00f5es, dificultando a distribui\u00e7\u00e3o. Durante o encontro, os\" \/>\n\t\t<meta property=\"og:url\" content=\"https:\/\/minutobahia24h.com.br\/?p=24888\" \/>\n\t\t<meta property=\"og:image\" content=\"https:\/\/minutobahia24h.com.br\/wp-content\/uploads\/2025\/02\/Sem-titulo-367.jpg\" \/>\n\t\t<meta property=\"og:image:secure_url\" content=\"https:\/\/minutobahia24h.com.br\/wp-content\/uploads\/2025\/02\/Sem-titulo-367.jpg\" \/>\n\t\t<meta property=\"og:image:width\" content=\"538\" \/>\n\t\t<meta property=\"og:image:height\" content=\"404\" \/>\n\t\t<meta property=\"article:published_time\" content=\"2025-02-24T10:08:31+00:00\" \/>\n\t\t<meta property=\"article:modified_time\" content=\"2025-02-24T10:08:32+00:00\" \/>\n\t\t<meta name=\"twitter:card\" content=\"summary_large_image\" \/>\n\t\t<meta name=\"twitter:title\" content=\"Reuni\u00e3o entre gerente regional da Embasa e vereadores discute problemas no fornecimento de \u00e1gua em Santaluz - Minuto Bahia 24h\" \/>\n\t\t<meta name=\"twitter:description\" content=\"O gerente regional da Embasa em Senhor do Bonfim, Fl\u00e1vio Pimentel, se reuniu na \u00faltima sexta-feira (21) com quatro representantes da C\u00e2mara Municipal de Santaluz para discutir o abastecimento de \u00e1gua na cidade. Segundo a Embasa, as chuvas de janeiro causaram rompimentos em redes adutoras e alagaram instala\u00e7\u00f5es, dificultando a distribui\u00e7\u00e3o. Durante o encontro, os\" \/>\n\t\t<meta name=\"twitter:image\" content=\"https:\/\/minutobahia24h.com.br\/wp-content\/uploads\/2025\/02\/Sem-titulo-367.jpg\" \/>\n\t\t<script type=\"application\/ld+json\" class=\"aioseo-schema\">\n\t\t\t{\"@context\":\"https:\\\/\\\/schema.org\",\"@graph\":[{\"@type\":\"BlogPosting\",\"@id\":\"https:\\\/\\\/minutobahia24h.com.br\\\/?p=24888#blogposting\",\"name\":\"Reuni\\u00e3o entre gerente regional da Embasa e vereadores discute problemas no fornecimento de \\u00e1gua em Santaluz - Minuto Bahia 24h\",\"headline\":\"Reuni\\u00e3o entre gerente regional da Embasa e vereadores discute problemas no fornecimento de \\u00e1gua em Santaluz\",\"author\":{\"@id\":\"https:\\\/\\\/minutobahia24h.com.br\\\/?author=2#author\"},\"publisher\":{\"@id\":\"https:\\\/\\\/minutobahia24h.com.br\\\/#organization\"},\"image\":{\"@type\":\"ImageObject\",\"url\":\"https:\\\/\\\/i0.wp.com\\\/minutobahia24h.com.br\\\/wp-content\\\/uploads\\\/2025\\\/02\\\/Sem-titulo-367.jpg?fit=538%2C404&ssl=1\",\"width\":538,\"height\":404},\"datePublished\":\"2025-02-24T07:08:31-03:00\",\"dateModified\":\"2025-02-24T07:08:32-03:00\",\"inLanguage\":\"pt-BR\",\"mainEntityOfPage\":{\"@id\":\"https:\\\/\\\/minutobahia24h.com.br\\\/?p=24888#webpage\"},\"isPartOf\":{\"@id\":\"https:\\\/\\\/minutobahia24h.com.br\\\/?p=24888#webpage\"},\"articleSection\":\"Regional\"},{\"@type\":\"BreadcrumbList\",\"@id\":\"https:\\\/\\\/minutobahia24h.com.br\\\/?p=24888#breadcrumblist\",\"itemListElement\":[{\"@type\":\"ListItem\",\"@id\":\"https:\\\/\\\/minutobahia24h.com.br#listItem\",\"position\":1,\"name\":\"In\\u00edcio\",\"item\":\"https:\\\/\\\/minutobahia24h.com.br\",\"nextItem\":{\"@type\":\"ListItem\",\"@id\":\"https:\\\/\\\/minutobahia24h.com.br\\\/?cat=3#listItem\",\"name\":\"Regional\"}},{\"@type\":\"ListItem\",\"@id\":\"https:\\\/\\\/minutobahia24h.com.br\\\/?cat=3#listItem\",\"position\":2,\"name\":\"Regional\",\"item\":\"https:\\\/\\\/minutobahia24h.com.br\\\/?cat=3\",\"nextItem\":{\"@type\":\"ListItem\",\"@id\":\"https:\\\/\\\/minutobahia24h.com.br\\\/?p=24888#listItem\",\"name\":\"Reuni\\u00e3o entre gerente regional da Embasa e vereadores discute problemas no fornecimento de \\u00e1gua em Santaluz\"},\"previousItem\":{\"@type\":\"ListItem\",\"@id\":\"https:\\\/\\\/minutobahia24h.com.br#listItem\",\"name\":\"In\\u00edcio\"}},{\"@type\":\"ListItem\",\"@id\":\"https:\\\/\\\/minutobahia24h.com.br\\\/?p=24888#listItem\",\"position\":3,\"name\":\"Reuni\\u00e3o entre gerente regional da Embasa e vereadores discute problemas no fornecimento de \\u00e1gua em Santaluz\",\"previousItem\":{\"@type\":\"ListItem\",\"@id\":\"https:\\\/\\\/minutobahia24h.com.br\\\/?cat=3#listItem\",\"name\":\"Regional\"}}]},{\"@type\":\"Organization\",\"@id\":\"https:\\\/\\\/minutobahia24h.com.br\\\/#organization\",\"name\":\"Minuto Bahia 24h\",\"description\":\"O seu portal de not\\u00edcias\",\"url\":\"https:\\\/\\\/minutobahia24h.com.br\\\/\",\"logo\":{\"@type\":\"ImageObject\",\"url\":\"https:\\\/\\\/i0.wp.com\\\/minutobahia24h.com.br\\\/wp-content\\\/uploads\\\/2023\\\/09\\\/cropped-minutoba.png?fit=457%2C119&ssl=1\",\"@id\":\"https:\\\/\\\/minutobahia24h.com.br\\\/?p=24888\\\/#organizationLogo\",\"width\":457,\"height\":119},\"image\":{\"@id\":\"https:\\\/\\\/minutobahia24h.com.br\\\/?p=24888\\\/#organizationLogo\"}},{\"@type\":\"Person\",\"@id\":\"https:\\\/\\\/minutobahia24h.com.br\\\/?author=2#author\",\"url\":\"https:\\\/\\\/minutobahia24h.com.br\\\/?author=2\",\"name\":\"andre\",\"image\":{\"@type\":\"ImageObject\",\"@id\":\"https:\\\/\\\/minutobahia24h.com.br\\\/?p=24888#authorImage\",\"url\":\"https:\\\/\\\/secure.gravatar.com\\\/avatar\\\/0ec5eafed5f3925c321625d79a680d589901b94bca787ae396a35f6c4a960922?s=96&d=mm&r=g\",\"width\":96,\"height\":96,\"caption\":\"andre\"}},{\"@type\":\"WebPage\",\"@id\":\"https:\\\/\\\/minutobahia24h.com.br\\\/?p=24888#webpage\",\"url\":\"https:\\\/\\\/minutobahia24h.com.br\\\/?p=24888\",\"name\":\"Reuni\\u00e3o entre gerente regional da Embasa e vereadores discute problemas no fornecimento de \\u00e1gua em Santaluz - Minuto Bahia 24h\",\"description\":\"O gerente regional da Embasa em Senhor do Bonfim, Fl\\u00e1vio Pimentel, se reuniu na \\u00faltima sexta-feira (21) com quatro representantes da C\\u00e2mara Municipal de Santaluz para discutir o abastecimento de \\u00e1gua na cidade. Segundo a Embasa, as chuvas de janeiro causaram rompimentos em redes adutoras e alagaram instala\\u00e7\\u00f5es, dificultando a distribui\\u00e7\\u00e3o. Durante o encontro, os\",\"inLanguage\":\"pt-BR\",\"isPartOf\":{\"@id\":\"https:\\\/\\\/minutobahia24h.com.br\\\/#website\"},\"breadcrumb\":{\"@id\":\"https:\\\/\\\/minutobahia24h.com.br\\\/?p=24888#breadcrumblist\"},\"author\":{\"@id\":\"https:\\\/\\\/minutobahia24h.com.br\\\/?author=2#author\"},\"creator\":{\"@id\":\"https:\\\/\\\/minutobahia24h.com.br\\\/?author=2#author\"},\"image\":{\"@type\":\"ImageObject\",\"url\":\"https:\\\/\\\/i0.wp.com\\\/minutobahia24h.com.br\\\/wp-content\\\/uploads\\\/2025\\\/02\\\/Sem-titulo-367.jpg?fit=538%2C404&ssl=1\",\"@id\":\"https:\\\/\\\/minutobahia24h.com.br\\\/?p=24888\\\/#mainImage\",\"width\":538,\"height\":404},\"primaryImageOfPage\":{\"@id\":\"https:\\\/\\\/minutobahia24h.com.br\\\/?p=24888#mainImage\"},\"datePublished\":\"2025-02-24T07:08:31-03:00\",\"dateModified\":\"2025-02-24T07:08:32-03:00\"},{\"@type\":\"WebSite\",\"@id\":\"https:\\\/\\\/minutobahia24h.com.br\\\/#website\",\"url\":\"https:\\\/\\\/minutobahia24h.com.br\\\/\",\"name\":\"Minuto Bahia 24h\",\"description\":\"O seu portal de not\\u00edcias\",\"inLanguage\":\"pt-BR\",\"publisher\":{\"@id\":\"https:\\\/\\\/minutobahia24h.com.br\\\/#organization\"}}]}\n\t\t<\/script>\n\t\t<!-- All in One SEO -->\n\n","aioseo_head_json":{"title":"Reuni\u00e3o entre gerente regional da Embasa e vereadores discute problemas no fornecimento de \u00e1gua em Santaluz - Minuto Bahia 24h","description":"O gerente regional da Embasa em Senhor do Bonfim, Fl\u00e1vio Pimentel, se reuniu na \u00faltima sexta-feira (21) com quatro representantes da C\u00e2mara Municipal de Santaluz para discutir o abastecimento de \u00e1gua na cidade. Segundo a Embasa, as chuvas de janeiro causaram rompimentos em redes adutoras e alagaram instala\u00e7\u00f5es, dificultando a distribui\u00e7\u00e3o. Durante o encontro, os","canonical_url":"https:\/\/minutobahia24h.com.br\/?p=24888","robots":"max-image-preview:large","keywords":"","webmasterTools":{"miscellaneous":""},"schema":{"@context":"https:\/\/schema.org","@graph":[{"@type":"BlogPosting","@id":"https:\/\/minutobahia24h.com.br\/?p=24888#blogposting","name":"Reuni\u00e3o entre gerente regional da Embasa e vereadores discute problemas no fornecimento de \u00e1gua em Santaluz - Minuto Bahia 24h","headline":"Reuni\u00e3o entre gerente regional da Embasa e vereadores discute problemas no fornecimento de \u00e1gua em Santaluz","author":{"@id":"https:\/\/minutobahia24h.com.br\/?author=2#author"},"publisher":{"@id":"https:\/\/minutobahia24h.com.br\/#organization"},"image":{"@type":"ImageObject","url":"https:\/\/i0.wp.com\/minutobahia24h.com.br\/wp-content\/uploads\/2025\/02\/Sem-titulo-367.jpg?fit=538%2C404&ssl=1","width":538,"height":404},"datePublished":"2025-02-24T07:08:31-03:00","dateModified":"2025-02-24T07:08:32-03:00","inLanguage":"pt-BR","mainEntityOfPage":{"@id":"https:\/\/minutobahia24h.com.br\/?p=24888#webpage"},"isPartOf":{"@id":"https:\/\/minutobahia24h.com.br\/?p=24888#webpage"},"articleSection":"Regional"},{"@type":"BreadcrumbList","@id":"https:\/\/minutobahia24h.com.br\/?p=24888#breadcrumblist","itemListElement":[{"@type":"ListItem","@id":"https:\/\/minutobahia24h.com.br#listItem","position":1,"name":"In\u00edcio","item":"https:\/\/minutobahia24h.com.br","nextItem":{"@type":"ListItem","@id":"https:\/\/minutobahia24h.com.br\/?cat=3#listItem","name":"Regional"}},{"@type":"ListItem","@id":"https:\/\/minutobahia24h.com.br\/?cat=3#listItem","position":2,"name":"Regional","item":"https:\/\/minutobahia24h.com.br\/?cat=3","nextItem":{"@type":"ListItem","@id":"https:\/\/minutobahia24h.com.br\/?p=24888#listItem","name":"Reuni\u00e3o entre gerente regional da Embasa e vereadores discute problemas no fornecimento de \u00e1gua em Santaluz"},"previousItem":{"@type":"ListItem","@id":"https:\/\/minutobahia24h.com.br#listItem","name":"In\u00edcio"}},{"@type":"ListItem","@id":"https:\/\/minutobahia24h.com.br\/?p=24888#listItem","position":3,"name":"Reuni\u00e3o entre gerente regional da Embasa e vereadores discute problemas no fornecimento de \u00e1gua em Santaluz","previousItem":{"@type":"ListItem","@id":"https:\/\/minutobahia24h.com.br\/?cat=3#listItem","name":"Regional"}}]},{"@type":"Organization","@id":"https:\/\/minutobahia24h.com.br\/#organization","name":"Minuto Bahia 24h","description":"O seu portal de not\u00edcias","url":"https:\/\/minutobahia24h.com.br\/","logo":{"@type":"ImageObject","url":"https:\/\/i0.wp.com\/minutobahia24h.com.br\/wp-content\/uploads\/2023\/09\/cropped-minutoba.png?fit=457%2C119&ssl=1","@id":"https:\/\/minutobahia24h.com.br\/?p=24888\/#organizationLogo","width":457,"height":119},"image":{"@id":"https:\/\/minutobahia24h.com.br\/?p=24888\/#organizationLogo"}},{"@type":"Person","@id":"https:\/\/minutobahia24h.com.br\/?author=2#author","url":"https:\/\/minutobahia24h.com.br\/?author=2","name":"andre","image":{"@type":"ImageObject","@id":"https:\/\/minutobahia24h.com.br\/?p=24888#authorImage","url":"https:\/\/secure.gravatar.com\/avatar\/0ec5eafed5f3925c321625d79a680d589901b94bca787ae396a35f6c4a960922?s=96&d=mm&r=g","width":96,"height":96,"caption":"andre"}},{"@type":"WebPage","@id":"https:\/\/minutobahia24h.com.br\/?p=24888#webpage","url":"https:\/\/minutobahia24h.com.br\/?p=24888","name":"Reuni\u00e3o entre gerente regional da Embasa e vereadores discute problemas no fornecimento de \u00e1gua em Santaluz - Minuto Bahia 24h","description":"O gerente regional da Embasa em Senhor do Bonfim, Fl\u00e1vio Pimentel, se reuniu na \u00faltima sexta-feira (21) com quatro representantes da C\u00e2mara Municipal de Santaluz para discutir o abastecimento de \u00e1gua na cidade. Segundo a Embasa, as chuvas de janeiro causaram rompimentos em redes adutoras e alagaram instala\u00e7\u00f5es, dificultando a distribui\u00e7\u00e3o. Durante o encontro, os","inLanguage":"pt-BR","isPartOf":{"@id":"https:\/\/minutobahia24h.com.br\/#website"},"breadcrumb":{"@id":"https:\/\/minutobahia24h.com.br\/?p=24888#breadcrumblist"},"author":{"@id":"https:\/\/minutobahia24h.com.br\/?author=2#author"},"creator":{"@id":"https:\/\/minutobahia24h.com.br\/?author=2#author"},"image":{"@type":"ImageObject","url":"https:\/\/i0.wp.com\/minutobahia24h.com.br\/wp-content\/uploads\/2025\/02\/Sem-titulo-367.jpg?fit=538%2C404&ssl=1","@id":"https:\/\/minutobahia24h.com.br\/?p=24888\/#mainImage","width":538,"height":404},"primaryImageOfPage":{"@id":"https:\/\/minutobahia24h.com.br\/?p=24888#mainImage"},"datePublished":"2025-02-24T07:08:31-03:00","dateModified":"2025-02-24T07:08:32-03:00"},{"@type":"WebSite","@id":"https:\/\/minutobahia24h.com.br\/#website","url":"https:\/\/minutobahia24h.com.br\/","name":"Minuto Bahia 24h","description":"O seu portal de not\u00edcias","inLanguage":"pt-BR","publisher":{"@id":"https:\/\/minutobahia24h.com.br\/#organization"}}]},"og:locale":"pt_BR","og:site_name":"Minuto Bahia 24h - O seu portal de not\u00edcias","og:type":"article","og:title":"Reuni\u00e3o entre gerente regional da Embasa e vereadores discute problemas no fornecimento de \u00e1gua em Santaluz - Minuto Bahia 24h","og:description":"O gerente regional da Embasa em Senhor do Bonfim, Fl\u00e1vio Pimentel, se reuniu na \u00faltima sexta-feira (21) com quatro representantes da C\u00e2mara Municipal de Santaluz para discutir o abastecimento de \u00e1gua na cidade. Segundo a Embasa, as chuvas de janeiro causaram rompimentos em redes adutoras e alagaram instala\u00e7\u00f5es, dificultando a distribui\u00e7\u00e3o. Durante o encontro, os","og:url":"https:\/\/minutobahia24h.com.br\/?p=24888","og:image":"https:\/\/minutobahia24h.com.br\/wp-content\/uploads\/2025\/02\/Sem-titulo-367.jpg","og:image:secure_url":"https:\/\/minutobahia24h.com.br\/wp-content\/uploads\/2025\/02\/Sem-titulo-367.jpg","og:image:width":538,"og:image:height":404,"article:published_time":"2025-02-24T10:08:31+00:00","article:modified_time":"2025-02-24T10:08:32+00:00","twitter:card":"summary_large_image","twitter:title":"Reuni\u00e3o entre gerente regional da Embasa e vereadores discute problemas no fornecimento de \u00e1gua em Santaluz - Minuto Bahia 24h","twitter:description":"O gerente regional da Embasa em Senhor do Bonfim, Fl\u00e1vio Pimentel, se reuniu na \u00faltima sexta-feira (21) com quatro representantes da C\u00e2mara Municipal de Santaluz para discutir o abastecimento de \u00e1gua na cidade. Segundo a Embasa, as chuvas de janeiro causaram rompimentos em redes adutoras e alagaram instala\u00e7\u00f5es, dificultando a distribui\u00e7\u00e3o. Durante o encontro, os","twitter:image":"https:\/\/minutobahia24h.com.br\/wp-content\/uploads\/2025\/02\/Sem-titulo-367.jpg"},"aioseo_meta_data":{"post_id":"24888","title":null,"description":null,"keywords":null,"keyphrases":{"focus":{"keyphrase":"","score":0,"analysis":{"keyphraseInTitle":{"score":0,"maxScore":9,"error":1}}},"additional":[]},"primary_term":null,"canonical_url":null,"og_title":null,"og_description":null,"og_object_type":"default","og_image_type":"default","og_image_url":null,"og_image_width":null,"og_image_height":null,"og_image_custom_url":null,"og_image_custom_fields":null,"og_video":"","og_custom_url":null,"og_article_section":null,"og_article_tags":null,"twitter_use_og":true,"twitter_card":"default","twitter_image_type":"default","twitter_image_url":null,"twitter_image_custom_url":null,"twitter_image_custom_fields":null,"twitter_title":null,"twitter_description":null,"schema":{"blockGraphs":[],"customGraphs":[],"default":{"data":{"Article":[],"Course":[],"Dataset":[],"FAQPage":[],"Movie":[],"Person":[],"Product":[],"ProductReview":[],"Car":[],"Recipe":[],"Service":[],"SoftwareApplication":[],"WebPage":[]},"graphName":"BlogPosting","isEnabled":true},"graphs":[]},"schema_type":"default","schema_type_options":null,"pillar_content":false,"robots_default":true,"robots_noindex":false,"robots_noarchive":false,"robots_nosnippet":false,"robots_nofollow":false,"robots_noimageindex":false,"robots_noodp":false,"robots_notranslate":false,"robots_max_snippet":"-1","robots_max_videopreview":"-1","robots_max_imagepreview":"large","priority":null,"frequency":"default","local_seo":null,"breadcrumb_settings":null,"limit_modified_date":false,"ai":null,"created":"2025-02-24 10:08:32","updated":"2025-06-05 13:28:03","seo_analyzer_scan_date":null,"focus_keyword":null,"additional_keywords":null,"truseo_locale":null},"aioseo_breadcrumb":"<div class=\"aioseo-breadcrumbs\"><span class=\"aioseo-breadcrumb\">\n\t\t\t<a href=\"https:\/\/minutobahia24h.com.br\" title=\"In\u00edcio\">In\u00edcio<\/a>\n\t\t<\/span><span class=\"aioseo-breadcrumb-separator\">&raquo;<\/span><span class=\"aioseo-breadcrumb\">\n\t\t\t<a href=\"https:\/\/minutobahia24h.com.br\/?cat=3\" title=\"Regional\">Regional<\/a>\n\t\t<\/span><span class=\"aioseo-breadcrumb-separator\">&raquo;<\/span><span class=\"aioseo-breadcrumb\">\n\t\t\tReuni\u00e3o entre gerente regional da Embasa e vereadores discute problemas no fornecimento de \u00e1gua em Santaluz\n\t\t<\/span><\/div>","aioseo_breadcrumb_json":[{"label":"In\u00edcio","link":"https:\/\/minutobahia24h.com.br"},{"label":"Regional","link":"https:\/\/minutobahia24h.com.br\/?cat=3"},{"label":"Reuni\u00e3o entre gerente regional da Embasa e vereadores discute problemas no fornecimento de \u00e1gua em Santaluz","link":"https:\/\/minutobahia24h.com.br\/?p=24888"}],"jetpack_sharing_enabled":true,"jetpack_featured_media_url":"https:\/\/i0.wp.com\/minutobahia24h.com.br\/wp-content\/uploads\/2025\/02\/Sem-titulo-367.jpg?fit=538%2C404&ssl=1","_links":{"self":[{"href":"https:\/\/minutobahia24h.com.br\/index.php?rest_route=\/wp\/v2\/posts\/24888","targetHints":{"allow":["GET"]}}],"collection":[{"href":"https:\/\/minutobahia24h.com.br\/index.php?rest_route=\/wp\/v2\/posts"}],"about":[{"href":"https:\/\/minutobahia24h.com.br\/index.php?rest_route=\/wp\/v2\/types\/post"}],"author":[{"embeddable":true,"href":"https:\/\/minutobahia24h.com.br\/index.php?rest_route=\/wp\/v2\/users\/2"}],"replies":[{"embeddable":true,"href":"https:\/\/minutobahia24h.com.br\/index.php?rest_route=%2Fwp%2Fv2%2Fcomments&post=24888"}],"version-history":[{"count":1,"href":"https:\/\/minutobahia24h.com.br\/index.php?rest_route=\/wp\/v2\/posts\/24888\/revisions"}],"predecessor-version":[{"id":24890,"href":"https:\/\/minutobahia24h.com.br\/index.php?rest_route=\/wp\/v2\/posts\/24888\/revisions\/24890"}],"wp:featuredmedia":[{"embeddable":true,"href":"https:\/\/minutobahia24h.com.br\/index.php?rest_route=\/wp\/v2\/media\/24889"}],"wp:attachment":[{"href":"https:\/\/minutobahia24h.com.br\/index.php?rest_route=%2Fwp%2Fv2%2Fmedia&parent=24888"}],"wp:term":[{"taxonomy":"category","embeddable":true,"href":"https:\/\/minutobahia24h.com.br\/index.php?rest_route=%2Fwp%2Fv2%2Fcategories&post=24888"},{"taxonomy":"post_tag","embeddable":true,"href":"https:\/\/minutobahia24h.com.br\/index.php?rest_route=%2Fwp%2Fv2%2Ftags&post=24888"}],"curies":[{"name":"wp","href":"https:\/\/api.w.org\/{rel}","templated":true}]}}