{"id":24885,"date":"2025-02-24T07:07:04","date_gmt":"2025-02-24T10:07:04","guid":{"rendered":"https:\/\/minutobahia24h.com.br\/?p=24885"},"modified":"2025-02-24T07:07:06","modified_gmt":"2025-02-24T10:07:06","slug":"fortalecimento-da-saude-encontro-apresenta-a-nova-gestao-da-sesau-em-juazeiro","status":"publish","type":"post","link":"https:\/\/minutobahia24h.com.br\/?p=24885","title":{"rendered":"Fortalecimento da sa\u00fade: encontro apresenta a nova gest\u00e3o da Sesau em Juazeiro"},"content":{"rendered":"<div class=\"wp-block-image\">\n<figure class=\"aligncenter size-full\"><img data-recalc-dims=\"1\" fetchpriority=\"high\" decoding=\"async\" width=\"800\" height=\"600\" src=\"https:\/\/i0.wp.com\/minutobahia24h.com.br\/wp-content\/uploads\/2025\/02\/Sem-titulo-366.jpg?resize=800%2C600&#038;ssl=1\" alt=\"\" class=\"wp-image-24886\" srcset=\"https:\/\/i0.wp.com\/minutobahia24h.com.br\/wp-content\/uploads\/2025\/02\/Sem-titulo-366.jpg?w=1000&amp;ssl=1 1000w, https:\/\/i0.wp.com\/minutobahia24h.com.br\/wp-content\/uploads\/2025\/02\/Sem-titulo-366.jpg?resize=300%2C225&amp;ssl=1 300w, https:\/\/i0.wp.com\/minutobahia24h.com.br\/wp-content\/uploads\/2025\/02\/Sem-titulo-366.jpg?resize=768%2C576&amp;ssl=1 768w, https:\/\/i0.wp.com\/minutobahia24h.com.br\/wp-content\/uploads\/2025\/02\/Sem-titulo-366.jpg?resize=750%2C563&amp;ssl=1 750w\" sizes=\"(max-width: 800px) 100vw, 800px\" \/><\/figure>\n<\/div>\n\n\n<p class=\"wp-block-paragraph\">Na\u00a0\u00faltima sexta-feira (21), o Secret\u00e1rio de Sa\u00fade de Juazeiro, Helder Coutinho, participou da Reuni\u00e3o de Integra\u00e7\u00e3o da Gest\u00e3o da Secretaria Municipal de Sa\u00fade (Sesau), um encontro que marcou a apresenta\u00e7\u00e3o da nova equipe gestora e seus objetivos para o fortalecimento da sa\u00fade p\u00fablica no munic\u00edpio.<\/p>\n\n\n\n<p class=\"wp-block-paragraph\">A nova gest\u00e3o da Sesau refor\u00e7ou o compromisso com a promo\u00e7\u00e3o da sa\u00fade integral da popula\u00e7\u00e3o de Juazeiro.<\/p>\n\n\n\n<p class=\"wp-block-paragraph\">&#8220;O foco est\u00e1 na qualidade, efici\u00eancia e humaniza\u00e7\u00e3o dos servi\u00e7os, garantindo que os mun\u00edcipes tenham acesso a um atendimento digno e eficaz&#8221;, destacou o secret\u00e1rio de Sa\u00fade, Helder Coutinho, que na ocasi\u00e3o tamb\u00e9m informou que a equipe trabalhar\u00e1 baseada em quatro pilares fundamentais: Fortalecimento da Aten\u00e7\u00e3o Prim\u00e1ria \u00e0 Sa\u00fade (APS), aprimoramento da gest\u00e3o da rede de servi\u00e7os, inova\u00e7\u00e3o e tecnologia na Sa\u00fade, e transpar\u00eancia e participa\u00e7\u00e3o social.<\/p>\n\n\n\n<p class=\"wp-block-paragraph\">Durante a reuni\u00e3o, Helder Coutinho destacou a nova estrutura organizacional da Sesau, projetada para otimizar processos e garantir maior efici\u00eancia na gest\u00e3o. A nova estrutura \u00e9 composta pelas seguintes superintend\u00eancias: de Aten\u00e7\u00e3o Prim\u00e1ria \u00e0 Sa\u00fade, Superintend\u00eancia de Aten\u00e7\u00e3o Especializada, de Vigil\u00e2ncia em Sa\u00fade, de Assist\u00eancia Farmac\u00eautica, RH e Gest\u00e3o de Pessoas,&nbsp; Administra\u00e7\u00e3o e Or\u00e7amento, Regula\u00e7\u00e3o, Controle, e Avalia\u00e7\u00e3o e Auditoria.<\/p>\n\n\n\n<p class=\"wp-block-paragraph\">Entre as principais prioridades da nova gest\u00e3o, est\u00e1 a amplia\u00e7\u00e3o do acesso e a qualidade da Aten\u00e7\u00e3o Prim\u00e1ria \u00e0 Sa\u00fade, com foco na preven\u00e7\u00e3o e promo\u00e7\u00e3o da sa\u00fade, fortalecimento da rede de aten\u00e7\u00e3o especializada, garantindo acesso a servi\u00e7os de alta complexidade, investimento em tecnologia e inova\u00e7\u00e3o para otimizar processos e melhorar a qualidade do atendimento, promo\u00e7\u00e3o a transpar\u00eancia e a participa\u00e7\u00e3o social, garantindo que a popula\u00e7\u00e3o esteja envolvida na gest\u00e3o da sa\u00fade.<\/p>\n\n\n\n<p class=\"wp-block-paragraph\">A reuni\u00e3o tamb\u00e9m abriu espa\u00e7o para a participa\u00e7\u00e3o da equipe da Sesau, incentivando os profissionais a compartilharem suas opini\u00f5es sobre os desafios e oportunidades em seus respectivos setores.<\/p>\n\n\n\n<p class=\"wp-block-paragraph\">&#8220;Queremos ouvir cada um de voc\u00eas, entender os desafios e construir juntos uma gest\u00e3o mais eficiente e comprometida com a sa\u00fade da nossa popula\u00e7\u00e3o&#8221;, destacou Helder Coutinho.<\/p>\n\n\n\n<p class=\"wp-block-paragraph\">Pr\u00f3ximos passos<\/p>\n\n\n\n<p class=\"wp-block-paragraph\">Com base nas sugest\u00f5es colhidas durante o encontro, a equipe gestora ir\u00e1 elaborar um plano de a\u00e7\u00e3o para os pr\u00f3ximos meses. Esse plano ser\u00e1 apresentado em uma nova reuni\u00e3o, garantindo transpar\u00eancia e acompanhamento das iniciativas.<\/p>\n\n\n\n<p class=\"wp-block-paragraph\">A nova gest\u00e3o da Sesau reafirmou seu compromisso em fazer de Juazeiro um modelo de excel\u00eancia na sa\u00fade p\u00fablica, contando com a participa\u00e7\u00e3o ativa de todos os profissionais da \u00e1rea.<\/p>\n\n\n\n<p class=\"wp-block-paragraph\">Ascom PMJ<\/p>\n","protected":false},"excerpt":{"rendered":"<p>Na\u00a0\u00faltima sexta-feira (21), o Secret\u00e1rio de Sa\u00fade de Juazeiro, Helder Coutinho, participou da Reuni\u00e3o de Integra\u00e7\u00e3o da Gest\u00e3o da Secretaria Municipal de Sa\u00fade (Sesau), um encontro que marcou a apresenta\u00e7\u00e3o da nova equipe gestora e seus objetivos para o fortalecimento da sa\u00fade p\u00fablica no munic\u00edpio. A nova gest\u00e3o da Sesau refor\u00e7ou o compromisso com a [&hellip;]<\/p>\n","protected":false},"author":2,"featured_media":24886,"comment_status":"open","ping_status":"open","sticky":false,"template":"","format":"standard","meta":{"_jetpack_newsletter_access":"","_jetpack_dont_email_post_to_subs":false,"_jetpack_newsletter_tier_id":0,"_jetpack_memberships_contains_paywalled_content":false,"_jetpack_feature_clip_id":0,"_jetpack_memberships_contains_paid_content":false,"footnotes":"","jetpack_post_was_ever_published":false},"categories":[3],"tags":[],"class_list":["post-24885","post","type-post","status-publish","format-standard","has-post-thumbnail","hentry","category-regional"],"aioseo_notices":[],"aioseo_head":"\n\t\t<!-- All in One SEO 5.0.1.1 - aioseo.com -->\n\t<meta name=\"description\" content=\"Na \u00faltima sexta-feira (21), o Secret\u00e1rio de Sa\u00fade de Juazeiro, Helder Coutinho, participou da Reuni\u00e3o de Integra\u00e7\u00e3o da Gest\u00e3o da Secretaria Municipal de Sa\u00fade (Sesau), um encontro que marcou a apresenta\u00e7\u00e3o da nova equipe gestora e seus objetivos para o fortalecimento da sa\u00fade p\u00fablica no munic\u00edpio. A nova gest\u00e3o da Sesau refor\u00e7ou o compromisso com a\" \/>\n\t<meta name=\"robots\" content=\"max-image-preview:large\" \/>\n\t<meta name=\"author\" content=\"andre\"\/>\n\t<link rel=\"canonical\" href=\"https:\/\/minutobahia24h.com.br\/?p=24885\" \/>\n\t<meta name=\"generator\" content=\"All in One SEO (AIOSEO) 5.0.1.1\" \/>\n\t\t<meta property=\"og:locale\" content=\"pt_BR\" \/>\n\t\t<meta property=\"og:site_name\" content=\"Minuto Bahia 24h - O seu portal de not\u00edcias\" \/>\n\t\t<meta property=\"og:type\" content=\"article\" \/>\n\t\t<meta property=\"og:title\" content=\"Fortalecimento da sa\u00fade: encontro apresenta a nova gest\u00e3o da Sesau em Juazeiro - Minuto Bahia 24h\" \/>\n\t\t<meta property=\"og:description\" content=\"Na \u00faltima sexta-feira (21), o Secret\u00e1rio de Sa\u00fade de Juazeiro, Helder Coutinho, participou da Reuni\u00e3o de Integra\u00e7\u00e3o da Gest\u00e3o da Secretaria Municipal de Sa\u00fade (Sesau), um encontro que marcou a apresenta\u00e7\u00e3o da nova equipe gestora e seus objetivos para o fortalecimento da sa\u00fade p\u00fablica no munic\u00edpio. A nova gest\u00e3o da Sesau refor\u00e7ou o compromisso com a\" \/>\n\t\t<meta property=\"og:url\" content=\"https:\/\/minutobahia24h.com.br\/?p=24885\" \/>\n\t\t<meta property=\"og:image\" content=\"https:\/\/minutobahia24h.com.br\/wp-content\/uploads\/2025\/02\/Sem-titulo-366.jpg\" \/>\n\t\t<meta property=\"og:image:secure_url\" content=\"https:\/\/minutobahia24h.com.br\/wp-content\/uploads\/2025\/02\/Sem-titulo-366.jpg\" \/>\n\t\t<meta property=\"og:image:width\" content=\"1000\" \/>\n\t\t<meta property=\"og:image:height\" content=\"750\" \/>\n\t\t<meta property=\"article:published_time\" content=\"2025-02-24T10:07:04+00:00\" \/>\n\t\t<meta property=\"article:modified_time\" content=\"2025-02-24T10:07:06+00:00\" \/>\n\t\t<meta name=\"twitter:card\" content=\"summary_large_image\" \/>\n\t\t<meta name=\"twitter:title\" content=\"Fortalecimento da sa\u00fade: encontro apresenta a nova gest\u00e3o da Sesau em Juazeiro - Minuto Bahia 24h\" \/>\n\t\t<meta name=\"twitter:description\" content=\"Na \u00faltima sexta-feira (21), o Secret\u00e1rio de Sa\u00fade de Juazeiro, Helder Coutinho, participou da Reuni\u00e3o de Integra\u00e7\u00e3o da Gest\u00e3o da Secretaria Municipal de Sa\u00fade (Sesau), um encontro que marcou a apresenta\u00e7\u00e3o da nova equipe gestora e seus objetivos para o fortalecimento da sa\u00fade p\u00fablica no munic\u00edpio. A nova gest\u00e3o da Sesau refor\u00e7ou o compromisso com a\" \/>\n\t\t<meta name=\"twitter:image\" content=\"https:\/\/minutobahia24h.com.br\/wp-content\/uploads\/2025\/02\/Sem-titulo-366.jpg\" \/>\n\t\t<script type=\"application\/ld+json\" class=\"aioseo-schema\">\n\t\t\t{\"@context\":\"https:\\\/\\\/schema.org\",\"@graph\":[{\"@type\":\"BlogPosting\",\"@id\":\"https:\\\/\\\/minutobahia24h.com.br\\\/?p=24885#blogposting\",\"name\":\"Fortalecimento da sa\\u00fade: encontro apresenta a nova gest\\u00e3o da Sesau em Juazeiro - Minuto Bahia 24h\",\"headline\":\"Fortalecimento da sa\\u00fade: encontro apresenta a nova gest\\u00e3o da Sesau em Juazeiro\",\"author\":{\"@id\":\"https:\\\/\\\/minutobahia24h.com.br\\\/?author=2#author\"},\"publisher\":{\"@id\":\"https:\\\/\\\/minutobahia24h.com.br\\\/#organization\"},\"image\":{\"@type\":\"ImageObject\",\"url\":\"https:\\\/\\\/i0.wp.com\\\/minutobahia24h.com.br\\\/wp-content\\\/uploads\\\/2025\\\/02\\\/Sem-titulo-366.jpg?fit=1000%2C750&ssl=1\",\"width\":1000,\"height\":750},\"datePublished\":\"2025-02-24T07:07:04-03:00\",\"dateModified\":\"2025-02-24T07:07:06-03:00\",\"inLanguage\":\"pt-BR\",\"mainEntityOfPage\":{\"@id\":\"https:\\\/\\\/minutobahia24h.com.br\\\/?p=24885#webpage\"},\"isPartOf\":{\"@id\":\"https:\\\/\\\/minutobahia24h.com.br\\\/?p=24885#webpage\"},\"articleSection\":\"Regional\"},{\"@type\":\"BreadcrumbList\",\"@id\":\"https:\\\/\\\/minutobahia24h.com.br\\\/?p=24885#breadcrumblist\",\"itemListElement\":[{\"@type\":\"ListItem\",\"@id\":\"https:\\\/\\\/minutobahia24h.com.br#listItem\",\"position\":1,\"name\":\"In\\u00edcio\",\"item\":\"https:\\\/\\\/minutobahia24h.com.br\",\"nextItem\":{\"@type\":\"ListItem\",\"@id\":\"https:\\\/\\\/minutobahia24h.com.br\\\/?cat=3#listItem\",\"name\":\"Regional\"}},{\"@type\":\"ListItem\",\"@id\":\"https:\\\/\\\/minutobahia24h.com.br\\\/?cat=3#listItem\",\"position\":2,\"name\":\"Regional\",\"item\":\"https:\\\/\\\/minutobahia24h.com.br\\\/?cat=3\",\"nextItem\":{\"@type\":\"ListItem\",\"@id\":\"https:\\\/\\\/minutobahia24h.com.br\\\/?p=24885#listItem\",\"name\":\"Fortalecimento da sa\\u00fade: encontro apresenta a nova gest\\u00e3o da Sesau em Juazeiro\"},\"previousItem\":{\"@type\":\"ListItem\",\"@id\":\"https:\\\/\\\/minutobahia24h.com.br#listItem\",\"name\":\"In\\u00edcio\"}},{\"@type\":\"ListItem\",\"@id\":\"https:\\\/\\\/minutobahia24h.com.br\\\/?p=24885#listItem\",\"position\":3,\"name\":\"Fortalecimento da sa\\u00fade: encontro apresenta a nova gest\\u00e3o da Sesau em Juazeiro\",\"previousItem\":{\"@type\":\"ListItem\",\"@id\":\"https:\\\/\\\/minutobahia24h.com.br\\\/?cat=3#listItem\",\"name\":\"Regional\"}}]},{\"@type\":\"Organization\",\"@id\":\"https:\\\/\\\/minutobahia24h.com.br\\\/#organization\",\"name\":\"Minuto Bahia 24h\",\"description\":\"O seu portal de not\\u00edcias\",\"url\":\"https:\\\/\\\/minutobahia24h.com.br\\\/\",\"logo\":{\"@type\":\"ImageObject\",\"url\":\"https:\\\/\\\/i0.wp.com\\\/minutobahia24h.com.br\\\/wp-content\\\/uploads\\\/2023\\\/09\\\/cropped-minutoba.png?fit=457%2C119&ssl=1\",\"@id\":\"https:\\\/\\\/minutobahia24h.com.br\\\/?p=24885\\\/#organizationLogo\",\"width\":457,\"height\":119},\"image\":{\"@id\":\"https:\\\/\\\/minutobahia24h.com.br\\\/?p=24885\\\/#organizationLogo\"}},{\"@type\":\"Person\",\"@id\":\"https:\\\/\\\/minutobahia24h.com.br\\\/?author=2#author\",\"url\":\"https:\\\/\\\/minutobahia24h.com.br\\\/?author=2\",\"name\":\"andre\",\"image\":{\"@type\":\"ImageObject\",\"@id\":\"https:\\\/\\\/minutobahia24h.com.br\\\/?p=24885#authorImage\",\"url\":\"https:\\\/\\\/secure.gravatar.com\\\/avatar\\\/0ec5eafed5f3925c321625d79a680d589901b94bca787ae396a35f6c4a960922?s=96&d=mm&r=g\",\"width\":96,\"height\":96,\"caption\":\"andre\"}},{\"@type\":\"WebPage\",\"@id\":\"https:\\\/\\\/minutobahia24h.com.br\\\/?p=24885#webpage\",\"url\":\"https:\\\/\\\/minutobahia24h.com.br\\\/?p=24885\",\"name\":\"Fortalecimento da sa\\u00fade: encontro apresenta a nova gest\\u00e3o da Sesau em Juazeiro - Minuto Bahia 24h\",\"description\":\"Na \\u00faltima sexta-feira (21), o Secret\\u00e1rio de Sa\\u00fade de Juazeiro, Helder Coutinho, participou da Reuni\\u00e3o de Integra\\u00e7\\u00e3o da Gest\\u00e3o da Secretaria Municipal de Sa\\u00fade (Sesau), um encontro que marcou a apresenta\\u00e7\\u00e3o da nova equipe gestora e seus objetivos para o fortalecimento da sa\\u00fade p\\u00fablica no munic\\u00edpio. A nova gest\\u00e3o da Sesau refor\\u00e7ou o compromisso com a\",\"inLanguage\":\"pt-BR\",\"isPartOf\":{\"@id\":\"https:\\\/\\\/minutobahia24h.com.br\\\/#website\"},\"breadcrumb\":{\"@id\":\"https:\\\/\\\/minutobahia24h.com.br\\\/?p=24885#breadcrumblist\"},\"author\":{\"@id\":\"https:\\\/\\\/minutobahia24h.com.br\\\/?author=2#author\"},\"creator\":{\"@id\":\"https:\\\/\\\/minutobahia24h.com.br\\\/?author=2#author\"},\"image\":{\"@type\":\"ImageObject\",\"url\":\"https:\\\/\\\/i0.wp.com\\\/minutobahia24h.com.br\\\/wp-content\\\/uploads\\\/2025\\\/02\\\/Sem-titulo-366.jpg?fit=1000%2C750&ssl=1\",\"@id\":\"https:\\\/\\\/minutobahia24h.com.br\\\/?p=24885\\\/#mainImage\",\"width\":1000,\"height\":750},\"primaryImageOfPage\":{\"@id\":\"https:\\\/\\\/minutobahia24h.com.br\\\/?p=24885#mainImage\"},\"datePublished\":\"2025-02-24T07:07:04-03:00\",\"dateModified\":\"2025-02-24T07:07:06-03:00\"},{\"@type\":\"WebSite\",\"@id\":\"https:\\\/\\\/minutobahia24h.com.br\\\/#website\",\"url\":\"https:\\\/\\\/minutobahia24h.com.br\\\/\",\"name\":\"Minuto Bahia 24h\",\"description\":\"O seu portal de not\\u00edcias\",\"inLanguage\":\"pt-BR\",\"publisher\":{\"@id\":\"https:\\\/\\\/minutobahia24h.com.br\\\/#organization\"}}]}\n\t\t<\/script>\n\t\t<!-- All in One SEO -->\n\n","aioseo_head_json":{"title":"Fortalecimento da sa\u00fade: encontro apresenta a nova gest\u00e3o da Sesau em Juazeiro - Minuto Bahia 24h","description":"Na \u00faltima sexta-feira (21), o Secret\u00e1rio de Sa\u00fade de Juazeiro, Helder Coutinho, participou da Reuni\u00e3o de Integra\u00e7\u00e3o da Gest\u00e3o da Secretaria Municipal de Sa\u00fade (Sesau), um encontro que marcou a apresenta\u00e7\u00e3o da nova equipe gestora e seus objetivos para o fortalecimento da sa\u00fade p\u00fablica no munic\u00edpio. A nova gest\u00e3o da Sesau refor\u00e7ou o compromisso com a","canonical_url":"https:\/\/minutobahia24h.com.br\/?p=24885","robots":"max-image-preview:large","keywords":"","webmasterTools":{"miscellaneous":""},"schema":{"@context":"https:\/\/schema.org","@graph":[{"@type":"BlogPosting","@id":"https:\/\/minutobahia24h.com.br\/?p=24885#blogposting","name":"Fortalecimento da sa\u00fade: encontro apresenta a nova gest\u00e3o da Sesau em Juazeiro - Minuto Bahia 24h","headline":"Fortalecimento da sa\u00fade: encontro apresenta a nova gest\u00e3o da Sesau em Juazeiro","author":{"@id":"https:\/\/minutobahia24h.com.br\/?author=2#author"},"publisher":{"@id":"https:\/\/minutobahia24h.com.br\/#organization"},"image":{"@type":"ImageObject","url":"https:\/\/i0.wp.com\/minutobahia24h.com.br\/wp-content\/uploads\/2025\/02\/Sem-titulo-366.jpg?fit=1000%2C750&ssl=1","width":1000,"height":750},"datePublished":"2025-02-24T07:07:04-03:00","dateModified":"2025-02-24T07:07:06-03:00","inLanguage":"pt-BR","mainEntityOfPage":{"@id":"https:\/\/minutobahia24h.com.br\/?p=24885#webpage"},"isPartOf":{"@id":"https:\/\/minutobahia24h.com.br\/?p=24885#webpage"},"articleSection":"Regional"},{"@type":"BreadcrumbList","@id":"https:\/\/minutobahia24h.com.br\/?p=24885#breadcrumblist","itemListElement":[{"@type":"ListItem","@id":"https:\/\/minutobahia24h.com.br#listItem","position":1,"name":"In\u00edcio","item":"https:\/\/minutobahia24h.com.br","nextItem":{"@type":"ListItem","@id":"https:\/\/minutobahia24h.com.br\/?cat=3#listItem","name":"Regional"}},{"@type":"ListItem","@id":"https:\/\/minutobahia24h.com.br\/?cat=3#listItem","position":2,"name":"Regional","item":"https:\/\/minutobahia24h.com.br\/?cat=3","nextItem":{"@type":"ListItem","@id":"https:\/\/minutobahia24h.com.br\/?p=24885#listItem","name":"Fortalecimento da sa\u00fade: encontro apresenta a nova gest\u00e3o da Sesau em Juazeiro"},"previousItem":{"@type":"ListItem","@id":"https:\/\/minutobahia24h.com.br#listItem","name":"In\u00edcio"}},{"@type":"ListItem","@id":"https:\/\/minutobahia24h.com.br\/?p=24885#listItem","position":3,"name":"Fortalecimento da sa\u00fade: encontro apresenta a nova gest\u00e3o da Sesau em Juazeiro","previousItem":{"@type":"ListItem","@id":"https:\/\/minutobahia24h.com.br\/?cat=3#listItem","name":"Regional"}}]},{"@type":"Organization","@id":"https:\/\/minutobahia24h.com.br\/#organization","name":"Minuto Bahia 24h","description":"O seu portal de not\u00edcias","url":"https:\/\/minutobahia24h.com.br\/","logo":{"@type":"ImageObject","url":"https:\/\/i0.wp.com\/minutobahia24h.com.br\/wp-content\/uploads\/2023\/09\/cropped-minutoba.png?fit=457%2C119&ssl=1","@id":"https:\/\/minutobahia24h.com.br\/?p=24885\/#organizationLogo","width":457,"height":119},"image":{"@id":"https:\/\/minutobahia24h.com.br\/?p=24885\/#organizationLogo"}},{"@type":"Person","@id":"https:\/\/minutobahia24h.com.br\/?author=2#author","url":"https:\/\/minutobahia24h.com.br\/?author=2","name":"andre","image":{"@type":"ImageObject","@id":"https:\/\/minutobahia24h.com.br\/?p=24885#authorImage","url":"https:\/\/secure.gravatar.com\/avatar\/0ec5eafed5f3925c321625d79a680d589901b94bca787ae396a35f6c4a960922?s=96&d=mm&r=g","width":96,"height":96,"caption":"andre"}},{"@type":"WebPage","@id":"https:\/\/minutobahia24h.com.br\/?p=24885#webpage","url":"https:\/\/minutobahia24h.com.br\/?p=24885","name":"Fortalecimento da sa\u00fade: encontro apresenta a nova gest\u00e3o da Sesau em Juazeiro - Minuto Bahia 24h","description":"Na \u00faltima sexta-feira (21), o Secret\u00e1rio de Sa\u00fade de Juazeiro, Helder Coutinho, participou da Reuni\u00e3o de Integra\u00e7\u00e3o da Gest\u00e3o da Secretaria Municipal de Sa\u00fade (Sesau), um encontro que marcou a apresenta\u00e7\u00e3o da nova equipe gestora e seus objetivos para o fortalecimento da sa\u00fade p\u00fablica no munic\u00edpio. A nova gest\u00e3o da Sesau refor\u00e7ou o compromisso com a","inLanguage":"pt-BR","isPartOf":{"@id":"https:\/\/minutobahia24h.com.br\/#website"},"breadcrumb":{"@id":"https:\/\/minutobahia24h.com.br\/?p=24885#breadcrumblist"},"author":{"@id":"https:\/\/minutobahia24h.com.br\/?author=2#author"},"creator":{"@id":"https:\/\/minutobahia24h.com.br\/?author=2#author"},"image":{"@type":"ImageObject","url":"https:\/\/i0.wp.com\/minutobahia24h.com.br\/wp-content\/uploads\/2025\/02\/Sem-titulo-366.jpg?fit=1000%2C750&ssl=1","@id":"https:\/\/minutobahia24h.com.br\/?p=24885\/#mainImage","width":1000,"height":750},"primaryImageOfPage":{"@id":"https:\/\/minutobahia24h.com.br\/?p=24885#mainImage"},"datePublished":"2025-02-24T07:07:04-03:00","dateModified":"2025-02-24T07:07:06-03:00"},{"@type":"WebSite","@id":"https:\/\/minutobahia24h.com.br\/#website","url":"https:\/\/minutobahia24h.com.br\/","name":"Minuto Bahia 24h","description":"O seu portal de not\u00edcias","inLanguage":"pt-BR","publisher":{"@id":"https:\/\/minutobahia24h.com.br\/#organization"}}]},"og:locale":"pt_BR","og:site_name":"Minuto Bahia 24h - O seu portal de not\u00edcias","og:type":"article","og:title":"Fortalecimento da sa\u00fade: encontro apresenta a nova gest\u00e3o da Sesau em Juazeiro - Minuto Bahia 24h","og:description":"Na \u00faltima sexta-feira (21), o Secret\u00e1rio de Sa\u00fade de Juazeiro, Helder Coutinho, participou da Reuni\u00e3o de Integra\u00e7\u00e3o da Gest\u00e3o da Secretaria Municipal de Sa\u00fade (Sesau), um encontro que marcou a apresenta\u00e7\u00e3o da nova equipe gestora e seus objetivos para o fortalecimento da sa\u00fade p\u00fablica no munic\u00edpio. A nova gest\u00e3o da Sesau refor\u00e7ou o compromisso com a","og:url":"https:\/\/minutobahia24h.com.br\/?p=24885","og:image":"https:\/\/minutobahia24h.com.br\/wp-content\/uploads\/2025\/02\/Sem-titulo-366.jpg","og:image:secure_url":"https:\/\/minutobahia24h.com.br\/wp-content\/uploads\/2025\/02\/Sem-titulo-366.jpg","og:image:width":1000,"og:image:height":750,"article:published_time":"2025-02-24T10:07:04+00:00","article:modified_time":"2025-02-24T10:07:06+00:00","twitter:card":"summary_large_image","twitter:title":"Fortalecimento da sa\u00fade: encontro apresenta a nova gest\u00e3o da Sesau em Juazeiro - Minuto Bahia 24h","twitter:description":"Na \u00faltima sexta-feira (21), o Secret\u00e1rio de Sa\u00fade de Juazeiro, Helder Coutinho, participou da Reuni\u00e3o de Integra\u00e7\u00e3o da Gest\u00e3o da Secretaria Municipal de Sa\u00fade (Sesau), um encontro que marcou a apresenta\u00e7\u00e3o da nova equipe gestora e seus objetivos para o fortalecimento da sa\u00fade p\u00fablica no munic\u00edpio. A nova gest\u00e3o da Sesau refor\u00e7ou o compromisso com a","twitter:image":"https:\/\/minutobahia24h.com.br\/wp-content\/uploads\/2025\/02\/Sem-titulo-366.jpg"},"aioseo_meta_data":{"post_id":"24885","title":null,"description":null,"keywords":null,"keyphrases":{"focus":{"keyphrase":"","score":0,"analysis":{"keyphraseInTitle":{"score":0,"maxScore":9,"error":1}}},"additional":[]},"primary_term":null,"canonical_url":null,"og_title":null,"og_description":null,"og_object_type":"default","og_image_type":"default","og_image_url":null,"og_image_width":null,"og_image_height":null,"og_image_custom_url":null,"og_image_custom_fields":null,"og_video":"","og_custom_url":null,"og_article_section":null,"og_article_tags":null,"twitter_use_og":true,"twitter_card":"default","twitter_image_type":"default","twitter_image_url":null,"twitter_image_custom_url":null,"twitter_image_custom_fields":null,"twitter_title":null,"twitter_description":null,"schema":{"blockGraphs":[],"customGraphs":[],"default":{"data":{"Article":[],"Course":[],"Dataset":[],"FAQPage":[],"Movie":[],"Person":[],"Product":[],"ProductReview":[],"Car":[],"Recipe":[],"Service":[],"SoftwareApplication":[],"WebPage":[]},"graphName":"BlogPosting","isEnabled":true},"graphs":[]},"schema_type":"default","schema_type_options":null,"pillar_content":false,"robots_default":true,"robots_noindex":false,"robots_noarchive":false,"robots_nosnippet":false,"robots_nofollow":false,"robots_noimageindex":false,"robots_noodp":false,"robots_notranslate":false,"robots_max_snippet":"-1","robots_max_videopreview":"-1","robots_max_imagepreview":"large","priority":null,"frequency":"default","local_seo":null,"breadcrumb_settings":null,"limit_modified_date":false,"ai":null,"created":"2025-02-24 10:07:06","updated":"2025-06-05 13:28:03","seo_analyzer_scan_date":null,"focus_keyword":null,"additional_keywords":null,"truseo_locale":null},"aioseo_breadcrumb":"<div class=\"aioseo-breadcrumbs\"><span class=\"aioseo-breadcrumb\">\n\t\t\t<a href=\"https:\/\/minutobahia24h.com.br\" title=\"In\u00edcio\">In\u00edcio<\/a>\n\t\t<\/span><span class=\"aioseo-breadcrumb-separator\">&raquo;<\/span><span class=\"aioseo-breadcrumb\">\n\t\t\t<a href=\"https:\/\/minutobahia24h.com.br\/?cat=3\" title=\"Regional\">Regional<\/a>\n\t\t<\/span><span class=\"aioseo-breadcrumb-separator\">&raquo;<\/span><span class=\"aioseo-breadcrumb\">\n\t\t\tFortalecimento da sa\u00fade: encontro apresenta a nova gest\u00e3o da Sesau em Juazeiro\n\t\t<\/span><\/div>","aioseo_breadcrumb_json":[{"label":"In\u00edcio","link":"https:\/\/minutobahia24h.com.br"},{"label":"Regional","link":"https:\/\/minutobahia24h.com.br\/?cat=3"},{"label":"Fortalecimento da sa\u00fade: encontro apresenta a nova gest\u00e3o da Sesau em Juazeiro","link":"https:\/\/minutobahia24h.com.br\/?p=24885"}],"jetpack_sharing_enabled":true,"jetpack_featured_media_url":"https:\/\/i0.wp.com\/minutobahia24h.com.br\/wp-content\/uploads\/2025\/02\/Sem-titulo-366.jpg?fit=1000%2C750&ssl=1","_links":{"self":[{"href":"https:\/\/minutobahia24h.com.br\/index.php?rest_route=\/wp\/v2\/posts\/24885","targetHints":{"allow":["GET"]}}],"collection":[{"href":"https:\/\/minutobahia24h.com.br\/index.php?rest_route=\/wp\/v2\/posts"}],"about":[{"href":"https:\/\/minutobahia24h.com.br\/index.php?rest_route=\/wp\/v2\/types\/post"}],"author":[{"embeddable":true,"href":"https:\/\/minutobahia24h.com.br\/index.php?rest_route=\/wp\/v2\/users\/2"}],"replies":[{"embeddable":true,"href":"https:\/\/minutobahia24h.com.br\/index.php?rest_route=%2Fwp%2Fv2%2Fcomments&post=24885"}],"version-history":[{"count":1,"href":"https:\/\/minutobahia24h.com.br\/index.php?rest_route=\/wp\/v2\/posts\/24885\/revisions"}],"predecessor-version":[{"id":24887,"href":"https:\/\/minutobahia24h.com.br\/index.php?rest_route=\/wp\/v2\/posts\/24885\/revisions\/24887"}],"wp:featuredmedia":[{"embeddable":true,"href":"https:\/\/minutobahia24h.com.br\/index.php?rest_route=\/wp\/v2\/media\/24886"}],"wp:attachment":[{"href":"https:\/\/minutobahia24h.com.br\/index.php?rest_route=%2Fwp%2Fv2%2Fmedia&parent=24885"}],"wp:term":[{"taxonomy":"category","embeddable":true,"href":"https:\/\/minutobahia24h.com.br\/index.php?rest_route=%2Fwp%2Fv2%2Fcategories&post=24885"},{"taxonomy":"post_tag","embeddable":true,"href":"https:\/\/minutobahia24h.com.br\/index.php?rest_route=%2Fwp%2Fv2%2Ftags&post=24885"}],"curies":[{"name":"wp","href":"https:\/\/api.w.org\/{rel}","templated":true}]}}