{"id":24659,"date":"2025-02-18T08:03:48","date_gmt":"2025-02-18T11:03:48","guid":{"rendered":"https:\/\/minutobahia24h.com.br\/?p=24659"},"modified":"2025-02-18T08:03:50","modified_gmt":"2025-02-18T11:03:50","slug":"enquanto-vota-projetos-de-menor-repercussao-camara-discute-nos-bastidores-emendas-reforma-ministerial-e-anistia","status":"publish","type":"post","link":"https:\/\/minutobahia24h.com.br\/?p=24659","title":{"rendered":"Enquanto vota projetos de menor repercuss\u00e3o, C\u00e2mara discute nos bastidores emendas, reforma ministerial e anistia"},"content":{"rendered":"<div class=\"wp-block-image\">\n<figure class=\"aligncenter size-full\"><img data-recalc-dims=\"1\" fetchpriority=\"high\" decoding=\"async\" width=\"800\" height=\"532\" src=\"https:\/\/i0.wp.com\/minutobahia24h.com.br\/wp-content\/uploads\/2025\/02\/Sem-titulo-303.jpg?resize=800%2C532&#038;ssl=1\" alt=\"\" class=\"wp-image-24661\" srcset=\"https:\/\/i0.wp.com\/minutobahia24h.com.br\/wp-content\/uploads\/2025\/02\/Sem-titulo-303.jpg?w=887&amp;ssl=1 887w, https:\/\/i0.wp.com\/minutobahia24h.com.br\/wp-content\/uploads\/2025\/02\/Sem-titulo-303.jpg?resize=300%2C200&amp;ssl=1 300w, https:\/\/i0.wp.com\/minutobahia24h.com.br\/wp-content\/uploads\/2025\/02\/Sem-titulo-303.jpg?resize=768%2C511&amp;ssl=1 768w, https:\/\/i0.wp.com\/minutobahia24h.com.br\/wp-content\/uploads\/2025\/02\/Sem-titulo-303.jpg?resize=750%2C499&amp;ssl=1 750w\" sizes=\"(max-width: 800px) 100vw, 800px\" \/><figcaption class=\"wp-element-caption\">O plen\u00e1rio da C\u00e2mara dos Deputados \u2014 Foto: Brenno Carvalho\/Ag\u00eancia O Globo<br><\/figcaption><\/figure>\n<\/div>\n\n\n<p>Nestes primeiros dias do ano Legislativo, o presidente da C\u00e2mara, Hugo Motta (Republicanos-PB), decidiu votar projetos de consenso e sem pol\u00eamica. \u00c9 a chamada pauta &#8220;light&#8221;. Mas essa atitude n\u00e3o mostra o que realmente importa para os deputados e est\u00e1 sendo discutido nos bastidores:<\/p>\n\n\n\n<ul class=\"wp-block-list\">\n<li>libera\u00e7\u00e3o das emendas parlamentares nos moldes defendidos pelo Congresso<\/li>\n\n\n\n<li>comando dos minist\u00e9rios<\/li>\n\n\n\n<li>disputa pelas comiss\u00f5es tem\u00e1ticas na C\u00e2mara<\/li>\n\n\n\n<li>anistia aos golpistas do 8 de janeiro<\/li>\n<\/ul>\n\n\n\n<p>Esses temas devem aparecer nas discuss\u00f5es p\u00fablicas depois do Carnaval, segundo l\u00edderes partid\u00e1rios. At\u00e9 l\u00e1, o ritmo do Congresso seguir\u00e1 morno.<\/p>\n\n\n\n<h2 class=\"wp-block-heading\">Emendas para 2025<\/h2>\n\n\n\n<p>O Or\u00e7amento deveria ter sido votado no final do ano passado, mas os parlamentares estavam (e continuam) insatisfeitos com o ritmo de<a class=\"\" href=\"https:\/\/g1.globo.com\/politica\/noticia\/2025\/02\/13\/pf-operacao-emendas.ghtml\">&nbsp;libera\u00e7\u00e3o das emendas<\/a>, o que travou o acordo para a an\u00e1lise do projeto.<\/p>\n\n\n\n<p>L\u00edderes da oposi\u00e7\u00e3o e mesmo da base governista afirmam que n\u00e3o h\u00e1 disposi\u00e7\u00e3o em suas bancadas partid\u00e1rias para tratar de projetos de maior impacto enquanto n\u00e3o ficar claro como ser\u00e1 o ritmo de pagamento de emendas.<\/p>\n\n\n\n<p>\u201cTemos que sentar e conversar com Dino [Fl\u00e1vio Dino ministro do STF]. Uma coisa [votar o Or\u00e7amento] est\u00e1 atrelada \u00e0 outra [emendas]\u201d, afirmou o deputado e l\u00edder do Republicano Gilberto Abramo (MG).<\/p>\n\n\n\n<p>Outro ponto que incomoda sobre as emendas s\u00e3o as regras impostas por Dino. Parlamentares dizem concordar com a \u201ctranspar\u00eancia\u201d na indica\u00e7\u00e3o e execu\u00e7\u00e3o das verbas, mas querem um \u201cajuste fino\u201d nas determina\u00e7\u00f5es do ministro.<\/p>\n\n\n\n<h2 class=\"wp-block-heading\">Reforma ministerial<\/h2>\n\n\n\n<p>Neste in\u00edcio de ano, mais um ingrediente entrou na conta para a vota\u00e7\u00e3o do Or\u00e7amento:&nbsp;<a class=\"\" href=\"https:\/\/g1.globo.com\/politica\/noticia\/2025\/02\/08\/reforma-ministerial-lula-avisa-a-assessores-que-mudancas-ocorrerao-em-etapas-1a-fase-sera-no-planalto-e-antes-do-carnaval.ghtml\">a reforma ministerial do governo Lula<\/a>, que promete abrir mais espa\u00e7o para partidos de centro na Esplanada, mas que ainda n\u00e3o saiu do papel.<\/p>\n\n\n\n<p>O tema da reforma ministerial tem sido colocado em debate por presidentes e l\u00edderes de partido sedentos por maior representatividade no governo.<\/p>\n\n\n\n<p>A bancada do PSD na C\u00e2mara quer trocar o Minist\u00e9rio da Pesca por uma pasta de mais express\u00e3o e or\u00e7amento. Uma pasta cobi\u00e7ada pelo grupo \u00e9 a do Turismo, que est\u00e1 nas m\u00e3os do Uni\u00e3o Brasil. O partido, por sua vez, j\u00e1 manifestou a vontade de manter o comando do minist\u00e9rio, chefiado por Celso Sabino.<\/p>\n\n\n\n<p>O PDT e o PSB tamb\u00e9m cobram mais espa\u00e7o no governo sob argumento de fidelidade nas vota\u00e7\u00f5es.<\/p>\n\n\n\n<p>As discuss\u00f5es t\u00eam mobilizado os parlamentares. Na semana passada, o ministro da Casa Civil, Rui Costa, participou de um jantar com deputados do PDT.<\/p>\n\n\n\n<h2 class=\"wp-block-heading\">Comiss\u00f5es<\/h2>\n\n\n\n<p>Outra discuss\u00e3o que tem movimentado os bastidores da C\u00e2mara \u00e9 a defini\u00e7\u00e3o sobre as presid\u00eancias das comiss\u00f5es tem\u00e1ticas.<\/p>\n\n\n\n<p>A mais importante delas, a Comiss\u00e3o de Constitui\u00e7\u00e3o e Justi\u00e7a (CCJ), \u00e9 cobi\u00e7ada por Uni\u00e3o Brasil e MDB, que tinham a expectativa de assumir o colegiado por conta de um acordo fechado ainda durante a gest\u00e3o de Arthur Lira (PP-AL). Mas o PL n\u00e3o quer abrir m\u00e3o do seu direito \u00e0 CCJ por ter a maior bancada de deputados da C\u00e2mara.<\/p>\n\n\n\n<p>Segundo o l\u00edder do partido na Casa, S\u00f3stenes Cavalcante (SP), o PL s\u00f3 abrir\u00e1 m\u00e3o de presidir o colegiado se receber uma contrapartida a altura. \u201cNossos gestos j\u00e1 se esgotaram&#8221;, disse.<\/p>\n\n\n\n<p>A bancada do PL tamb\u00e9m tem conflitos internos. Os deputados mais \u00e0 direita da sigla buscam o comando de comiss\u00f5es consideradas mais ideol\u00f3gicas ou mais alinhadas aos interesses do grupo, como a Comiss\u00e3o de Rela\u00e7\u00f5es Exteriores.<\/p>\n\n\n\n<p>O PSD quer as comiss\u00f5es de Turismo e Minas e Energia. O PDT avalia que ficar\u00e1 com a Comiss\u00e3o de Ind\u00fastria.<\/p>\n\n\n\n<p>Os partidos, no entanto, ainda aguardam as defini\u00e7\u00f5es de PL e PT. Por terem as maiores bancadas, as duas siglas podem escolher as primeiras comiss\u00f5es \u00e9 s\u00f3 ent\u00e3o os demais devem definir as pedidas.<\/p>\n\n\n\n<p>\u201cEnquanto PL e PT n\u00e3o se ajustarem l\u00e1 em cima, \u00e9 dif\u00edcil a gente se ajustar l\u00e1 embaixo\u201d, afirmou Abramo. O Republicanos, por enquanto, tem o interesse de manter as comiss\u00f5es de Comunica\u00e7\u00e3o e Via\u00e7\u00e3o e Transporte, mas pode reivindicar outro a posto e depender dos acordos costurados entre as legendas.<\/p>\n\n\n\n<h2 class=\"wp-block-heading\">Anistia aos golpistas<\/h2>\n\n\n\n<p>Sobre o tema, o impasse persiste. O PL articula formas de o projeto ser mais palat\u00e1vel a mais deputados e, assim, angariar votos suficientes para sua aprova\u00e7\u00e3o.<\/p>\n\n\n\n<p>A op\u00e7\u00e3o analisada no momento \u00e9 buscar a anistia aos presos do 8 de janeiro pelos tr\u00eas principais crimes a que foram acusados (associa\u00e7\u00e3o criminosa armada, aboli\u00e7\u00e3o violenta do Estado Democr\u00e1tico de Direito e tentativa de golpe de Estado), mas mantendo as condena\u00e7\u00f5es por dano qualificado e deteriora\u00e7\u00e3o de patrim\u00f4nio tombado, cujas penas s\u00e3o apenas de deten\u00e7\u00e3o, n\u00e3o de pris\u00e3o.<\/p>\n\n\n\n<p>A oposi\u00e7\u00e3o insiste que nunca ser\u00e1 poss\u00edvel estabelecer um acordo na Casa para vota\u00e7\u00e3o da pauta e que, por isso, o projeto deve ir ao plen\u00e1rio e ser decidido no voto.<\/p>\n\n\n\n<p>A base governista resiste \u00e0 ideia e \u00e9 contr\u00e1ria a qualquer possibilidade de o projeto sequer entrar em vota\u00e7\u00e3o.<\/p>\n","protected":false},"excerpt":{"rendered":"<p>Nestes primeiros dias do ano Legislativo, o presidente da C\u00e2mara, Hugo Motta (Republicanos-PB), decidiu votar projetos de consenso e sem pol\u00eamica. \u00c9 a chamada pauta &#8220;light&#8221;. Mas essa atitude n\u00e3o mostra o que realmente importa para os deputados e est\u00e1 sendo discutido nos bastidores: Esses temas devem aparecer nas discuss\u00f5es p\u00fablicas depois do Carnaval, segundo [&hellip;]<\/p>\n","protected":false},"author":2,"featured_media":24661,"comment_status":"open","ping_status":"open","sticky":false,"template":"","format":"standard","meta":{"_jetpack_memberships_contains_paid_content":false,"footnotes":""},"categories":[39],"tags":[],"class_list":["post-24659","post","type-post","status-publish","format-standard","has-post-thumbnail","hentry","category-politica"],"aioseo_notices":[],"jetpack_featured_media_url":"https:\/\/i0.wp.com\/minutobahia24h.com.br\/wp-content\/uploads\/2025\/02\/Sem-titulo-303.jpg?fit=887%2C590&ssl=1","jetpack_sharing_enabled":true,"_links":{"self":[{"href":"https:\/\/minutobahia24h.com.br\/index.php?rest_route=\/wp\/v2\/posts\/24659","targetHints":{"allow":["GET"]}}],"collection":[{"href":"https:\/\/minutobahia24h.com.br\/index.php?rest_route=\/wp\/v2\/posts"}],"about":[{"href":"https:\/\/minutobahia24h.com.br\/index.php?rest_route=\/wp\/v2\/types\/post"}],"author":[{"embeddable":true,"href":"https:\/\/minutobahia24h.com.br\/index.php?rest_route=\/wp\/v2\/users\/2"}],"replies":[{"embeddable":true,"href":"https:\/\/minutobahia24h.com.br\/index.php?rest_route=%2Fwp%2Fv2%2Fcomments&post=24659"}],"version-history":[{"count":1,"href":"https:\/\/minutobahia24h.com.br\/index.php?rest_route=\/wp\/v2\/posts\/24659\/revisions"}],"predecessor-version":[{"id":24662,"href":"https:\/\/minutobahia24h.com.br\/index.php?rest_route=\/wp\/v2\/posts\/24659\/revisions\/24662"}],"wp:featuredmedia":[{"embeddable":true,"href":"https:\/\/minutobahia24h.com.br\/index.php?rest_route=\/wp\/v2\/media\/24661"}],"wp:attachment":[{"href":"https:\/\/minutobahia24h.com.br\/index.php?rest_route=%2Fwp%2Fv2%2Fmedia&parent=24659"}],"wp:term":[{"taxonomy":"category","embeddable":true,"href":"https:\/\/minutobahia24h.com.br\/index.php?rest_route=%2Fwp%2Fv2%2Fcategories&post=24659"},{"taxonomy":"post_tag","embeddable":true,"href":"https:\/\/minutobahia24h.com.br\/index.php?rest_route=%2Fwp%2Fv2%2Ftags&post=24659"}],"curies":[{"name":"wp","href":"https:\/\/api.w.org\/{rel}","templated":true}]}}