{"id":24641,"date":"2025-02-18T07:48:03","date_gmt":"2025-02-18T10:48:03","guid":{"rendered":"https:\/\/minutobahia24h.com.br\/?p=24641"},"modified":"2025-02-18T07:48:04","modified_gmt":"2025-02-18T10:48:04","slug":"jeronimo-autoriza-construcao-do-hospital-e-maternidade-do-sisal-nesta-terca","status":"publish","type":"post","link":"https:\/\/minutobahia24h.com.br\/?p=24641","title":{"rendered":"Jer\u00f4nimo autoriza constru\u00e7\u00e3o do Hospital e Maternidade do sisal nesta ter\u00e7a"},"content":{"rendered":"<div class=\"wp-block-image\">\n<figure class=\"aligncenter size-full is-resized\"><img data-recalc-dims=\"1\" fetchpriority=\"high\" decoding=\"async\" width=\"321\" height=\"214\" src=\"https:\/\/i0.wp.com\/minutobahia24h.com.br\/wp-content\/uploads\/2025\/02\/Sem-titulo-296.jpg?resize=321%2C214&#038;ssl=1\" alt=\"\" class=\"wp-image-24642\" style=\"width:387px;height:auto\" srcset=\"https:\/\/i0.wp.com\/minutobahia24h.com.br\/wp-content\/uploads\/2025\/02\/Sem-titulo-296.jpg?w=321&amp;ssl=1 321w, https:\/\/i0.wp.com\/minutobahia24h.com.br\/wp-content\/uploads\/2025\/02\/Sem-titulo-296.jpg?resize=300%2C200&amp;ssl=1 300w\" sizes=\"(max-width: 321px) 100vw, 321px\" \/><\/figure>\n<\/div>\n\n\n<p>O Hospital e Maternidade Regional do Sisal vai ser realidade. O governador da Bahia, Jer\u00f4nimo Rodrigues (PT), assina a licita\u00e7\u00e3o para a constru\u00e7\u00e3o da unidade nesta ter\u00e7a-feira (18), \u00e0s 9h, em Serrinha \u2013 cidade que vai sediar a novidade.<\/p>\n\n\n\n<p>A escolha do local que a nova unidade ser\u00e1 instalada foi definida em maio do ano passado, conforme crit\u00e9rios t\u00e9cnicos baseados no plano diretor regional apresentados pela secret\u00e1ria da Sa\u00fade do Estado, Roberta Santana.<\/p>\n\n\n\n<p>Com investimento superior a R$ 173,7 milh\u00f5es do Programa M\u00e3e Bahia, o equipamento ter\u00e1 255 leitos, Casa da Gestante, Beb\u00ea e Pu\u00e9rpera, e Centro de Parto Normal.<\/p>\n\n\n\n<p>Parte dos recursos s\u00e3o do Governo Federal, por meio do Novo Programa de Acelera\u00e7\u00e3o do Crescimento (PAC).<\/p>\n\n\n\n<p>O Hospital Maternidade do Territ\u00f3rio do Sisal ser\u00e1 uma unidade de m\u00e9dio porte, integrante da Rede de Aten\u00e7\u00e3o \u00e0s Urg\u00eancias, Rede de Aten\u00e7\u00e3o Psicossocial e Rede de Aten\u00e7\u00e3o ao Parto e Nascimento.<\/p>\n\n\n\n<p>A estrutura ser\u00e1 montada para oferecer condi\u00e7\u00f5es t\u00e9cnicas, instala\u00e7\u00f5es f\u00edsicas, equipamentos e recursos humanos especializados para a realiza\u00e7\u00e3o de procedimentos de m\u00e9dia e alta complexidade em diagn\u00f3stico e tratamento, nas especialidades cl\u00ednica e cir\u00fargica adulto, obst\u00e9trica e pedi\u00e1trica, em regime ambulatorial e de interna\u00e7\u00e3o hospitalar, em car\u00e1ter de urg\u00eancia e eletivo.<\/p>\n\n\n\n<p>Not\u00edcias de Queimadas&nbsp;<\/p>\n","protected":false},"excerpt":{"rendered":"<p>O Hospital e Maternidade Regional do Sisal vai ser realidade. O governador da Bahia, Jer\u00f4nimo Rodrigues (PT), assina a licita\u00e7\u00e3o para a constru\u00e7\u00e3o da unidade nesta ter\u00e7a-feira (18), \u00e0s 9h, em Serrinha \u2013 cidade que vai sediar a novidade. A escolha do local que a nova unidade ser\u00e1 instalada foi definida em maio do ano [&hellip;]<\/p>\n","protected":false},"author":2,"featured_media":24642,"comment_status":"open","ping_status":"open","sticky":false,"template":"","format":"standard","meta":{"_jetpack_memberships_contains_paid_content":false,"footnotes":""},"categories":[46],"tags":[],"class_list":["post-24641","post","type-post","status-publish","format-standard","has-post-thumbnail","hentry","category-noticia"],"aioseo_notices":[],"jetpack_featured_media_url":"https:\/\/i0.wp.com\/minutobahia24h.com.br\/wp-content\/uploads\/2025\/02\/Sem-titulo-296.jpg?fit=321%2C214&ssl=1","jetpack_sharing_enabled":true,"_links":{"self":[{"href":"https:\/\/minutobahia24h.com.br\/index.php?rest_route=\/wp\/v2\/posts\/24641","targetHints":{"allow":["GET"]}}],"collection":[{"href":"https:\/\/minutobahia24h.com.br\/index.php?rest_route=\/wp\/v2\/posts"}],"about":[{"href":"https:\/\/minutobahia24h.com.br\/index.php?rest_route=\/wp\/v2\/types\/post"}],"author":[{"embeddable":true,"href":"https:\/\/minutobahia24h.com.br\/index.php?rest_route=\/wp\/v2\/users\/2"}],"replies":[{"embeddable":true,"href":"https:\/\/minutobahia24h.com.br\/index.php?rest_route=%2Fwp%2Fv2%2Fcomments&post=24641"}],"version-history":[{"count":1,"href":"https:\/\/minutobahia24h.com.br\/index.php?rest_route=\/wp\/v2\/posts\/24641\/revisions"}],"predecessor-version":[{"id":24643,"href":"https:\/\/minutobahia24h.com.br\/index.php?rest_route=\/wp\/v2\/posts\/24641\/revisions\/24643"}],"wp:featuredmedia":[{"embeddable":true,"href":"https:\/\/minutobahia24h.com.br\/index.php?rest_route=\/wp\/v2\/media\/24642"}],"wp:attachment":[{"href":"https:\/\/minutobahia24h.com.br\/index.php?rest_route=%2Fwp%2Fv2%2Fmedia&parent=24641"}],"wp:term":[{"taxonomy":"category","embeddable":true,"href":"https:\/\/minutobahia24h.com.br\/index.php?rest_route=%2Fwp%2Fv2%2Fcategories&post=24641"},{"taxonomy":"post_tag","embeddable":true,"href":"https:\/\/minutobahia24h.com.br\/index.php?rest_route=%2Fwp%2Fv2%2Ftags&post=24641"}],"curies":[{"name":"wp","href":"https:\/\/api.w.org\/{rel}","templated":true}]}}