{"id":24613,"date":"2025-02-18T07:13:27","date_gmt":"2025-02-18T10:13:27","guid":{"rendered":"https:\/\/minutobahia24h.com.br\/?p=24613"},"modified":"2025-02-18T07:13:29","modified_gmt":"2025-02-18T10:13:29","slug":"procon-e-vigilancia-em-saude-de-juazeiro-alinham-acoes-conjuntas-no-1o-semestre","status":"publish","type":"post","link":"https:\/\/minutobahia24h.com.br\/?p=24613","title":{"rendered":"Procon e Vigil\u00e2ncia em Sa\u00fade de Juazeiro alinham a\u00e7\u00f5es conjuntas no 1\u00ba semestre"},"content":{"rendered":"<div class=\"wp-block-image\">\n<figure class=\"aligncenter size-full\"><img data-recalc-dims=\"1\" fetchpriority=\"high\" decoding=\"async\" width=\"700\" height=\"525\" src=\"https:\/\/i0.wp.com\/minutobahia24h.com.br\/wp-content\/uploads\/2025\/02\/Sem-titulo-286.jpg?resize=700%2C525&#038;ssl=1\" alt=\"\" class=\"wp-image-24614\" srcset=\"https:\/\/i0.wp.com\/minutobahia24h.com.br\/wp-content\/uploads\/2025\/02\/Sem-titulo-286.jpg?w=700&amp;ssl=1 700w, https:\/\/i0.wp.com\/minutobahia24h.com.br\/wp-content\/uploads\/2025\/02\/Sem-titulo-286.jpg?resize=300%2C225&amp;ssl=1 300w\" sizes=\"(max-width: 700px) 100vw, 700px\" \/><figcaption class=\"wp-element-caption\">Foto: Ascom PMJ\/divulga\u00e7\u00e3o<br><\/figcaption><\/figure>\n<\/div>\n\n\n<p>O Procon de Juazeiro (BA) e a Vigil\u00e2ncia em Sa\u00fade do munic\u00edpio definiram um plano de atua\u00e7\u00e3o conjunta para refor\u00e7ar a fiscaliza\u00e7\u00e3o e a conscientiza\u00e7\u00e3o da popula\u00e7\u00e3o.&nbsp; Durante reuni\u00e3o realizada nesta segunda-feira (17), as equipes dos dois \u00f3rg\u00e3os alinharam um calend\u00e1rio de a\u00e7\u00f5es integradas, que incluem fiscaliza\u00e7\u00f5es programadas e iniciativas educativas. O objetivo \u00e9 garantir mais seguran\u00e7a para os consumidores, abrangendo aspectos sanit\u00e1rios, financeiros e sociais.<\/p>\n\n\n\n<p>O coordenador geral do Procon, Eg\u00eddio Felizardo, destacou a import\u00e2ncia da parceria para ampliar a prote\u00e7\u00e3o dos cidad\u00e3os: \u201c<em>Foi um encontro produtivo, no qual acertamos a realiza\u00e7\u00e3o de a\u00e7\u00f5es conjuntas para atender melhor \u00e0s demandas da popula\u00e7\u00e3o juazeirense<\/em>\u201d.<\/p>\n\n\n\n<p>O encontro aconteceu na sede do Procon e contou com a presen\u00e7a da superintendente da Vigil\u00e2ncia em Sa\u00fade, Bruna Mattos; do coordenador jur\u00eddico do Procon, Felipe Cerqueira; e da gerente de Vigil\u00e2ncia Sanit\u00e1ria, Karolina Mar\u00e7al.<\/p>\n\n\n\n<p>carlosbritto<\/p>\n","protected":false},"excerpt":{"rendered":"<p>O Procon de Juazeiro (BA) e a Vigil\u00e2ncia em Sa\u00fade do munic\u00edpio definiram um plano de atua\u00e7\u00e3o conjunta para refor\u00e7ar a fiscaliza\u00e7\u00e3o e a conscientiza\u00e7\u00e3o da popula\u00e7\u00e3o.&nbsp; Durante reuni\u00e3o realizada nesta segunda-feira (17), as equipes dos dois \u00f3rg\u00e3os alinharam um calend\u00e1rio de a\u00e7\u00f5es integradas, que incluem fiscaliza\u00e7\u00f5es programadas e iniciativas educativas. O objetivo \u00e9 garantir [&hellip;]<\/p>\n","protected":false},"author":2,"featured_media":24614,"comment_status":"open","ping_status":"open","sticky":false,"template":"","format":"standard","meta":{"_jetpack_memberships_contains_paid_content":false,"footnotes":""},"categories":[3],"tags":[],"class_list":["post-24613","post","type-post","status-publish","format-standard","has-post-thumbnail","hentry","category-regional"],"aioseo_notices":[],"jetpack_featured_media_url":"https:\/\/i0.wp.com\/minutobahia24h.com.br\/wp-content\/uploads\/2025\/02\/Sem-titulo-286.jpg?fit=700%2C525&ssl=1","jetpack_sharing_enabled":true,"_links":{"self":[{"href":"https:\/\/minutobahia24h.com.br\/index.php?rest_route=\/wp\/v2\/posts\/24613","targetHints":{"allow":["GET"]}}],"collection":[{"href":"https:\/\/minutobahia24h.com.br\/index.php?rest_route=\/wp\/v2\/posts"}],"about":[{"href":"https:\/\/minutobahia24h.com.br\/index.php?rest_route=\/wp\/v2\/types\/post"}],"author":[{"embeddable":true,"href":"https:\/\/minutobahia24h.com.br\/index.php?rest_route=\/wp\/v2\/users\/2"}],"replies":[{"embeddable":true,"href":"https:\/\/minutobahia24h.com.br\/index.php?rest_route=%2Fwp%2Fv2%2Fcomments&post=24613"}],"version-history":[{"count":1,"href":"https:\/\/minutobahia24h.com.br\/index.php?rest_route=\/wp\/v2\/posts\/24613\/revisions"}],"predecessor-version":[{"id":24615,"href":"https:\/\/minutobahia24h.com.br\/index.php?rest_route=\/wp\/v2\/posts\/24613\/revisions\/24615"}],"wp:featuredmedia":[{"embeddable":true,"href":"https:\/\/minutobahia24h.com.br\/index.php?rest_route=\/wp\/v2\/media\/24614"}],"wp:attachment":[{"href":"https:\/\/minutobahia24h.com.br\/index.php?rest_route=%2Fwp%2Fv2%2Fmedia&parent=24613"}],"wp:term":[{"taxonomy":"category","embeddable":true,"href":"https:\/\/minutobahia24h.com.br\/index.php?rest_route=%2Fwp%2Fv2%2Fcategories&post=24613"},{"taxonomy":"post_tag","embeddable":true,"href":"https:\/\/minutobahia24h.com.br\/index.php?rest_route=%2Fwp%2Fv2%2Ftags&post=24613"}],"curies":[{"name":"wp","href":"https:\/\/api.w.org\/{rel}","templated":true}]}}