{"id":24606,"date":"2025-02-17T15:36:18","date_gmt":"2025-02-17T18:36:18","guid":{"rendered":"https:\/\/minutobahia24h.com.br\/?p=24606"},"modified":"2025-02-17T15:36:19","modified_gmt":"2025-02-17T18:36:19","slug":"tarcisio-considera-candidatura-a-presidencia-da-republica-em-2026","status":"publish","type":"post","link":"https:\/\/minutobahia24h.com.br\/?p=24606","title":{"rendered":"Tarc\u00edsio considera candidatura \u00e0 Presid\u00eancia da Rep\u00fablica em 2026"},"content":{"rendered":"<div class=\"wp-block-image\">\n<figure class=\"aligncenter size-full\"><img data-recalc-dims=\"1\" fetchpriority=\"high\" decoding=\"async\" width=\"600\" height=\"420\" src=\"https:\/\/i0.wp.com\/minutobahia24h.com.br\/wp-content\/uploads\/2025\/02\/Sem-titulo-285.jpg?resize=600%2C420&#038;ssl=1\" alt=\"\" class=\"wp-image-24607\" srcset=\"https:\/\/i0.wp.com\/minutobahia24h.com.br\/wp-content\/uploads\/2025\/02\/Sem-titulo-285.jpg?w=600&amp;ssl=1 600w, https:\/\/i0.wp.com\/minutobahia24h.com.br\/wp-content\/uploads\/2025\/02\/Sem-titulo-285.jpg?resize=300%2C210&amp;ssl=1 300w\" sizes=\"(max-width: 600px) 100vw, 600px\" \/><figcaption class=\"wp-element-caption\">Foto: Rovena Rosa\/Ag\u00eancia Brasil<br><\/figcaption><\/figure>\n<\/div>\n\n\n<p>O governador de S\u00e3o Paulo, Tarc\u00edsio de Freitas (Republicanos), tem sinalizado a aliados sobre a possibilidade de concorrer \u00e0 Presid\u00eancia da Rep\u00fablica nas elei\u00e7\u00f5es de 2026.<\/p>\n\n\n\n<p>Segundo a CNN Brasil, Tarc\u00edsio estaria disposto a aceitar o desafio, desde que conte com o apoio do ex-presidente Jair Bolsonaro (PL). Apesar de ineleg\u00edvel at\u00e9 2030, o ex-mandat\u00e1rio tem reiterado sua inten\u00e7\u00e3o de se candidatar.<\/p>\n\n\n\n<p>Ainda de acordo com a publica\u00e7\u00e3o, o apoio de Bolsonaro ao governador de SP dependeria da candidatura de Luiz In\u00e1cio Lula da Silva (PT) \u00e0 reelei\u00e7\u00e3o. Caso o petista opte por n\u00e3o disputar um novo mandato, a tend\u00eancia \u00e9 que um dos filhos de Bolsonaro seja escolhido para representar o grupo pol\u00edtico na sucess\u00e3o presidencial.<\/p>\n\n\n\n<p>No fim de 2024, o&nbsp;<a href=\"https:\/\/bahia.ba\/politica\/tarcisio-de-freitas-descarta-possibilidade-de-se-candidatar-a-presidencia-em-2026\/\" target=\"_blank\" rel=\"noreferrer noopener\">republicano havia descartado a possibilidade de disputar o Planalto em 2026<\/a>. Na oportunidade, Tarc\u00edsio de Freitas afirmou que a prioridade pol\u00edtica seria concluir seus projetos \u00e0 frente do governo de S\u00e3o Paulo.<\/p>\n\n\n\n<p>Bahia.ba<\/p>\n","protected":false},"excerpt":{"rendered":"<p>O governador de S\u00e3o Paulo, Tarc\u00edsio de Freitas (Republicanos), tem sinalizado a aliados sobre a possibilidade de concorrer \u00e0 Presid\u00eancia da Rep\u00fablica nas elei\u00e7\u00f5es de 2026. Segundo a CNN Brasil, Tarc\u00edsio estaria disposto a aceitar o desafio, desde que conte com o apoio do ex-presidente Jair Bolsonaro (PL). Apesar de ineleg\u00edvel at\u00e9 2030, o ex-mandat\u00e1rio [&hellip;]<\/p>\n","protected":false},"author":2,"featured_media":24607,"comment_status":"open","ping_status":"open","sticky":false,"template":"","format":"standard","meta":{"_jetpack_memberships_contains_paid_content":false,"footnotes":""},"categories":[39],"tags":[],"class_list":["post-24606","post","type-post","status-publish","format-standard","has-post-thumbnail","hentry","category-politica"],"aioseo_notices":[],"jetpack_featured_media_url":"https:\/\/i0.wp.com\/minutobahia24h.com.br\/wp-content\/uploads\/2025\/02\/Sem-titulo-285.jpg?fit=600%2C420&ssl=1","jetpack_sharing_enabled":true,"_links":{"self":[{"href":"https:\/\/minutobahia24h.com.br\/index.php?rest_route=\/wp\/v2\/posts\/24606","targetHints":{"allow":["GET"]}}],"collection":[{"href":"https:\/\/minutobahia24h.com.br\/index.php?rest_route=\/wp\/v2\/posts"}],"about":[{"href":"https:\/\/minutobahia24h.com.br\/index.php?rest_route=\/wp\/v2\/types\/post"}],"author":[{"embeddable":true,"href":"https:\/\/minutobahia24h.com.br\/index.php?rest_route=\/wp\/v2\/users\/2"}],"replies":[{"embeddable":true,"href":"https:\/\/minutobahia24h.com.br\/index.php?rest_route=%2Fwp%2Fv2%2Fcomments&post=24606"}],"version-history":[{"count":1,"href":"https:\/\/minutobahia24h.com.br\/index.php?rest_route=\/wp\/v2\/posts\/24606\/revisions"}],"predecessor-version":[{"id":24608,"href":"https:\/\/minutobahia24h.com.br\/index.php?rest_route=\/wp\/v2\/posts\/24606\/revisions\/24608"}],"wp:featuredmedia":[{"embeddable":true,"href":"https:\/\/minutobahia24h.com.br\/index.php?rest_route=\/wp\/v2\/media\/24607"}],"wp:attachment":[{"href":"https:\/\/minutobahia24h.com.br\/index.php?rest_route=%2Fwp%2Fv2%2Fmedia&parent=24606"}],"wp:term":[{"taxonomy":"category","embeddable":true,"href":"https:\/\/minutobahia24h.com.br\/index.php?rest_route=%2Fwp%2Fv2%2Fcategories&post=24606"},{"taxonomy":"post_tag","embeddable":true,"href":"https:\/\/minutobahia24h.com.br\/index.php?rest_route=%2Fwp%2Fv2%2Ftags&post=24606"}],"curies":[{"name":"wp","href":"https:\/\/api.w.org\/{rel}","templated":true}]}}