{"id":24594,"date":"2025-02-17T15:25:48","date_gmt":"2025-02-17T18:25:48","guid":{"rendered":"https:\/\/minutobahia24h.com.br\/?p=24594"},"modified":"2025-02-17T15:25:49","modified_gmt":"2025-02-17T18:25:49","slug":"semed-filadelfia-da-inicio-a-pre-jornada-pedagogica-2025","status":"publish","type":"post","link":"https:\/\/minutobahia24h.com.br\/?p=24594","title":{"rendered":"Semed Filad\u00e9lfia d\u00e1 inicio \u00e0 Pr\u00e9-Jornada Pedag\u00f3gica 2025"},"content":{"rendered":"<div class=\"wp-block-image\">\n<figure class=\"aligncenter size-large\"><img data-recalc-dims=\"1\" fetchpriority=\"high\" decoding=\"async\" width=\"768\" height=\"1024\" src=\"https:\/\/i0.wp.com\/minutobahia24h.com.br\/wp-content\/uploads\/2025\/02\/Sem-titulo-281-768x1024.jpg?resize=768%2C1024&#038;ssl=1\" alt=\"\" class=\"wp-image-24595\" srcset=\"https:\/\/i0.wp.com\/minutobahia24h.com.br\/wp-content\/uploads\/2025\/02\/Sem-titulo-281.jpg?resize=768%2C1024&amp;ssl=1 768w, https:\/\/i0.wp.com\/minutobahia24h.com.br\/wp-content\/uploads\/2025\/02\/Sem-titulo-281.jpg?resize=225%2C300&amp;ssl=1 225w, https:\/\/i0.wp.com\/minutobahia24h.com.br\/wp-content\/uploads\/2025\/02\/Sem-titulo-281.jpg?resize=1152%2C1536&amp;ssl=1 1152w, https:\/\/i0.wp.com\/minutobahia24h.com.br\/wp-content\/uploads\/2025\/02\/Sem-titulo-281.jpg?resize=750%2C1000&amp;ssl=1 750w, https:\/\/i0.wp.com\/minutobahia24h.com.br\/wp-content\/uploads\/2025\/02\/Sem-titulo-281.jpg?resize=1140%2C1520&amp;ssl=1 1140w, https:\/\/i0.wp.com\/minutobahia24h.com.br\/wp-content\/uploads\/2025\/02\/Sem-titulo-281.jpg?w=1536&amp;ssl=1 1536w\" sizes=\"(max-width: 768px) 100vw, 768px\" \/><\/figure>\n<\/div>\n\n\n<p>A Prefeitura de Filad\u00e9lfia, por meio da Secretaria Municipal de Educa\u00e7\u00e3o, deu in\u00edcio na manh\u00e3 desta segunda-feira (17), no audit\u00f3rio do Col\u00e9gio Alice, \u00e0 Pr\u00e9-Jornada Pedag\u00f3gica 2025, um espa\u00e7o de reflex\u00e3o, alinhamento e fortalecimento da miss\u00e3o educacional da Rede P\u00fablica Municipal. O evento re\u00fane gestores e coordenadores comprometidos com a constru\u00e7\u00e3o de uma educa\u00e7\u00e3o cada vez mais forte e transformadora no munic\u00edpio.<\/p>\n\n\n\n<p>O prefeito Andr\u00e9 Luiz deu as boas-vindas aos gestores e coordenadores, destacando o compromisso da gest\u00e3o com o desenvolvimento educacional de Filad\u00e9lfia, o vice-prefeito Rodrigo tamb\u00e9m fez o uso da palavra e em seguida, a secret\u00e1ria de Educa\u00e7\u00e3o, Jamille Freitas, compartilhou sua mensagem com as perspectivas para o ano letivo, refor\u00e7ando a import\u00e2ncia do trabalho conjunto para garantir ensino de qualidade aos alunos da Rede P\u00fablica Municipal.<\/p>\n\n\n\n<p>A programa\u00e7\u00e3o da Pr\u00e9-Jornada segue at\u00e9 a pr\u00f3xima quarta-feira (19), promovendo momentos de aprendizado, troca de experi\u00eancias e planejamento estrat\u00e9gico para o ano letivo. Como parte desse processo, os diretores escolares e coordenadores pedag\u00f3gicos foram apresentados, refor\u00e7ando o papel essencial de cada profissional na constru\u00e7\u00e3o de um ensino inovador e inclusivo.<\/p>\n\n\n\n<p>A Jornada Pedag\u00f3gica 2025 ter\u00e1 sua abertura oficial no dia 24 de fevereiro, trazendo como tema central \u201cEduca\u00e7\u00e3o Transformadora: inova\u00e7\u00e3o, inclus\u00e3o e bem-estar para construir o futuro\u201d. Esse ser\u00e1 um momento essencial para impulsionar o desenvolvimento da rede municipal de ensino, promovendo a\u00e7\u00f5es que visam a forma\u00e7\u00e3o integral dos estudantes.<\/p>\n\n\n\n<p>___<br>ASCOM<br>Prefeitura de Filad\u00e9lfia<\/p>\n","protected":false},"excerpt":{"rendered":"<p>A Prefeitura de Filad\u00e9lfia, por meio da Secretaria Municipal de Educa\u00e7\u00e3o, deu in\u00edcio na manh\u00e3 desta segunda-feira (17), no audit\u00f3rio do Col\u00e9gio Alice, \u00e0 Pr\u00e9-Jornada Pedag\u00f3gica 2025, um espa\u00e7o de reflex\u00e3o, alinhamento e fortalecimento da miss\u00e3o educacional da Rede P\u00fablica Municipal. O evento re\u00fane gestores e coordenadores comprometidos com a constru\u00e7\u00e3o de uma educa\u00e7\u00e3o cada [&hellip;]<\/p>\n","protected":false},"author":2,"featured_media":24595,"comment_status":"open","ping_status":"open","sticky":false,"template":"","format":"standard","meta":{"_jetpack_memberships_contains_paid_content":false,"footnotes":""},"categories":[3],"tags":[],"class_list":["post-24594","post","type-post","status-publish","format-standard","has-post-thumbnail","hentry","category-regional"],"aioseo_notices":[],"jetpack_featured_media_url":"https:\/\/i0.wp.com\/minutobahia24h.com.br\/wp-content\/uploads\/2025\/02\/Sem-titulo-281.jpg?fit=1536%2C2048&ssl=1","jetpack_sharing_enabled":true,"_links":{"self":[{"href":"https:\/\/minutobahia24h.com.br\/index.php?rest_route=\/wp\/v2\/posts\/24594","targetHints":{"allow":["GET"]}}],"collection":[{"href":"https:\/\/minutobahia24h.com.br\/index.php?rest_route=\/wp\/v2\/posts"}],"about":[{"href":"https:\/\/minutobahia24h.com.br\/index.php?rest_route=\/wp\/v2\/types\/post"}],"author":[{"embeddable":true,"href":"https:\/\/minutobahia24h.com.br\/index.php?rest_route=\/wp\/v2\/users\/2"}],"replies":[{"embeddable":true,"href":"https:\/\/minutobahia24h.com.br\/index.php?rest_route=%2Fwp%2Fv2%2Fcomments&post=24594"}],"version-history":[{"count":1,"href":"https:\/\/minutobahia24h.com.br\/index.php?rest_route=\/wp\/v2\/posts\/24594\/revisions"}],"predecessor-version":[{"id":24596,"href":"https:\/\/minutobahia24h.com.br\/index.php?rest_route=\/wp\/v2\/posts\/24594\/revisions\/24596"}],"wp:featuredmedia":[{"embeddable":true,"href":"https:\/\/minutobahia24h.com.br\/index.php?rest_route=\/wp\/v2\/media\/24595"}],"wp:attachment":[{"href":"https:\/\/minutobahia24h.com.br\/index.php?rest_route=%2Fwp%2Fv2%2Fmedia&parent=24594"}],"wp:term":[{"taxonomy":"category","embeddable":true,"href":"https:\/\/minutobahia24h.com.br\/index.php?rest_route=%2Fwp%2Fv2%2Fcategories&post=24594"},{"taxonomy":"post_tag","embeddable":true,"href":"https:\/\/minutobahia24h.com.br\/index.php?rest_route=%2Fwp%2Fv2%2Ftags&post=24594"}],"curies":[{"name":"wp","href":"https:\/\/api.w.org\/{rel}","templated":true}]}}