{"id":24556,"date":"2025-02-17T08:12:17","date_gmt":"2025-02-17T11:12:17","guid":{"rendered":"https:\/\/minutobahia24h.com.br\/?p=24556"},"modified":"2025-02-17T08:12:19","modified_gmt":"2025-02-17T11:12:19","slug":"o-que-esta-por-tras-da-reuniao-de-emergencia-da-europa-sobre-a-ucrania","status":"publish","type":"post","link":"https:\/\/minutobahia24h.com.br\/?p=24556","title":{"rendered":"O que est\u00e1 por tr\u00e1s da reuni\u00e3o de emerg\u00eancia da Europa sobre a Ucr\u00e2nia"},"content":{"rendered":"\n<p>Paris ser\u00e1 palco de uma reuni\u00e3o de emerg\u00eancia com l\u00edderes europeus sobre a guerra na&nbsp;<a class=\"\" href=\"https:\/\/g1.globo.com\/tudo-sobre\/ucrania\/\">Ucr\u00e2nia<\/a>&nbsp;nesta segunda-feira (17). No radar est\u00e3o conversas entre&nbsp;<a class=\"\" href=\"https:\/\/g1.globo.com\/tudo-sobre\/estados-unidos\/\">Estados Unidos<\/a>&nbsp;e&nbsp;<a class=\"\" href=\"https:\/\/g1.globo.com\/tudo-sobre\/russia\/\">R\u00fassia<\/a>&nbsp;sobre um poss\u00edvel acordo para p\u00f4r fim ao conflito, que completar\u00e1 tr\u00eas anos no pr\u00f3ximo dia 24.<\/p>\n\n\n\n<p>\u25b6\ufe0f&nbsp;<strong>Contexto:&nbsp;<\/strong>A reuni\u00e3o foi&nbsp;<a class=\"\" href=\"https:\/\/g1.globo.com\/mundo\/noticia\/2025\/02\/16\/emmanuel-macron-sediara-cupula-europeia-de-emergencia-sobre-a-ucrania.ghtml\">convocada pelo presidente da Fran\u00e7a, Emmanuel Macron<\/a>, diante dos \u00faltimos acontecimentos envolvendo o conflito:<\/p>\n\n\n\n<ul class=\"wp-block-list\">\n<li>Na quarta-feira (12), o ex-presidente dos EUA,\u00a0<a class=\"\" href=\"https:\/\/g1.globo.com\/tudo-sobre\/donald-trump\/\">Donald Trump<\/a>, anunciou que\u00a0<a class=\"\" href=\"https:\/\/g1.globo.com\/mundo\/noticia\/2025\/02\/12\/trump-diz-que-conversou-com-putin-por-telefone-nesta-quarta.ghtml\">conversou com o l\u00edder russo Vladimir Putin<\/a>\u00a0sobre a guerra na Ucr\u00e2nia.<\/li>\n\n\n\n<li>No mesmo dia, o secret\u00e1rio de Defesa dos EUA, Pete Hegseth, afirmou que \u00e9\u00a0<a class=\"\" href=\"https:\/\/g1.globo.com\/mundo\/ucrania-russia\/noticia\/2025\/02\/12\/secretario-de-defesa-dos-eua-diz-que-retorno-as-fronteiras-da-ucrania-e-objetivo-irrealista.ghtml\">improv\u00e1vel que a Ucr\u00e2nia recupere todo o territ\u00f3rio<\/a>\u00a0que controlava em 2014, quando a Crimeia foi anexada pela R\u00fassia.<\/li>\n\n\n\n<li>A Ucr\u00e2nia e l\u00edderes europeus passaram a desconfiar que os Estados Unidos poderiam negociar um acordo de paz com a R\u00fassia sem a participa\u00e7\u00e3o do governo ucraniano.<\/li>\n\n\n\n<li>Na quinta-feira (13), Trump declarou que a Ucr\u00e2nia teria &#8220;um lugar \u00e0 mesa&#8221; nas negocia\u00e7\u00f5es para o fim do conflito.<\/li>\n\n\n\n<li>O presidente americano tamb\u00e9m chegou a anunciar um encontro entre autoridades dos Estados Unidos, Ucr\u00e2nia e R\u00fassia na Alemanha, na sexta-feira (14). No entanto, o governo ucraniano afirmou que n\u00e3o conversaria com os russos antes de tra\u00e7ar um plano com seus aliados.<\/li>\n<\/ul>\n\n\n\n<p>\ud83c\udf0d&nbsp;<strong>Temor europeu:<\/strong>&nbsp;Os Estados Unidos sugeriram que a Europa poderia n\u00e3o ter um papel ativo nas negocia\u00e7\u00f5es para o fim da guerra na Ucr\u00e2nia, o que gerou preocupa\u00e7\u00f5es entre os l\u00edderes europeus. Al\u00e9m disso, h\u00e1 receio de que um poss\u00edvel acordo favore\u00e7a a R\u00fassia.<\/p>\n\n\n\n<ul class=\"wp-block-list\">\n<li>Especialistas militares europeus alertam que concess\u00f5es excessivas a Moscou, como a entrega de territ\u00f3rios ucranianos, colocariam a seguran\u00e7a do continente em risco.<\/li>\n\n\n\n<li>Dentro da Organiza\u00e7\u00e3o do Tratado do Atl\u00e2ntico Norte (Otan), tamb\u00e9m causou inc\u00f4modo o fato de Trump ter ligado para Putin sem antes discutir um plano de paz com os aliados europeus.<\/li>\n\n\n\n<li>Ao mesmo tempo, reuni\u00f5es anteriores da Uni\u00e3o Europeia revelaram diverg\u00eancias internas sobre a formula\u00e7\u00e3o de um plano coeso para conter Putin e garantir a seguran\u00e7a da Ucr\u00e2nia.<\/li>\n\n\n\n<li>Para tentar acalmar os \u00e2nimos, o secret\u00e1rio de Estado dos EUA, Marco Rubio, afirmou no domingo (16) que a Europa faria parte de quaisquer &#8220;negocia\u00e7\u00f5es reais&#8221; para o fim da guerra.<\/li>\n\n\n\n<li>Os EUA tamb\u00e9m enviaram um question\u00e1rio \u00e0s autoridades europeias perguntando, entre outros pontos, quantas tropas cada pa\u00eds poderia disponibilizar para garantir a implementa\u00e7\u00e3o de um acordo de paz entre R\u00fassia e Ucr\u00e2nia.<\/li>\n<\/ul>\n\n\n\n<p><strong>\ud83d\udc40 Interesses dos EUA:&nbsp;<\/strong>Trump&nbsp;<a class=\"\" href=\"https:\/\/g1.globo.com\/mundo\/ucrania-russia\/noticia\/2025\/02\/05\/trump-condiciona-ajuda-dos-eua-a-ucrania-em-troca-de-direitos-a-terras-raras-saiba-o-que-sao.ghtml\">condicionou a ajuda dos EUA \u00e0 Ucr\u00e2nia<\/a>&nbsp;em troca de direitos sobre as chamadas &#8220;terras raras&#8221;.<\/p>\n\n\n\n<ul class=\"wp-block-list\">\n<li>Essas regi\u00f5es ucranianas possuem minerais valiosos, essenciais para a ind\u00fastria eletr\u00f4nica.<\/li>\n\n\n\n<li>Entre os recursos encontrados nessas \u00e1reas est\u00e3o mangan\u00eas, ur\u00e2nio, tit\u00e2nio, l\u00edtio, min\u00e9rios de zirc\u00f4nio, al\u00e9m de carv\u00e3o, g\u00e1s e petr\u00f3leo.<\/li>\n\n\n\n<li>Inicialmente, Zelensky havia elaborado um &#8220;plano da vit\u00f3ria&#8221; que permitia a explora\u00e7\u00e3o desses minerais por aliados em solo ucraniano.<\/li>\n\n\n\n<li>Diante da aproxima\u00e7\u00e3o entre Trump e Putin, o presidente ucraniano demonstrou preocupa\u00e7\u00e3o. Em entrevista \u00e0 rede americana NBC, Zelensky questionou se os minerais localizados em \u00e1reas da Ucr\u00e2nia atualmente ocupadas pela R\u00fassia seriam entregues a Putin em um eventual acordo.<\/li>\n\n\n\n<li>Zelensky afirmou ainda que a\u00a0<a class=\"\" href=\"https:\/\/g1.globo.com\/mundo\/noticia\/2025\/02\/17\/ucrania-rejeita-acordo-com-eua-por-exploracao-de-terras-raras-e-cobra-garantias-de-seguranca.ghtml\">Ucr\u00e2nia recusou um acordo proposto pelos Estados Unidos sobre as terras raras<\/a>, j\u00e1 que o governo Trump n\u00e3o forneceu as garantias de seguran\u00e7a necess\u00e1rias.<\/li>\n\n\n\n<li>Autoridades dos EUA e da R\u00fassia devem se reunir na Ar\u00e1bia Saudita nos pr\u00f3ximos dias para iniciar as negocia\u00e7\u00f5es sobre o fim da guerra.<\/li>\n<\/ul>\n\n\n\n<p>Europa com Zelensky<\/p>\n\n\n<div class=\"wp-block-image\">\n<figure class=\"aligncenter size-full\"><img data-recalc-dims=\"1\" fetchpriority=\"high\" decoding=\"async\" width=\"800\" height=\"448\" src=\"https:\/\/i0.wp.com\/minutobahia24h.com.br\/wp-content\/uploads\/2025\/02\/Sem-titulo-269.jpg?resize=800%2C448&#038;ssl=1\" alt=\"\" class=\"wp-image-24557\" srcset=\"https:\/\/i0.wp.com\/minutobahia24h.com.br\/wp-content\/uploads\/2025\/02\/Sem-titulo-269.jpg?w=984&amp;ssl=1 984w, https:\/\/i0.wp.com\/minutobahia24h.com.br\/wp-content\/uploads\/2025\/02\/Sem-titulo-269.jpg?resize=300%2C168&amp;ssl=1 300w, https:\/\/i0.wp.com\/minutobahia24h.com.br\/wp-content\/uploads\/2025\/02\/Sem-titulo-269.jpg?resize=768%2C430&amp;ssl=1 768w, https:\/\/i0.wp.com\/minutobahia24h.com.br\/wp-content\/uploads\/2025\/02\/Sem-titulo-269.jpg?resize=750%2C420&amp;ssl=1 750w\" sizes=\"(max-width: 800px) 100vw, 800px\" \/><figcaption class=\"wp-element-caption\">Tropas durante a guerra na Ucr\u00e2nia \u2014 Foto: Reuter<br><\/figcaption><\/figure>\n<\/div>\n\n\n<p><strong><br>MENU<\/strong><\/p>\n\n\n\n<p><a href=\"https:\/\/g1.globo.com\/\"><\/a><\/p>\n\n\n\n<p><a href=\"http:\/\/g1.globo.com\/mundo\/\">Mundo<\/a><\/p>\n\n\n\n<h1 class=\"wp-block-heading\">O que est\u00e1 por tr\u00e1s da reuni\u00e3o de emerg\u00eancia da Europa sobre a Ucr\u00e2nia<\/h1>\n\n\n\n<h2 class=\"wp-block-heading\">L\u00edderes europeus se re\u00fanem nesta segunda-feira (17), de olho na aproxima\u00e7\u00e3o entre EUA e R\u00fassia. Europa quer participar das negocia\u00e7\u00f5es por paz e teme pela pr\u00f3pria seguran\u00e7a.<\/h2>\n\n\n\n<p>Por&nbsp;<a href=\"https:\/\/g1.globo.com\/autores\/redacao-g1\/\">Reda\u00e7\u00e3o g1<\/a><\/p>\n\n\n\n<p>17\/02\/2025 00h00&nbsp;&nbsp;Atualizado&nbsp;h\u00e1 uma hora<\/p>\n\n\n\n<p>https:\/\/imasdk.googleapis.com\/js\/core\/bridge3.686.0_pt_br.html#fid=goog_1901475264Reproduzir v\u00eddeo<\/p>\n\n\n\n<p><video muted=\"\" preload=\"none\" playsinline=\"playsinline\" poster=\"https:\/\/s02.video.glbimg.com\/x360\/13341165.jpg\"><\/video>Reproduzir<\/p>\n\n\n\n<p>00:00\/04:16Silenciar somMinimizar v\u00eddeoTela cheia<\/p>\n\n\n\n<p>Liga\u00e7\u00e3o de Putin e Trump choca Europa e presidente da Ucr\u00e2nia diz que n\u00e3o aceitar\u00e1 acordo sem participar de negocia\u00e7\u00e3o<\/p>\n\n\n\n<p>Paris ser\u00e1 palco de uma reuni\u00e3o de emerg\u00eancia com l\u00edderes europeus sobre a guerra na&nbsp;<a class=\"\" href=\"https:\/\/g1.globo.com\/tudo-sobre\/ucrania\/\">Ucr\u00e2nia<\/a>&nbsp;nesta segunda-feira (17). No radar est\u00e3o conversas entre&nbsp;<a class=\"\" href=\"https:\/\/g1.globo.com\/tudo-sobre\/estados-unidos\/\">Estados Unidos<\/a>&nbsp;e&nbsp;<a class=\"\" href=\"https:\/\/g1.globo.com\/tudo-sobre\/russia\/\">R\u00fassia<\/a>&nbsp;sobre um poss\u00edvel acordo para p\u00f4r fim ao conflito, que completar\u00e1 tr\u00eas anos no pr\u00f3ximo dia 24.<\/p>\n\n\n\n<p>\u25b6\ufe0f&nbsp;<strong>Contexto:&nbsp;<\/strong>A reuni\u00e3o foi&nbsp;<a class=\"\" href=\"https:\/\/g1.globo.com\/mundo\/noticia\/2025\/02\/16\/emmanuel-macron-sediara-cupula-europeia-de-emergencia-sobre-a-ucrania.ghtml\">convocada pelo presidente da Fran\u00e7a, Emmanuel Macron<\/a>, diante dos \u00faltimos acontecimentos envolvendo o conflito:<\/p>\n\n\n\n<ul class=\"wp-block-list\">\n<li>Na quarta-feira (12), o ex-presidente dos EUA,\u00a0<a class=\"\" href=\"https:\/\/g1.globo.com\/tudo-sobre\/donald-trump\/\">Donald Trump<\/a>, anunciou que\u00a0<a class=\"\" href=\"https:\/\/g1.globo.com\/mundo\/noticia\/2025\/02\/12\/trump-diz-que-conversou-com-putin-por-telefone-nesta-quarta.ghtml\">conversou com o l\u00edder russo Vladimir Putin<\/a>\u00a0sobre a guerra na Ucr\u00e2nia.<\/li>\n\n\n\n<li>No mesmo dia, o secret\u00e1rio de Defesa dos EUA, Pete Hegseth, afirmou que \u00e9\u00a0<a class=\"\" href=\"https:\/\/g1.globo.com\/mundo\/ucrania-russia\/noticia\/2025\/02\/12\/secretario-de-defesa-dos-eua-diz-que-retorno-as-fronteiras-da-ucrania-e-objetivo-irrealista.ghtml\">improv\u00e1vel que a Ucr\u00e2nia recupere todo o territ\u00f3rio<\/a>\u00a0que controlava em 2014, quando a Crimeia foi anexada pela R\u00fassia.<\/li>\n\n\n\n<li>A Ucr\u00e2nia e l\u00edderes europeus passaram a desconfiar que os Estados Unidos poderiam negociar um acordo de paz com a R\u00fassia sem a participa\u00e7\u00e3o do governo ucraniano.<\/li>\n\n\n\n<li>Na quinta-feira (13), Trump declarou que a Ucr\u00e2nia teria &#8220;um lugar \u00e0 mesa&#8221; nas negocia\u00e7\u00f5es para o fim do conflito.<\/li>\n\n\n\n<li>O presidente americano tamb\u00e9m chegou a anunciar um encontro entre autoridades dos Estados Unidos, Ucr\u00e2nia e R\u00fassia na Alemanha, na sexta-feira (14). No entanto, o governo ucraniano afirmou que n\u00e3o conversaria com os russos antes de tra\u00e7ar um plano com seus aliados.<\/li>\n<\/ul>\n\n\n\n<p>\ud83c\udf0d&nbsp;<strong>Temor europeu:<\/strong>&nbsp;Os Estados Unidos sugeriram que a Europa poderia n\u00e3o ter um papel ativo nas negocia\u00e7\u00f5es para o fim da guerra na Ucr\u00e2nia, o que gerou preocupa\u00e7\u00f5es entre os l\u00edderes europeus. Al\u00e9m disso, h\u00e1 receio de que um poss\u00edvel acordo favore\u00e7a a R\u00fassia.<\/p>\n\n\n\n<ul class=\"wp-block-list\">\n<li>Especialistas militares europeus alertam que concess\u00f5es excessivas a Moscou, como a entrega de territ\u00f3rios ucranianos, colocariam a seguran\u00e7a do continente em risco.<\/li>\n\n\n\n<li>Dentro da Organiza\u00e7\u00e3o do Tratado do Atl\u00e2ntico Norte (Otan), tamb\u00e9m causou inc\u00f4modo o fato de Trump ter ligado para Putin sem antes discutir um plano de paz com os aliados europeus.<\/li>\n\n\n\n<li>Ao mesmo tempo, reuni\u00f5es anteriores da Uni\u00e3o Europeia revelaram diverg\u00eancias internas sobre a formula\u00e7\u00e3o de um plano coeso para conter Putin e garantir a seguran\u00e7a da Ucr\u00e2nia.<\/li>\n\n\n\n<li>Para tentar acalmar os \u00e2nimos, o secret\u00e1rio de Estado dos EUA, Marco Rubio, afirmou no domingo (16) que a Europa faria parte de quaisquer &#8220;negocia\u00e7\u00f5es reais&#8221; para o fim da guerra.<\/li>\n\n\n\n<li>Os EUA tamb\u00e9m enviaram um question\u00e1rio \u00e0s autoridades europeias perguntando, entre outros pontos, quantas tropas cada pa\u00eds poderia disponibilizar para garantir a implementa\u00e7\u00e3o de um acordo de paz entre R\u00fassia e Ucr\u00e2nia.<\/li>\n<\/ul>\n\n\n\n<p><strong>\ud83d\udc40 Interesses dos EUA:&nbsp;<\/strong>Trump&nbsp;<a class=\"\" href=\"https:\/\/g1.globo.com\/mundo\/ucrania-russia\/noticia\/2025\/02\/05\/trump-condiciona-ajuda-dos-eua-a-ucrania-em-troca-de-direitos-a-terras-raras-saiba-o-que-sao.ghtml\">condicionou a ajuda dos EUA \u00e0 Ucr\u00e2nia<\/a>&nbsp;em troca de direitos sobre as chamadas &#8220;terras raras&#8221;.<\/p>\n\n\n\n<ul class=\"wp-block-list\">\n<li>Essas regi\u00f5es ucranianas possuem minerais valiosos, essenciais para a ind\u00fastria eletr\u00f4nica.<\/li>\n\n\n\n<li>Entre os recursos encontrados nessas \u00e1reas est\u00e3o mangan\u00eas, ur\u00e2nio, tit\u00e2nio, l\u00edtio, min\u00e9rios de zirc\u00f4nio, al\u00e9m de carv\u00e3o, g\u00e1s e petr\u00f3leo.<\/li>\n\n\n\n<li>Inicialmente, Zelensky havia elaborado um &#8220;plano da vit\u00f3ria&#8221; que permitia a explora\u00e7\u00e3o desses minerais por aliados em solo ucraniano.<\/li>\n\n\n\n<li>Diante da aproxima\u00e7\u00e3o entre Trump e Putin, o presidente ucraniano demonstrou preocupa\u00e7\u00e3o. Em entrevista \u00e0 rede americana NBC, Zelensky questionou se os minerais localizados em \u00e1reas da Ucr\u00e2nia atualmente ocupadas pela R\u00fassia seriam entregues a Putin em um eventual acordo.<\/li>\n\n\n\n<li>Zelensky afirmou ainda que a\u00a0<a class=\"\" href=\"https:\/\/g1.globo.com\/mundo\/noticia\/2025\/02\/17\/ucrania-rejeita-acordo-com-eua-por-exploracao-de-terras-raras-e-cobra-garantias-de-seguranca.ghtml\">Ucr\u00e2nia recusou um acordo proposto pelos Estados Unidos sobre as terras raras<\/a>, j\u00e1 que o governo Trump n\u00e3o forneceu as garantias de seguran\u00e7a necess\u00e1rias.<\/li>\n\n\n\n<li>Autoridades dos EUA e da R\u00fassia devem se reunir na Ar\u00e1bia Saudita nos pr\u00f3ximos dias para iniciar as negocia\u00e7\u00f5es sobre o fim da guerra.<\/li>\n<\/ul>\n\n\n\n<p><a class=\"\" href=\"https:\/\/www.whatsapp.com\/channel\/0029VaAxqZz0G0XbwyLjdi1L\" target=\"_blank\" rel=\"noreferrer noopener\">\u2705 Clique aqui para seguir o canal de not\u00edcias internacionais do g1 no WhatsApp<\/a><\/p>\n\n\n\n<figure class=\"wp-block-embed\"><div class=\"wp-block-embed__wrapper\">\nhttps:\/\/s3.glbimg.com\/v1\/AUTH_14ce1dbebbe64b1e8e955809a085692d\/web-components\/teste-ab.html?url=aHR0cHM6Ly9zMy5nbGJpbWcuY29tL3YxL0FVVEhfMTRjZTFkYmViYmU2NGIxZThlOTU1ODA5YTA4NTY5MmQvd2ViLWNvbXBvbmVudHMvcGxheWVyLXdlYi1tdWx0aWNvbnRlbnQvcHJvZC93aWRnZXQuaHRtbD9wcm9kdWN0TmFtZT1nMSZwcm9kdWN0Q29sb3I9JTIzQzQxNzBDJmFydHdvcmtVUkw9aHR0cHMlM0ElMkYlMkZzMy5nbGJpbWcuY29tJTJGdjElMkZBVVRIXzU5ZWRkNDIyYzBjODRhODc5YmQzNzY3MGFlNGY1MzhhJTJGYXVkaW9wdWItZXBpc29kZXMlMkZicyUyRjIwMjUlMkZFJTJGSyUyRlJUUTVXUFI0dTBZMVRpclR5MnpBJTJGbmF0dXphLWNhcGEuanBnJmF1ZGlvVVJMPWh0dHBzJTNBJTJGJTJGdHJhZmZpYy5vbW55LmZtJTJGZCUyRmNsaXBzJTJGNjUxYTI1MWUtMDZlMS00N2UwLTkzMzYtYWM1YTAwZjQxNjI4JTJGMDQ1NjFiNDMtNzUzZC00Nzg0LThlMTktYWM4YjAwZTg2NDExJTJGNzYzMzk1YWQtZTdhMS00NzIwLTlkZmUtYjI4NDAwMzVhMTcyJTJGYXVkaW8ubXAzJmR1cmF0aW9uPTE1MDguMDEmYXV0aG9yPUcxJmVwaXNvZGVUaXRsZT1UcnVtcCUyQytQdXRpbitlK28rZnV0dXJvK2RhK29yZGVtK211bmRpYWwrJnBvZGNhc3RUaXRsZT1PK0Fzc3VudG8mcHVibGlzaGVkQXQ9MjAyNS0wMi0xNFQwMyUzQTE2JTNBMjdaJnNoYXJlVXJsPWh0dHBzJTNBJTJGJTJGZzEuZ2xvYm8uY29tJTJGcG9kY2FzdCUyRm8tYXNzdW50byUyRg==&#038;channel=desktop\n<\/div><\/figure>\n\n\n\n<h2 class=\"wp-block-heading\">Europa com Zelensky<\/h2>\n\n\n\n<figure class=\"wp-block-image\"><img data-recalc-dims=\"1\" decoding=\"async\" src=\"https:\/\/i0.wp.com\/s2-g1.glbimg.com\/kxCA09Ac1e6YHUx56XuPQ6bgvUo%3D\/0x0%3A800x448\/984x0\/smart\/filters%3Astrip_icc%28%29\/i.s3.glbimg.com\/v1\/AUTH_59edd422c0c84a879bd37670ae4f538a\/internal_photos\/bs\/2024\/w\/h\/2aYiwqQEWp2cubVAZUoA\/ucrania-na-russia-bbc-1.png?w=800&#038;ssl=1\" alt=\"Tropas durante a guerra na Ucr\u00e2nia \u2014 Foto: Reuter\"\/><\/figure>\n\n\n\n<p>Tropas durante a guerra na Ucr\u00e2nia \u2014 Foto: Reuter<\/p>\n\n\n\n<p>Na sexta-feira (14), antes da convoca\u00e7\u00e3o da reuni\u00e3o de emerg\u00eancia, Macron publicou uma mensagem nas redes sociais afirmando ter conversado com o presidente ucraniano, Volodymyr Zelensky. Ele tamb\u00e9m mencionou os esfor\u00e7os de Trump.<\/p>\n\n\n\n<p>&#8220;Se o presidente Donald Trump puder realmente convencer o presidente Putin a parar a agress\u00e3o contra a Ucr\u00e2nia, isso \u00e9 uma \u00f3tima not\u00edcia. Ent\u00e3o, ser\u00e3o os ucranianos sozinhos que poder\u00e3o conduzir as discuss\u00f5es para uma paz s\u00f3lida e duradoura. N\u00f3s os ajudaremos nesse esfor\u00e7o&#8221;, afirmou.<\/p>\n\n\n\n<p>Macron tamb\u00e9m afirmou que a Europa precisa fortalecer a seguran\u00e7a coletiva do continente, tornando-se mais aut\u00f4noma.<\/p>\n\n\n\n<p>J\u00e1 o primeiro-ministro do Reino Unido, Keir Starmer, declarou neste domingo que&nbsp;<a class=\"\" href=\"https:\/\/g1.globo.com\/mundo\/noticia\/2025\/02\/16\/premie-do-reino-unido-diz-estar-pronto-para-enviar-tropas-a-ucrania-para-garantir-acordo-de-paz-diz-jornal.ghtml\">est\u00e1 pronto para enviar tropas brit\u00e2nicas \u00e0 Ucr\u00e2nia<\/a>&nbsp;como parte de uma miss\u00e3o de manuten\u00e7\u00e3o da paz no p\u00f3s-guerra.<\/p>\n\n\n\n<p>Segundo Starmer, a presen\u00e7a de tropas europeias na Ucr\u00e2nia ser\u00e1 essencial para impedir novas agress\u00f5es de Putin.<\/p>\n\n\n\n<p>Nesta segunda-feira, al\u00e9m de Macron e Starmer, outras autoridades europeias devem participar da reuni\u00e3o de emerg\u00eancia, como:<\/p>\n\n\n\n<ul class=\"wp-block-list\">\n<li>Olaf Scholz, chanceler da Alemanha;<\/li>\n\n\n\n<li>Giorgia Meloni, primeira-ministra da It\u00e1lia;<\/li>\n\n\n\n<li>Mark Rutte, secret\u00e1rio-geral da Otan.<\/li>\n<\/ul>\n\n\n\n<p><\/p>\n\n\n\n<p><\/p>\n","protected":false},"excerpt":{"rendered":"<p>Paris ser\u00e1 palco de uma reuni\u00e3o de emerg\u00eancia com l\u00edderes europeus sobre a guerra na&nbsp;Ucr\u00e2nia&nbsp;nesta segunda-feira (17). No radar est\u00e3o conversas entre&nbsp;Estados Unidos&nbsp;e&nbsp;R\u00fassia&nbsp;sobre um poss\u00edvel acordo para p\u00f4r fim ao conflito, que completar\u00e1 tr\u00eas anos no pr\u00f3ximo dia 24. \u25b6\ufe0f&nbsp;Contexto:&nbsp;A reuni\u00e3o foi&nbsp;convocada pelo presidente da Fran\u00e7a, Emmanuel Macron, diante dos \u00faltimos acontecimentos envolvendo o conflito: [&hellip;]<\/p>\n","protected":false},"author":2,"featured_media":24557,"comment_status":"open","ping_status":"open","sticky":false,"template":"","format":"standard","meta":{"_jetpack_memberships_contains_paid_content":false,"footnotes":""},"categories":[15],"tags":[],"class_list":["post-24556","post","type-post","status-publish","format-standard","has-post-thumbnail","hentry","category-mundo"],"aioseo_notices":[],"jetpack_featured_media_url":"https:\/\/i0.wp.com\/minutobahia24h.com.br\/wp-content\/uploads\/2025\/02\/Sem-titulo-269.jpg?fit=984%2C551&ssl=1","jetpack_sharing_enabled":true,"_links":{"self":[{"href":"https:\/\/minutobahia24h.com.br\/index.php?rest_route=\/wp\/v2\/posts\/24556","targetHints":{"allow":["GET"]}}],"collection":[{"href":"https:\/\/minutobahia24h.com.br\/index.php?rest_route=\/wp\/v2\/posts"}],"about":[{"href":"https:\/\/minutobahia24h.com.br\/index.php?rest_route=\/wp\/v2\/types\/post"}],"author":[{"embeddable":true,"href":"https:\/\/minutobahia24h.com.br\/index.php?rest_route=\/wp\/v2\/users\/2"}],"replies":[{"embeddable":true,"href":"https:\/\/minutobahia24h.com.br\/index.php?rest_route=%2Fwp%2Fv2%2Fcomments&post=24556"}],"version-history":[{"count":1,"href":"https:\/\/minutobahia24h.com.br\/index.php?rest_route=\/wp\/v2\/posts\/24556\/revisions"}],"predecessor-version":[{"id":24558,"href":"https:\/\/minutobahia24h.com.br\/index.php?rest_route=\/wp\/v2\/posts\/24556\/revisions\/24558"}],"wp:featuredmedia":[{"embeddable":true,"href":"https:\/\/minutobahia24h.com.br\/index.php?rest_route=\/wp\/v2\/media\/24557"}],"wp:attachment":[{"href":"https:\/\/minutobahia24h.com.br\/index.php?rest_route=%2Fwp%2Fv2%2Fmedia&parent=24556"}],"wp:term":[{"taxonomy":"category","embeddable":true,"href":"https:\/\/minutobahia24h.com.br\/index.php?rest_route=%2Fwp%2Fv2%2Fcategories&post=24556"},{"taxonomy":"post_tag","embeddable":true,"href":"https:\/\/minutobahia24h.com.br\/index.php?rest_route=%2Fwp%2Fv2%2Ftags&post=24556"}],"curies":[{"name":"wp","href":"https:\/\/api.w.org\/{rel}","templated":true}]}}