{"id":24547,"date":"2025-02-17T08:05:43","date_gmt":"2025-02-17T11:05:43","guid":{"rendered":"https:\/\/minutobahia24h.com.br\/?p=24547"},"modified":"2025-02-17T08:05:44","modified_gmt":"2025-02-17T11:05:44","slug":"lula-leva-vantagem-na-classe-baixa-e-bolsonaro-e-apoiado-por-maioria-da-classe-alta-aponta-quaest","status":"publish","type":"post","link":"https:\/\/minutobahia24h.com.br\/?p=24547","title":{"rendered":"Lula leva vantagem na \u201cclasse baixa\u201d e Bolsonaro \u00e9 apoiado por maioria da \u201cclasse alta\u201d, aponta Quaest"},"content":{"rendered":"<div class=\"wp-block-image\">\n<figure class=\"aligncenter size-large\"><img data-recalc-dims=\"1\" fetchpriority=\"high\" decoding=\"async\" width=\"800\" height=\"420\" src=\"https:\/\/i0.wp.com\/minutobahia24h.com.br\/wp-content\/uploads\/2025\/02\/Sem-titulo-266-1024x538.jpg?resize=800%2C420&#038;ssl=1\" alt=\"\" class=\"wp-image-24548\" srcset=\"https:\/\/i0.wp.com\/minutobahia24h.com.br\/wp-content\/uploads\/2025\/02\/Sem-titulo-266.jpg?resize=1024%2C538&amp;ssl=1 1024w, https:\/\/i0.wp.com\/minutobahia24h.com.br\/wp-content\/uploads\/2025\/02\/Sem-titulo-266.jpg?resize=300%2C158&amp;ssl=1 300w, https:\/\/i0.wp.com\/minutobahia24h.com.br\/wp-content\/uploads\/2025\/02\/Sem-titulo-266.jpg?resize=768%2C403&amp;ssl=1 768w, https:\/\/i0.wp.com\/minutobahia24h.com.br\/wp-content\/uploads\/2025\/02\/Sem-titulo-266.jpg?resize=750%2C394&amp;ssl=1 750w, https:\/\/i0.wp.com\/minutobahia24h.com.br\/wp-content\/uploads\/2025\/02\/Sem-titulo-266.jpg?resize=1140%2C599&amp;ssl=1 1140w, https:\/\/i0.wp.com\/minutobahia24h.com.br\/wp-content\/uploads\/2025\/02\/Sem-titulo-266.jpg?w=1200&amp;ssl=1 1200w\" sizes=\"(max-width: 800px) 100vw, 800px\" \/><figcaption class=\"wp-element-caption\">Fotos: Marcelo Camargo \/ EBC<br><\/figcaption><\/figure>\n<\/div>\n\n\n<p>Um estudo realizado pelo Instituto Quaest, com base em entrevistas feitas em 2023 com 2 mil pessoas em todo o pa\u00eds, mostrou como as prefer\u00eancias pol\u00edticas variam entre diferentes classes de renda. A pesquisa classificou os entrevistados em tr\u00eas grupos: classe baixa, m\u00e9dia e alta, de acordo com a renda familiar mensal.<\/p>\n\n\n\n<p>Na classe baixa, a maioria dos entrevistados demonstrou maior identifica\u00e7\u00e3o com o presidente Luiz In\u00e1cio Lula da Silva (PT). Cerca de 28% se declararam \u201cLulistas\/Petistas\u201d, enquanto 11% se posicionaram \u00e0 esquerda, mas sem v\u00ednculo com o PT. A maior parte, 31%, afirmou n\u00e3o ter posicionamento pol\u00edtico. Entre os que se identificam com a direita, 14% n\u00e3o s\u00e3o bolsonaristas, e 9% se declararam \u201cBolsonaristas\u201d.<\/p>\n\n\n\n<p>Na classe m\u00e9dia, houve uma divis\u00e3o mais equilibrada. Enquanto 16% se disseram \u201cLulistas\/Petistas\u201d e 15% se identificaram com a esquerda sem rela\u00e7\u00e3o ao PT, 32% n\u00e3o t\u00eam defini\u00e7\u00e3o pol\u00edtica. J\u00e1 22% se posicionaram \u00e0 direita, mas sem vincula\u00e7\u00e3o a Bolsonaro, e 12% se declararam \u201cBolsonaristas\u201d. Somando os percentuais, Lula e a esquerda t\u00eam 31% de apoio, enquanto Bolsonaro e a direita alcan\u00e7am 34%.<\/p>\n\n\n\n<p>Na classe alta, o apoio a Lula foi menor, com apenas 12% se declarando \u201cLulistas\/Petistas\u201d, enquanto 14% se identificaram como \u201cBolsonaristas\u201d. A tend\u00eancia \u00e0 direita predominou, com 29% dos entrevistados se posicionando nesse espectro, mas sem vincula\u00e7\u00e3o a Bolsonaro. Al\u00e9m disso, 27% n\u00e3o t\u00eam posicionamento pol\u00edtico definido.<\/p>\n\n\n\n<p>A pesquisa tamb\u00e9m revelou que as principais preocupa\u00e7\u00f5es variam conforme a classe de renda: enquanto as classes baixa e m\u00e9dia temem mais a viol\u00eancia, a classe alta demonstra maior preocupa\u00e7\u00e3o com a corrup\u00e7\u00e3o.<\/p>\n\n\n\n<p>Dados detalhados:<\/p>\n\n\n\n<p><strong>Classe baixa<\/strong><\/p>\n\n\n\n<p>Lulista\/Petista: 28%<\/p>\n\n\n\n<p>N\u00e3o \u00e9 Lulista\/Petista, mas mais \u00e0 esquerda: 11%<\/p>\n\n\n\n<p>N\u00e3o tem posicionamento: 31%<\/p>\n\n\n\n<p>N\u00e3o \u00e9 Bolsonarista, mas mais \u00e0 direita: 14%<\/p>\n\n\n\n<p>Bolsonarista: 9%<\/p>\n\n\n\n<p>NS\/NR: 6%<\/p>\n\n\n\n<p>Margem de erro: 4 pontos percentuais<\/p>\n\n\n\n<p><strong>Classe m\u00e9dia<\/strong><\/p>\n\n\n\n<p>Lulista\/Petista: 16%<\/p>\n\n\n\n<p>N\u00e3o \u00e9 Lulista\/Petista, mas mais \u00e0 esquerda: 15%<\/p>\n\n\n\n<p>N\u00e3o tem posicionamento: 32%<\/p>\n\n\n\n<p>N\u00e3o \u00e9 Bolsonarista, mas mais \u00e0 direita: 22%<\/p>\n\n\n\n<p>Bolsonarista: 12%<\/p>\n\n\n\n<p>NS\/NR: 3%<\/p>\n\n\n\n<p>Margem de erro: 3 pontos percentuais<\/p>\n\n\n\n<p><strong>Classe alta<\/strong><\/p>\n\n\n\n<p>Lulista\/Petista: 12%<\/p>\n\n\n\n<p>N\u00e3o \u00e9 Lulista\/Petista, mas mais \u00e0 esquerda: 16%<\/p>\n\n\n\n<p>N\u00e3o tem posicionamento: 27%<\/p>\n\n\n\n<p>N\u00e3o \u00e9 Bolsonarista, mas mais \u00e0 direita: 29%<\/p>\n\n\n\n<p>Bolsonarista: 14%<\/p>\n\n\n\n<p>NS\/NR: 2%<\/p>\n\n\n\n<p>Margem de erro: 4 pontos percentuais<\/p>\n\n\n\n<p>BN<\/p>\n","protected":false},"excerpt":{"rendered":"<p>Um estudo realizado pelo Instituto Quaest, com base em entrevistas feitas em 2023 com 2 mil pessoas em todo o pa\u00eds, mostrou como as prefer\u00eancias pol\u00edticas variam entre diferentes classes de renda. A pesquisa classificou os entrevistados em tr\u00eas grupos: classe baixa, m\u00e9dia e alta, de acordo com a renda familiar mensal. Na classe baixa, [&hellip;]<\/p>\n","protected":false},"author":2,"featured_media":24548,"comment_status":"open","ping_status":"open","sticky":false,"template":"","format":"standard","meta":{"_jetpack_memberships_contains_paid_content":false,"footnotes":""},"categories":[39],"tags":[],"class_list":["post-24547","post","type-post","status-publish","format-standard","has-post-thumbnail","hentry","category-politica"],"aioseo_notices":[],"jetpack_featured_media_url":"https:\/\/i0.wp.com\/minutobahia24h.com.br\/wp-content\/uploads\/2025\/02\/Sem-titulo-266.jpg?fit=1200%2C630&ssl=1","jetpack_sharing_enabled":true,"_links":{"self":[{"href":"https:\/\/minutobahia24h.com.br\/index.php?rest_route=\/wp\/v2\/posts\/24547","targetHints":{"allow":["GET"]}}],"collection":[{"href":"https:\/\/minutobahia24h.com.br\/index.php?rest_route=\/wp\/v2\/posts"}],"about":[{"href":"https:\/\/minutobahia24h.com.br\/index.php?rest_route=\/wp\/v2\/types\/post"}],"author":[{"embeddable":true,"href":"https:\/\/minutobahia24h.com.br\/index.php?rest_route=\/wp\/v2\/users\/2"}],"replies":[{"embeddable":true,"href":"https:\/\/minutobahia24h.com.br\/index.php?rest_route=%2Fwp%2Fv2%2Fcomments&post=24547"}],"version-history":[{"count":1,"href":"https:\/\/minutobahia24h.com.br\/index.php?rest_route=\/wp\/v2\/posts\/24547\/revisions"}],"predecessor-version":[{"id":24549,"href":"https:\/\/minutobahia24h.com.br\/index.php?rest_route=\/wp\/v2\/posts\/24547\/revisions\/24549"}],"wp:featuredmedia":[{"embeddable":true,"href":"https:\/\/minutobahia24h.com.br\/index.php?rest_route=\/wp\/v2\/media\/24548"}],"wp:attachment":[{"href":"https:\/\/minutobahia24h.com.br\/index.php?rest_route=%2Fwp%2Fv2%2Fmedia&parent=24547"}],"wp:term":[{"taxonomy":"category","embeddable":true,"href":"https:\/\/minutobahia24h.com.br\/index.php?rest_route=%2Fwp%2Fv2%2Fcategories&post=24547"},{"taxonomy":"post_tag","embeddable":true,"href":"https:\/\/minutobahia24h.com.br\/index.php?rest_route=%2Fwp%2Fv2%2Ftags&post=24547"}],"curies":[{"name":"wp","href":"https:\/\/api.w.org\/{rel}","templated":true}]}}