{"id":24544,"date":"2025-02-17T07:36:48","date_gmt":"2025-02-17T10:36:48","guid":{"rendered":"https:\/\/minutobahia24h.com.br\/?p=24544"},"modified":"2025-02-17T07:36:49","modified_gmt":"2025-02-17T10:36:49","slug":"crianca-de-5-anos-e-mais-tres-adultos-sao-baleados-durante-festa-de-aniversario-em-feira-de-santana","status":"publish","type":"post","link":"https:\/\/minutobahia24h.com.br\/?p=24544","title":{"rendered":"Crian\u00e7a de 5 anos e mais tr\u00eas adultos s\u00e3o baleados durante festa de anivers\u00e1rio em Feira de Santana"},"content":{"rendered":"<div class=\"wp-block-image\">\n<figure class=\"aligncenter size-large\"><img data-recalc-dims=\"1\" fetchpriority=\"high\" decoding=\"async\" width=\"800\" height=\"420\" src=\"https:\/\/i0.wp.com\/minutobahia24h.com.br\/wp-content\/uploads\/2025\/02\/Sem-titulo-265-1024x538.jpg?resize=800%2C420&#038;ssl=1\" alt=\"\" class=\"wp-image-24545\" srcset=\"https:\/\/i0.wp.com\/minutobahia24h.com.br\/wp-content\/uploads\/2025\/02\/Sem-titulo-265.jpg?resize=1024%2C538&amp;ssl=1 1024w, https:\/\/i0.wp.com\/minutobahia24h.com.br\/wp-content\/uploads\/2025\/02\/Sem-titulo-265.jpg?resize=300%2C158&amp;ssl=1 300w, https:\/\/i0.wp.com\/minutobahia24h.com.br\/wp-content\/uploads\/2025\/02\/Sem-titulo-265.jpg?resize=768%2C403&amp;ssl=1 768w, https:\/\/i0.wp.com\/minutobahia24h.com.br\/wp-content\/uploads\/2025\/02\/Sem-titulo-265.jpg?resize=750%2C394&amp;ssl=1 750w, https:\/\/i0.wp.com\/minutobahia24h.com.br\/wp-content\/uploads\/2025\/02\/Sem-titulo-265.jpg?resize=1140%2C599&amp;ssl=1 1140w, https:\/\/i0.wp.com\/minutobahia24h.com.br\/wp-content\/uploads\/2025\/02\/Sem-titulo-265.jpg?w=1200&amp;ssl=1 1200w\" sizes=\"(max-width: 800px) 100vw, 800px\" \/><figcaption class=\"wp-element-caption\">Foto: Paulo Jos\u00e9 \/ Acorda Cidade<br><\/figcaption><\/figure>\n<\/div>\n\n\n<p>Um tiroteio durante uma festa de anivers\u00e1rio no bairro Avi\u00e1rio, em Feira de Santana, deixou tr\u00eas adultos e uma crian\u00e7a de 5 anos feridos na noite de s\u00e1bado (15). O crime ocorreu por volta das 22h30 em um condom\u00ednio residencial. &nbsp;Entre as v\u00edtimas est\u00e3o um homem de 25 anos, sua m\u00e3e, de 47, e uma idosa de 67 anos, vizinha do local, que foi atingida nas costelas.&nbsp;<\/p>\n\n\n\n<p>A crian\u00e7a, que sofreu um ferimento a tiros de rasp\u00e3o nas costas, foi levada ao Hospital Estadual da Crian\u00e7a (HEC), enquanto os adultos foram encaminhados ao Hospital Geral Cl\u00e9riston Andrade (HGCA).<\/p>\n\n\n\n<p>Segundo informa\u00e7\u00f5es apuradas pela reportagem do&nbsp;<a href=\"https:\/\/www.acordacidade.com.br\/policia\/4-pessoas-entre-elas-uma-crianca-sao-baleadas-durante-festa-de-aniversario-em-feira-de-santana\/\" target=\"_blank\" rel=\"noreferrer noopener\"><strong>Acorda Cidade<\/strong><\/a>, parceiro do Bahia Not\u00edcias, o autor dos disparos \u00e9 morador do bairro Tomba. As circunst\u00e2ncias que levaram ao crime ainda n\u00e3o foram totalmente esclarecidas, e as autoridades seguem investigando o caso.<\/p>\n\n\n\n<p>BN<\/p>\n","protected":false},"excerpt":{"rendered":"<p>Um tiroteio durante uma festa de anivers\u00e1rio no bairro Avi\u00e1rio, em Feira de Santana, deixou tr\u00eas adultos e uma crian\u00e7a de 5 anos feridos na noite de s\u00e1bado (15). O crime ocorreu por volta das 22h30 em um condom\u00ednio residencial. &nbsp;Entre as v\u00edtimas est\u00e3o um homem de 25 anos, sua m\u00e3e, de 47, e uma [&hellip;]<\/p>\n","protected":false},"author":2,"featured_media":24545,"comment_status":"open","ping_status":"open","sticky":false,"template":"","format":"standard","meta":{"_jetpack_memberships_contains_paid_content":false,"footnotes":""},"categories":[3],"tags":[],"class_list":["post-24544","post","type-post","status-publish","format-standard","has-post-thumbnail","hentry","category-regional"],"aioseo_notices":[],"jetpack_featured_media_url":"https:\/\/i0.wp.com\/minutobahia24h.com.br\/wp-content\/uploads\/2025\/02\/Sem-titulo-265.jpg?fit=1200%2C630&ssl=1","jetpack_sharing_enabled":true,"_links":{"self":[{"href":"https:\/\/minutobahia24h.com.br\/index.php?rest_route=\/wp\/v2\/posts\/24544","targetHints":{"allow":["GET"]}}],"collection":[{"href":"https:\/\/minutobahia24h.com.br\/index.php?rest_route=\/wp\/v2\/posts"}],"about":[{"href":"https:\/\/minutobahia24h.com.br\/index.php?rest_route=\/wp\/v2\/types\/post"}],"author":[{"embeddable":true,"href":"https:\/\/minutobahia24h.com.br\/index.php?rest_route=\/wp\/v2\/users\/2"}],"replies":[{"embeddable":true,"href":"https:\/\/minutobahia24h.com.br\/index.php?rest_route=%2Fwp%2Fv2%2Fcomments&post=24544"}],"version-history":[{"count":1,"href":"https:\/\/minutobahia24h.com.br\/index.php?rest_route=\/wp\/v2\/posts\/24544\/revisions"}],"predecessor-version":[{"id":24546,"href":"https:\/\/minutobahia24h.com.br\/index.php?rest_route=\/wp\/v2\/posts\/24544\/revisions\/24546"}],"wp:featuredmedia":[{"embeddable":true,"href":"https:\/\/minutobahia24h.com.br\/index.php?rest_route=\/wp\/v2\/media\/24545"}],"wp:attachment":[{"href":"https:\/\/minutobahia24h.com.br\/index.php?rest_route=%2Fwp%2Fv2%2Fmedia&parent=24544"}],"wp:term":[{"taxonomy":"category","embeddable":true,"href":"https:\/\/minutobahia24h.com.br\/index.php?rest_route=%2Fwp%2Fv2%2Fcategories&post=24544"},{"taxonomy":"post_tag","embeddable":true,"href":"https:\/\/minutobahia24h.com.br\/index.php?rest_route=%2Fwp%2Fv2%2Ftags&post=24544"}],"curies":[{"name":"wp","href":"https:\/\/api.w.org\/{rel}","templated":true}]}}