{"id":24535,"date":"2025-02-17T07:28:47","date_gmt":"2025-02-17T10:28:47","guid":{"rendered":"https:\/\/minutobahia24h.com.br\/?p=24535"},"modified":"2025-02-17T07:28:48","modified_gmt":"2025-02-17T10:28:48","slug":"jaguarari-e-a-3a-cidade-da-bahia-com-mais-registros-de-casos-de-covid-19-das-ultimas-10-semanas-aponta-boletim-epidemiologico-da-sesab","status":"publish","type":"post","link":"https:\/\/minutobahia24h.com.br\/?p=24535","title":{"rendered":"Jaguarari \u00e9 a 3\u00aa cidade da Bahia com mais registros de casos de Covid-19 das \u00faltimas 10 semanas; aponta boletim epidemiol\u00f3gico da Sesab"},"content":{"rendered":"<div class=\"wp-block-image\">\n<figure class=\"aligncenter size-full\"><img data-recalc-dims=\"1\" fetchpriority=\"high\" decoding=\"async\" width=\"638\" height=\"388\" src=\"https:\/\/i0.wp.com\/minutobahia24h.com.br\/wp-content\/uploads\/2025\/02\/Sem-titulo-262.jpg?resize=638%2C388&#038;ssl=1\" alt=\"\" class=\"wp-image-24536\" srcset=\"https:\/\/i0.wp.com\/minutobahia24h.com.br\/wp-content\/uploads\/2025\/02\/Sem-titulo-262.jpg?w=638&amp;ssl=1 638w, https:\/\/i0.wp.com\/minutobahia24h.com.br\/wp-content\/uploads\/2025\/02\/Sem-titulo-262.jpg?resize=300%2C182&amp;ssl=1 300w\" sizes=\"(max-width: 638px) 100vw, 638px\" \/><\/figure>\n<\/div>\n\n\n<p>Com a proximidade do carnaval, a Bahia enfrenta nos bastidores um alerta preocupante, que \u00e9 o aumento do n\u00famero de casos de Covid-19 no estado. Conforme a Secretaria de Sa\u00fade do Estado (Sesab), em 2025, j\u00e1 foram registrados 1.819 novos casos, com 9 mortes confirmadas at\u00e9 6 de fevereiro.&nbsp;<\/p>\n\n\n\n<p>Conforme o \u00faltimo boletim divulgado na \u00faltima segunda-feira (10\/02) aponta que o munic\u00edpio de Jaguarari, localizado no Centro-Norte Baiano \u00e9 o terceiro em casos confirmados nas \u00faltimas 10 semanas epidemiol\u00f3gicas (2024-2025), com 76 registros. Em primeiro \u00e9 a capital Salvador com 772 casos, seguido de Juazeiro \u00e0 100 km de Jaguarari, com 92. Em 4\u2070, Porto Seguro e Lauro de Freitas (71), e Itabuna (60).<\/p>\n\n\n\n<p>Ainda segundo os dados coletados pela Sesab, as faixas et\u00e1rias mais afetadas foram de 30 a 39 anos e de 40 a 49 anos, representando, respectivamente, 18,2% e 19,1% dos casos diagnosticados.&nbsp;<\/p>\n\n\n\n<p><strong><em>Portal Jaguarari&nbsp;<\/em><\/strong><\/p>\n\n\n<div class=\"wp-block-image\">\n<figure class=\"aligncenter\"><a href=\"https:\/\/i0.wp.com\/blogger.googleusercontent.com\/img\/b\/R29vZ2xl\/AVvXsEjD5A43z4GYij-GTACecbZu6DjpflmDGqEV5TTbgFsLKKceNf8fWLuKHA0X96ES7t7EMYGu70OHiPhAR_jfsmGmr3F4AHklcytgDW5fUFddz8kjzWZjxgs3IfcTD-szXV-C_RDgFbBp9LX3TMDwkyLTuh_7UHgiPQgQecQt4m_iDDNNmAuAVhrTs3p4Tx8\/s704\/20250216-022802_1_1.png?ssl=1\"><img data-recalc-dims=\"1\" decoding=\"async\" data-src=\"https:\/\/i0.wp.com\/blogger.googleusercontent.com\/img\/b\/R29vZ2xl\/AVvXsEjD5A43z4GYij-GTACecbZu6DjpflmDGqEV5TTbgFsLKKceNf8fWLuKHA0X96ES7t7EMYGu70OHiPhAR_jfsmGmr3F4AHklcytgDW5fUFddz8kjzWZjxgs3IfcTD-szXV-C_RDgFbBp9LX3TMDwkyLTuh_7UHgiPQgQecQt4m_iDDNNmAuAVhrTs3p4Tx8\/w640-h430\/20250216-022802_1_1.png?w=800&#038;ssl=1\" alt=\"\" src=\"data:image\/gif;base64,R0lGODlhAQABAAAAACH5BAEKAAEALAAAAAABAAEAAAICTAEAOw==\" class=\"lazyload\" \/><noscript><img data-recalc-dims=\"1\" decoding=\"async\" src=\"https:\/\/i0.wp.com\/blogger.googleusercontent.com\/img\/b\/R29vZ2xl\/AVvXsEjD5A43z4GYij-GTACecbZu6DjpflmDGqEV5TTbgFsLKKceNf8fWLuKHA0X96ES7t7EMYGu70OHiPhAR_jfsmGmr3F4AHklcytgDW5fUFddz8kjzWZjxgs3IfcTD-szXV-C_RDgFbBp9LX3TMDwkyLTuh_7UHgiPQgQecQt4m_iDDNNmAuAVhrTs3p4Tx8\/w640-h430\/20250216-022802_1_1.png?w=800&#038;ssl=1\" alt=\"\"\/><\/noscript><\/a><\/figure>\n<\/div>\n\n\n<p>portaljaguarari<\/p>\n","protected":false},"excerpt":{"rendered":"<p>Com a proximidade do carnaval, a Bahia enfrenta nos bastidores um alerta preocupante, que \u00e9 o aumento do n\u00famero de casos de Covid-19 no estado. Conforme a Secretaria de Sa\u00fade do Estado (Sesab), em 2025, j\u00e1 foram registrados 1.819 novos casos, com 9 mortes confirmadas at\u00e9 6 de fevereiro.&nbsp; Conforme o \u00faltimo boletim divulgado na [&hellip;]<\/p>\n","protected":false},"author":2,"featured_media":24536,"comment_status":"open","ping_status":"open","sticky":false,"template":"","format":"standard","meta":{"_jetpack_memberships_contains_paid_content":false,"footnotes":""},"categories":[3],"tags":[],"class_list":["post-24535","post","type-post","status-publish","format-standard","has-post-thumbnail","hentry","category-regional"],"aioseo_notices":[],"jetpack_featured_media_url":"https:\/\/i0.wp.com\/minutobahia24h.com.br\/wp-content\/uploads\/2025\/02\/Sem-titulo-262.jpg?fit=638%2C388&ssl=1","jetpack_sharing_enabled":true,"_links":{"self":[{"href":"https:\/\/minutobahia24h.com.br\/index.php?rest_route=\/wp\/v2\/posts\/24535","targetHints":{"allow":["GET"]}}],"collection":[{"href":"https:\/\/minutobahia24h.com.br\/index.php?rest_route=\/wp\/v2\/posts"}],"about":[{"href":"https:\/\/minutobahia24h.com.br\/index.php?rest_route=\/wp\/v2\/types\/post"}],"author":[{"embeddable":true,"href":"https:\/\/minutobahia24h.com.br\/index.php?rest_route=\/wp\/v2\/users\/2"}],"replies":[{"embeddable":true,"href":"https:\/\/minutobahia24h.com.br\/index.php?rest_route=%2Fwp%2Fv2%2Fcomments&post=24535"}],"version-history":[{"count":1,"href":"https:\/\/minutobahia24h.com.br\/index.php?rest_route=\/wp\/v2\/posts\/24535\/revisions"}],"predecessor-version":[{"id":24537,"href":"https:\/\/minutobahia24h.com.br\/index.php?rest_route=\/wp\/v2\/posts\/24535\/revisions\/24537"}],"wp:featuredmedia":[{"embeddable":true,"href":"https:\/\/minutobahia24h.com.br\/index.php?rest_route=\/wp\/v2\/media\/24536"}],"wp:attachment":[{"href":"https:\/\/minutobahia24h.com.br\/index.php?rest_route=%2Fwp%2Fv2%2Fmedia&parent=24535"}],"wp:term":[{"taxonomy":"category","embeddable":true,"href":"https:\/\/minutobahia24h.com.br\/index.php?rest_route=%2Fwp%2Fv2%2Fcategories&post=24535"},{"taxonomy":"post_tag","embeddable":true,"href":"https:\/\/minutobahia24h.com.br\/index.php?rest_route=%2Fwp%2Fv2%2Ftags&post=24535"}],"curies":[{"name":"wp","href":"https:\/\/api.w.org\/{rel}","templated":true}]}}