{"id":24523,"date":"2025-02-17T07:23:19","date_gmt":"2025-02-17T10:23:19","guid":{"rendered":"https:\/\/minutobahia24h.com.br\/?p=24523"},"modified":"2025-02-17T07:23:20","modified_gmt":"2025-02-17T10:23:20","slug":"odejonnes-barbosa-assume-novo-mandato-na-policlinica-regional-de-senhor-do-bonfim","status":"publish","type":"post","link":"https:\/\/minutobahia24h.com.br\/?p=24523","title":{"rendered":"Odejonnes Barbosa Assume Novo Mandato na Policl\u00ednica Regional de Senhor do Bonfim"},"content":{"rendered":"<div class=\"wp-block-image\">\n<figure class=\"aligncenter size-full\"><img data-recalc-dims=\"1\" fetchpriority=\"high\" decoding=\"async\" width=\"800\" height=\"434\" src=\"https:\/\/i0.wp.com\/minutobahia24h.com.br\/wp-content\/uploads\/2025\/02\/Sem-titulo-258.jpg?resize=800%2C434&#038;ssl=1\" alt=\"\" class=\"wp-image-24524\" srcset=\"https:\/\/i0.wp.com\/minutobahia24h.com.br\/wp-content\/uploads\/2025\/02\/Sem-titulo-258.jpg?w=900&amp;ssl=1 900w, https:\/\/i0.wp.com\/minutobahia24h.com.br\/wp-content\/uploads\/2025\/02\/Sem-titulo-258.jpg?resize=300%2C163&amp;ssl=1 300w, https:\/\/i0.wp.com\/minutobahia24h.com.br\/wp-content\/uploads\/2025\/02\/Sem-titulo-258.jpg?resize=768%2C416&amp;ssl=1 768w, https:\/\/i0.wp.com\/minutobahia24h.com.br\/wp-content\/uploads\/2025\/02\/Sem-titulo-258.jpg?resize=750%2C407&amp;ssl=1 750w\" sizes=\"(max-width: 800px) 100vw, 800px\" \/><\/figure>\n<\/div>\n\n\n<p>O Secret\u00e1rio de Sa\u00fade de Filad\u00e9lfia, Odejonnes Barbosa, conquistou mais uma importante vit\u00f3ria ao ser reeleito, de forma un\u00e2nime, como Presidente do Conselho Deliberativo da Policl\u00ednica Regional de Sa\u00fade de Senhor do Bonfim para o bi\u00eanio 2025-2026.<\/p>\n\n\n\n<p>Reconhecido pela sua compet\u00eancia, compromisso e resultados expressivos, Odejonnes Barbosa, Secret\u00e1rio de Sa\u00fade de Filad\u00e9lfia, vem se consolidando como um dos melhores gestores de sa\u00fade da regi\u00e3o. Sua lideran\u00e7a firme e sua capacidade de articula\u00e7\u00e3o t\u00eam garantido avan\u00e7os importantes no setor, promovendo uma sa\u00fade p\u00fablica mais eficiente e acess\u00edvel para a popula\u00e7\u00e3o.<\/p>\n\n\n\n<p>A elei\u00e7\u00e3o aconteceu na manh\u00e3 da \u00faltima sexta-feira (14), durante uma assembleia realizada na sede da Policl\u00ednica Regional, que reuniu secret\u00e1rios de sa\u00fade e representantes dos munic\u00edpios consorciados. A reelei\u00e7\u00e3o de Odejonnes Barbosa reflete a confian\u00e7a e o reconhecimento dos demais gestores de sa\u00fade pelo seu trabalho e dedica\u00e7\u00e3o \u00e0 melhoria dos servi\u00e7os de sa\u00fade da regi\u00e3o.<\/p>\n\n\n\n<p>Os munic\u00edpios presentes na assembleia foram: Andorinha, Ant\u00f4nio Gon\u00e7alves, Campo Formoso, Iti\u00faba, Nordestina, Senhor do Bonfim, Filad\u00e9lfia, Cansan\u00e7\u00e3o e Pindoba\u00e7u.<\/p>\n\n\n\n<p>O papel de Odejonnes Barbosa \u00e0 frente do Conselho Deliberativo ser\u00e1 fundamental para fortalecer a articula\u00e7\u00e3o entre os munic\u00edpios consorciados e assegurar uma gest\u00e3o ainda mais eficiente e integrada dos servi\u00e7os de sa\u00fade ofertados pela Policl\u00ednica Regional de Senhor do Bonfim. Sua lideran\u00e7a garante avan\u00e7os significativos para Filad\u00e9lfia e para toda a regi\u00e3o.<\/p>\n\n\n\n<p>A reelei\u00e7\u00e3o de Odejonnes Barbosa \u00e9 um passo importante para consolidar ainda mais a parceria entre os munic\u00edpios e elevar a qualidade dos servi\u00e7os de sa\u00fade prestados \u00e0 popula\u00e7\u00e3o.<\/p>\n\n\n<div class=\"wp-block-image\">\n<figure class=\"aligncenter\"><img data-recalc-dims=\"1\" decoding=\"async\" data-src=\"https:\/\/i0.wp.com\/www.filadelfiaemnoticias.com.br\/arquivos\/img-uploads\/imagem_1.jpeg?w=800&#038;ssl=1\" alt=\"\" src=\"data:image\/gif;base64,R0lGODlhAQABAAAAACH5BAEKAAEALAAAAAABAAEAAAICTAEAOw==\" class=\"lazyload\" \/><noscript><img data-recalc-dims=\"1\" decoding=\"async\" src=\"https:\/\/i0.wp.com\/www.filadelfiaemnoticias.com.br\/arquivos\/img-uploads\/imagem_1.jpeg?w=800&#038;ssl=1\" alt=\"\"\/><\/noscript><\/figure>\n<\/div>\n\n\n<p>Filad\u00e9lfia em Not\u00edcias.<\/p>\n","protected":false},"excerpt":{"rendered":"<p>O Secret\u00e1rio de Sa\u00fade de Filad\u00e9lfia, Odejonnes Barbosa, conquistou mais uma importante vit\u00f3ria ao ser reeleito, de forma un\u00e2nime, como Presidente do Conselho Deliberativo da Policl\u00ednica Regional de Sa\u00fade de Senhor do Bonfim para o bi\u00eanio 2025-2026. Reconhecido pela sua compet\u00eancia, compromisso e resultados expressivos, Odejonnes Barbosa, Secret\u00e1rio de Sa\u00fade de Filad\u00e9lfia, vem se consolidando [&hellip;]<\/p>\n","protected":false},"author":2,"featured_media":24524,"comment_status":"open","ping_status":"open","sticky":false,"template":"","format":"standard","meta":{"_jetpack_memberships_contains_paid_content":false,"footnotes":""},"categories":[3],"tags":[],"class_list":["post-24523","post","type-post","status-publish","format-standard","has-post-thumbnail","hentry","category-regional"],"aioseo_notices":[],"jetpack_featured_media_url":"https:\/\/i0.wp.com\/minutobahia24h.com.br\/wp-content\/uploads\/2025\/02\/Sem-titulo-258.jpg?fit=900%2C488&ssl=1","jetpack_sharing_enabled":true,"_links":{"self":[{"href":"https:\/\/minutobahia24h.com.br\/index.php?rest_route=\/wp\/v2\/posts\/24523","targetHints":{"allow":["GET"]}}],"collection":[{"href":"https:\/\/minutobahia24h.com.br\/index.php?rest_route=\/wp\/v2\/posts"}],"about":[{"href":"https:\/\/minutobahia24h.com.br\/index.php?rest_route=\/wp\/v2\/types\/post"}],"author":[{"embeddable":true,"href":"https:\/\/minutobahia24h.com.br\/index.php?rest_route=\/wp\/v2\/users\/2"}],"replies":[{"embeddable":true,"href":"https:\/\/minutobahia24h.com.br\/index.php?rest_route=%2Fwp%2Fv2%2Fcomments&post=24523"}],"version-history":[{"count":1,"href":"https:\/\/minutobahia24h.com.br\/index.php?rest_route=\/wp\/v2\/posts\/24523\/revisions"}],"predecessor-version":[{"id":24525,"href":"https:\/\/minutobahia24h.com.br\/index.php?rest_route=\/wp\/v2\/posts\/24523\/revisions\/24525"}],"wp:featuredmedia":[{"embeddable":true,"href":"https:\/\/minutobahia24h.com.br\/index.php?rest_route=\/wp\/v2\/media\/24524"}],"wp:attachment":[{"href":"https:\/\/minutobahia24h.com.br\/index.php?rest_route=%2Fwp%2Fv2%2Fmedia&parent=24523"}],"wp:term":[{"taxonomy":"category","embeddable":true,"href":"https:\/\/minutobahia24h.com.br\/index.php?rest_route=%2Fwp%2Fv2%2Fcategories&post=24523"},{"taxonomy":"post_tag","embeddable":true,"href":"https:\/\/minutobahia24h.com.br\/index.php?rest_route=%2Fwp%2Fv2%2Ftags&post=24523"}],"curies":[{"name":"wp","href":"https:\/\/api.w.org\/{rel}","templated":true}]}}