{"id":24369,"date":"2025-02-12T15:52:55","date_gmt":"2025-02-12T18:52:55","guid":{"rendered":"https:\/\/minutobahia24h.com.br\/?p=24369"},"modified":"2025-02-12T15:52:57","modified_gmt":"2025-02-12T18:52:57","slug":"prefeitura-de-filadelfia-marca-presenca-na-plenaria-municipal-ordinaria-do-colegiado-codeter-tipni","status":"publish","type":"post","link":"https:\/\/minutobahia24h.com.br\/?p=24369","title":{"rendered":"Prefeitura de Filad\u00e9lfia marca presen\u00e7a na Plen\u00e1ria Municipal Ordin\u00e1ria do Colegiado CODETER TIPNI"},"content":{"rendered":"\n<figure class=\"wp-block-image size-full\"><img data-recalc-dims=\"1\" fetchpriority=\"high\" decoding=\"async\" width=\"800\" height=\"600\" src=\"https:\/\/i0.wp.com\/minutobahia24h.com.br\/wp-content\/uploads\/2025\/02\/Sem-titulo-215.jpg?resize=800%2C600&#038;ssl=1\" alt=\"\" class=\"wp-image-24370\" srcset=\"https:\/\/i0.wp.com\/minutobahia24h.com.br\/wp-content\/uploads\/2025\/02\/Sem-titulo-215.jpg?w=900&amp;ssl=1 900w, https:\/\/i0.wp.com\/minutobahia24h.com.br\/wp-content\/uploads\/2025\/02\/Sem-titulo-215.jpg?resize=300%2C225&amp;ssl=1 300w, https:\/\/i0.wp.com\/minutobahia24h.com.br\/wp-content\/uploads\/2025\/02\/Sem-titulo-215.jpg?resize=768%2C576&amp;ssl=1 768w, https:\/\/i0.wp.com\/minutobahia24h.com.br\/wp-content\/uploads\/2025\/02\/Sem-titulo-215.jpg?resize=750%2C563&amp;ssl=1 750w\" sizes=\"(max-width: 800px) 100vw, 800px\" \/><\/figure>\n\n\n\n<p class=\"wp-block-paragraph\">Aconteceu nesta quarta-feira (12), no Sindicato dos Trabalhadores Rurais, a Plen\u00e1ria Municipal Ordin\u00e1ria do Colegiado de Desenvolvimento Territorial Sustent\u00e1vel do Piemonte Norte do Itapicuru (CODETER TIPNI). O encontro reuniu representantes da sociedade civil, movimentos sociais e institui\u00e7\u00f5es p\u00fablicas para debater a organiza\u00e7\u00e3o social territorial e indicar os representantes municipais que integrar\u00e3o a gest\u00e3o 2025\/2027 do colegiado.<\/p>\n\n\n\n<p class=\"wp-block-paragraph\">Representando o Poder P\u00fablico, estiveram presentes o vice-prefeito Rodrigo e o secret\u00e1rio de Agricultura Diran J\u00fanior, que refor\u00e7aram a import\u00e2ncia da participa\u00e7\u00e3o coletiva na constru\u00e7\u00e3o de pol\u00edticas p\u00fablicas voltadas ao desenvolvimento sustent\u00e1vel da regi\u00e3o. Tamb\u00e9m marcou presen\u00e7a no evento Steffane Alves, Agente de Desenvolvimento Territorial (ADT) da SEPLAN, contribuindo com as discuss\u00f5es sobre pol\u00edticas p\u00fablicas e estrat\u00e9gias de fortalecimento da gest\u00e3o territorial.<\/p>\n\n\n\n<p class=\"wp-block-paragraph\">As plen\u00e1rias municipais fazem parte do processo preparat\u00f3rio para a Plen\u00e1ria Territorial Ordin\u00e1ria &#8211; FEV 2025, que ser\u00e1 realizada no dia 25 de fevereiro de 2025, \u00e0s 9h, no Centro Estadual de Educa\u00e7\u00e3o Profissional Paulo Batista Machado, em Senhor do Bonfim\/BA. Nesse evento, ser\u00e3o oficializadas as 36 representa\u00e7\u00f5es municipais, incluindo 02 representantes da sociedade civil\/movimentos sociais e 02 representantes do poder p\u00fablico de cada munic\u00edpio, garantindo equidade \u00e9tnica, de g\u00eanero e geracional.<\/p>\n\n\n\n<p class=\"wp-block-paragraph\">Al\u00e9m disso, ser\u00e3o definidas 08 representa\u00e7\u00f5es territoriais, contemplando entidades, movimentos sociais e institui\u00e7\u00f5es p\u00fablicas com atua\u00e7\u00e3o regional.<\/p>\n\n\n\n<p class=\"wp-block-paragraph\">____<\/p>\n\n\n\n<p class=\"wp-block-paragraph\">ASCOM<\/p>\n\n\n\n<p class=\"wp-block-paragraph\">Prefeitura de Filad\u00e9lfia<\/p>\n","protected":false},"excerpt":{"rendered":"<p>Aconteceu nesta quarta-feira (12), no Sindicato dos Trabalhadores Rurais, a Plen\u00e1ria Municipal Ordin\u00e1ria do Colegiado de Desenvolvimento Territorial Sustent\u00e1vel do Piemonte Norte do Itapicuru (CODETER TIPNI). O encontro reuniu representantes da sociedade civil, movimentos sociais e institui\u00e7\u00f5es p\u00fablicas para debater a organiza\u00e7\u00e3o social territorial e indicar os representantes municipais que integrar\u00e3o a gest\u00e3o 2025\/2027 do [&hellip;]<\/p>\n","protected":false},"author":2,"featured_media":24370,"comment_status":"open","ping_status":"open","sticky":false,"template":"","format":"standard","meta":{"_jetpack_newsletter_access":"","_jetpack_dont_email_post_to_subs":false,"_jetpack_newsletter_tier_id":0,"_jetpack_memberships_contains_paywalled_content":false,"_jetpack_feature_clip_id":0,"_jetpack_memberships_contains_paid_content":false,"footnotes":"","jetpack_post_was_ever_published":false},"categories":[3],"tags":[],"class_list":["post-24369","post","type-post","status-publish","format-standard","has-post-thumbnail","hentry","category-regional"],"aioseo_notices":[],"aioseo_head":"\n\t\t<!-- All in One SEO 5.0.1.1 - aioseo.com -->\n\t<meta name=\"description\" content=\"Aconteceu nesta quarta-feira (12), no Sindicato dos Trabalhadores Rurais, a Plen\u00e1ria Municipal Ordin\u00e1ria do Colegiado de Desenvolvimento Territorial Sustent\u00e1vel do Piemonte Norte do Itapicuru (CODETER TIPNI). O encontro reuniu representantes da sociedade civil, movimentos sociais e institui\u00e7\u00f5es p\u00fablicas para debater a organiza\u00e7\u00e3o social territorial e indicar os representantes municipais que integrar\u00e3o a gest\u00e3o 2025\/2027 do\" \/>\n\t<meta name=\"robots\" content=\"max-image-preview:large\" \/>\n\t<meta name=\"author\" content=\"andre\"\/>\n\t<link rel=\"canonical\" href=\"https:\/\/minutobahia24h.com.br\/?p=24369\" \/>\n\t<meta name=\"generator\" content=\"All in One SEO (AIOSEO) 5.0.1.1\" \/>\n\t\t<meta property=\"og:locale\" content=\"pt_BR\" \/>\n\t\t<meta property=\"og:site_name\" content=\"Minuto Bahia 24h - O seu portal de not\u00edcias\" \/>\n\t\t<meta property=\"og:type\" content=\"article\" \/>\n\t\t<meta property=\"og:title\" content=\"Prefeitura de Filad\u00e9lfia marca presen\u00e7a na Plen\u00e1ria Municipal Ordin\u00e1ria do Colegiado CODETER TIPNI - Minuto Bahia 24h\" \/>\n\t\t<meta property=\"og:description\" content=\"Aconteceu nesta quarta-feira (12), no Sindicato dos Trabalhadores Rurais, a Plen\u00e1ria Municipal Ordin\u00e1ria do Colegiado de Desenvolvimento Territorial Sustent\u00e1vel do Piemonte Norte do Itapicuru (CODETER TIPNI). O encontro reuniu representantes da sociedade civil, movimentos sociais e institui\u00e7\u00f5es p\u00fablicas para debater a organiza\u00e7\u00e3o social territorial e indicar os representantes municipais que integrar\u00e3o a gest\u00e3o 2025\/2027 do\" \/>\n\t\t<meta property=\"og:url\" content=\"https:\/\/minutobahia24h.com.br\/?p=24369\" \/>\n\t\t<meta property=\"og:image\" content=\"https:\/\/minutobahia24h.com.br\/wp-content\/uploads\/2025\/02\/Sem-titulo-215.jpg\" \/>\n\t\t<meta property=\"og:image:secure_url\" content=\"https:\/\/minutobahia24h.com.br\/wp-content\/uploads\/2025\/02\/Sem-titulo-215.jpg\" \/>\n\t\t<meta property=\"og:image:width\" content=\"900\" \/>\n\t\t<meta property=\"og:image:height\" content=\"675\" \/>\n\t\t<meta property=\"article:published_time\" content=\"2025-02-12T18:52:55+00:00\" \/>\n\t\t<meta property=\"article:modified_time\" content=\"2025-02-12T18:52:57+00:00\" \/>\n\t\t<meta name=\"twitter:card\" content=\"summary_large_image\" \/>\n\t\t<meta name=\"twitter:title\" content=\"Prefeitura de Filad\u00e9lfia marca presen\u00e7a na Plen\u00e1ria Municipal Ordin\u00e1ria do Colegiado CODETER TIPNI - Minuto Bahia 24h\" \/>\n\t\t<meta name=\"twitter:description\" content=\"Aconteceu nesta quarta-feira (12), no Sindicato dos Trabalhadores Rurais, a Plen\u00e1ria Municipal Ordin\u00e1ria do Colegiado de Desenvolvimento Territorial Sustent\u00e1vel do Piemonte Norte do Itapicuru (CODETER TIPNI). O encontro reuniu representantes da sociedade civil, movimentos sociais e institui\u00e7\u00f5es p\u00fablicas para debater a organiza\u00e7\u00e3o social territorial e indicar os representantes municipais que integrar\u00e3o a gest\u00e3o 2025\/2027 do\" \/>\n\t\t<meta name=\"twitter:image\" content=\"https:\/\/minutobahia24h.com.br\/wp-content\/uploads\/2025\/02\/Sem-titulo-215.jpg\" \/>\n\t\t<script type=\"application\/ld+json\" class=\"aioseo-schema\">\n\t\t\t{\"@context\":\"https:\\\/\\\/schema.org\",\"@graph\":[{\"@type\":\"BlogPosting\",\"@id\":\"https:\\\/\\\/minutobahia24h.com.br\\\/?p=24369#blogposting\",\"name\":\"Prefeitura de Filad\\u00e9lfia marca presen\\u00e7a na Plen\\u00e1ria Municipal Ordin\\u00e1ria do Colegiado CODETER TIPNI - Minuto Bahia 24h\",\"headline\":\"Prefeitura de Filad\\u00e9lfia marca presen\\u00e7a na Plen\\u00e1ria Municipal Ordin\\u00e1ria do Colegiado CODETER TIPNI\",\"author\":{\"@id\":\"https:\\\/\\\/minutobahia24h.com.br\\\/?author=2#author\"},\"publisher\":{\"@id\":\"https:\\\/\\\/minutobahia24h.com.br\\\/#organization\"},\"image\":{\"@type\":\"ImageObject\",\"url\":\"https:\\\/\\\/i0.wp.com\\\/minutobahia24h.com.br\\\/wp-content\\\/uploads\\\/2025\\\/02\\\/Sem-titulo-215.jpg?fit=900%2C675&ssl=1\",\"width\":900,\"height\":675},\"datePublished\":\"2025-02-12T15:52:55-03:00\",\"dateModified\":\"2025-02-12T15:52:57-03:00\",\"inLanguage\":\"pt-BR\",\"mainEntityOfPage\":{\"@id\":\"https:\\\/\\\/minutobahia24h.com.br\\\/?p=24369#webpage\"},\"isPartOf\":{\"@id\":\"https:\\\/\\\/minutobahia24h.com.br\\\/?p=24369#webpage\"},\"articleSection\":\"Regional\"},{\"@type\":\"BreadcrumbList\",\"@id\":\"https:\\\/\\\/minutobahia24h.com.br\\\/?p=24369#breadcrumblist\",\"itemListElement\":[{\"@type\":\"ListItem\",\"@id\":\"https:\\\/\\\/minutobahia24h.com.br#listItem\",\"position\":1,\"name\":\"In\\u00edcio\",\"item\":\"https:\\\/\\\/minutobahia24h.com.br\",\"nextItem\":{\"@type\":\"ListItem\",\"@id\":\"https:\\\/\\\/minutobahia24h.com.br\\\/?cat=3#listItem\",\"name\":\"Regional\"}},{\"@type\":\"ListItem\",\"@id\":\"https:\\\/\\\/minutobahia24h.com.br\\\/?cat=3#listItem\",\"position\":2,\"name\":\"Regional\",\"item\":\"https:\\\/\\\/minutobahia24h.com.br\\\/?cat=3\",\"nextItem\":{\"@type\":\"ListItem\",\"@id\":\"https:\\\/\\\/minutobahia24h.com.br\\\/?p=24369#listItem\",\"name\":\"Prefeitura de Filad\\u00e9lfia marca presen\\u00e7a na Plen\\u00e1ria Municipal Ordin\\u00e1ria do Colegiado CODETER TIPNI\"},\"previousItem\":{\"@type\":\"ListItem\",\"@id\":\"https:\\\/\\\/minutobahia24h.com.br#listItem\",\"name\":\"In\\u00edcio\"}},{\"@type\":\"ListItem\",\"@id\":\"https:\\\/\\\/minutobahia24h.com.br\\\/?p=24369#listItem\",\"position\":3,\"name\":\"Prefeitura de Filad\\u00e9lfia marca presen\\u00e7a na Plen\\u00e1ria Municipal Ordin\\u00e1ria do Colegiado CODETER TIPNI\",\"previousItem\":{\"@type\":\"ListItem\",\"@id\":\"https:\\\/\\\/minutobahia24h.com.br\\\/?cat=3#listItem\",\"name\":\"Regional\"}}]},{\"@type\":\"Organization\",\"@id\":\"https:\\\/\\\/minutobahia24h.com.br\\\/#organization\",\"name\":\"Minuto Bahia 24h\",\"description\":\"O seu portal de not\\u00edcias\",\"url\":\"https:\\\/\\\/minutobahia24h.com.br\\\/\",\"logo\":{\"@type\":\"ImageObject\",\"url\":\"https:\\\/\\\/i0.wp.com\\\/minutobahia24h.com.br\\\/wp-content\\\/uploads\\\/2023\\\/09\\\/cropped-minutoba.png?fit=457%2C119&ssl=1\",\"@id\":\"https:\\\/\\\/minutobahia24h.com.br\\\/?p=24369\\\/#organizationLogo\",\"width\":457,\"height\":119},\"image\":{\"@id\":\"https:\\\/\\\/minutobahia24h.com.br\\\/?p=24369\\\/#organizationLogo\"}},{\"@type\":\"Person\",\"@id\":\"https:\\\/\\\/minutobahia24h.com.br\\\/?author=2#author\",\"url\":\"https:\\\/\\\/minutobahia24h.com.br\\\/?author=2\",\"name\":\"andre\",\"image\":{\"@type\":\"ImageObject\",\"@id\":\"https:\\\/\\\/minutobahia24h.com.br\\\/?p=24369#authorImage\",\"url\":\"https:\\\/\\\/secure.gravatar.com\\\/avatar\\\/0ec5eafed5f3925c321625d79a680d589901b94bca787ae396a35f6c4a960922?s=96&d=mm&r=g\",\"width\":96,\"height\":96,\"caption\":\"andre\"}},{\"@type\":\"WebPage\",\"@id\":\"https:\\\/\\\/minutobahia24h.com.br\\\/?p=24369#webpage\",\"url\":\"https:\\\/\\\/minutobahia24h.com.br\\\/?p=24369\",\"name\":\"Prefeitura de Filad\\u00e9lfia marca presen\\u00e7a na Plen\\u00e1ria Municipal Ordin\\u00e1ria do Colegiado CODETER TIPNI - Minuto Bahia 24h\",\"description\":\"Aconteceu nesta quarta-feira (12), no Sindicato dos Trabalhadores Rurais, a Plen\\u00e1ria Municipal Ordin\\u00e1ria do Colegiado de Desenvolvimento Territorial Sustent\\u00e1vel do Piemonte Norte do Itapicuru (CODETER TIPNI). O encontro reuniu representantes da sociedade civil, movimentos sociais e institui\\u00e7\\u00f5es p\\u00fablicas para debater a organiza\\u00e7\\u00e3o social territorial e indicar os representantes municipais que integrar\\u00e3o a gest\\u00e3o 2025\\\/2027 do\",\"inLanguage\":\"pt-BR\",\"isPartOf\":{\"@id\":\"https:\\\/\\\/minutobahia24h.com.br\\\/#website\"},\"breadcrumb\":{\"@id\":\"https:\\\/\\\/minutobahia24h.com.br\\\/?p=24369#breadcrumblist\"},\"author\":{\"@id\":\"https:\\\/\\\/minutobahia24h.com.br\\\/?author=2#author\"},\"creator\":{\"@id\":\"https:\\\/\\\/minutobahia24h.com.br\\\/?author=2#author\"},\"image\":{\"@type\":\"ImageObject\",\"url\":\"https:\\\/\\\/i0.wp.com\\\/minutobahia24h.com.br\\\/wp-content\\\/uploads\\\/2025\\\/02\\\/Sem-titulo-215.jpg?fit=900%2C675&ssl=1\",\"@id\":\"https:\\\/\\\/minutobahia24h.com.br\\\/?p=24369\\\/#mainImage\",\"width\":900,\"height\":675},\"primaryImageOfPage\":{\"@id\":\"https:\\\/\\\/minutobahia24h.com.br\\\/?p=24369#mainImage\"},\"datePublished\":\"2025-02-12T15:52:55-03:00\",\"dateModified\":\"2025-02-12T15:52:57-03:00\"},{\"@type\":\"WebSite\",\"@id\":\"https:\\\/\\\/minutobahia24h.com.br\\\/#website\",\"url\":\"https:\\\/\\\/minutobahia24h.com.br\\\/\",\"name\":\"Minuto Bahia 24h\",\"description\":\"O seu portal de not\\u00edcias\",\"inLanguage\":\"pt-BR\",\"publisher\":{\"@id\":\"https:\\\/\\\/minutobahia24h.com.br\\\/#organization\"}}]}\n\t\t<\/script>\n\t\t<!-- All in One SEO -->\n\n","aioseo_head_json":{"title":"Prefeitura de Filad\u00e9lfia marca presen\u00e7a na Plen\u00e1ria Municipal Ordin\u00e1ria do Colegiado CODETER TIPNI - Minuto Bahia 24h","description":"Aconteceu nesta quarta-feira (12), no Sindicato dos Trabalhadores Rurais, a Plen\u00e1ria Municipal Ordin\u00e1ria do Colegiado de Desenvolvimento Territorial Sustent\u00e1vel do Piemonte Norte do Itapicuru (CODETER TIPNI). O encontro reuniu representantes da sociedade civil, movimentos sociais e institui\u00e7\u00f5es p\u00fablicas para debater a organiza\u00e7\u00e3o social territorial e indicar os representantes municipais que integrar\u00e3o a gest\u00e3o 2025\/2027 do","canonical_url":"https:\/\/minutobahia24h.com.br\/?p=24369","robots":"max-image-preview:large","keywords":"","webmasterTools":{"miscellaneous":""},"schema":{"@context":"https:\/\/schema.org","@graph":[{"@type":"BlogPosting","@id":"https:\/\/minutobahia24h.com.br\/?p=24369#blogposting","name":"Prefeitura de Filad\u00e9lfia marca presen\u00e7a na Plen\u00e1ria Municipal Ordin\u00e1ria do Colegiado CODETER TIPNI - Minuto Bahia 24h","headline":"Prefeitura de Filad\u00e9lfia marca presen\u00e7a na Plen\u00e1ria Municipal Ordin\u00e1ria do Colegiado CODETER TIPNI","author":{"@id":"https:\/\/minutobahia24h.com.br\/?author=2#author"},"publisher":{"@id":"https:\/\/minutobahia24h.com.br\/#organization"},"image":{"@type":"ImageObject","url":"https:\/\/i0.wp.com\/minutobahia24h.com.br\/wp-content\/uploads\/2025\/02\/Sem-titulo-215.jpg?fit=900%2C675&ssl=1","width":900,"height":675},"datePublished":"2025-02-12T15:52:55-03:00","dateModified":"2025-02-12T15:52:57-03:00","inLanguage":"pt-BR","mainEntityOfPage":{"@id":"https:\/\/minutobahia24h.com.br\/?p=24369#webpage"},"isPartOf":{"@id":"https:\/\/minutobahia24h.com.br\/?p=24369#webpage"},"articleSection":"Regional"},{"@type":"BreadcrumbList","@id":"https:\/\/minutobahia24h.com.br\/?p=24369#breadcrumblist","itemListElement":[{"@type":"ListItem","@id":"https:\/\/minutobahia24h.com.br#listItem","position":1,"name":"In\u00edcio","item":"https:\/\/minutobahia24h.com.br","nextItem":{"@type":"ListItem","@id":"https:\/\/minutobahia24h.com.br\/?cat=3#listItem","name":"Regional"}},{"@type":"ListItem","@id":"https:\/\/minutobahia24h.com.br\/?cat=3#listItem","position":2,"name":"Regional","item":"https:\/\/minutobahia24h.com.br\/?cat=3","nextItem":{"@type":"ListItem","@id":"https:\/\/minutobahia24h.com.br\/?p=24369#listItem","name":"Prefeitura de Filad\u00e9lfia marca presen\u00e7a na Plen\u00e1ria Municipal Ordin\u00e1ria do Colegiado CODETER TIPNI"},"previousItem":{"@type":"ListItem","@id":"https:\/\/minutobahia24h.com.br#listItem","name":"In\u00edcio"}},{"@type":"ListItem","@id":"https:\/\/minutobahia24h.com.br\/?p=24369#listItem","position":3,"name":"Prefeitura de Filad\u00e9lfia marca presen\u00e7a na Plen\u00e1ria Municipal Ordin\u00e1ria do Colegiado CODETER TIPNI","previousItem":{"@type":"ListItem","@id":"https:\/\/minutobahia24h.com.br\/?cat=3#listItem","name":"Regional"}}]},{"@type":"Organization","@id":"https:\/\/minutobahia24h.com.br\/#organization","name":"Minuto Bahia 24h","description":"O seu portal de not\u00edcias","url":"https:\/\/minutobahia24h.com.br\/","logo":{"@type":"ImageObject","url":"https:\/\/i0.wp.com\/minutobahia24h.com.br\/wp-content\/uploads\/2023\/09\/cropped-minutoba.png?fit=457%2C119&ssl=1","@id":"https:\/\/minutobahia24h.com.br\/?p=24369\/#organizationLogo","width":457,"height":119},"image":{"@id":"https:\/\/minutobahia24h.com.br\/?p=24369\/#organizationLogo"}},{"@type":"Person","@id":"https:\/\/minutobahia24h.com.br\/?author=2#author","url":"https:\/\/minutobahia24h.com.br\/?author=2","name":"andre","image":{"@type":"ImageObject","@id":"https:\/\/minutobahia24h.com.br\/?p=24369#authorImage","url":"https:\/\/secure.gravatar.com\/avatar\/0ec5eafed5f3925c321625d79a680d589901b94bca787ae396a35f6c4a960922?s=96&d=mm&r=g","width":96,"height":96,"caption":"andre"}},{"@type":"WebPage","@id":"https:\/\/minutobahia24h.com.br\/?p=24369#webpage","url":"https:\/\/minutobahia24h.com.br\/?p=24369","name":"Prefeitura de Filad\u00e9lfia marca presen\u00e7a na Plen\u00e1ria Municipal Ordin\u00e1ria do Colegiado CODETER TIPNI - Minuto Bahia 24h","description":"Aconteceu nesta quarta-feira (12), no Sindicato dos Trabalhadores Rurais, a Plen\u00e1ria Municipal Ordin\u00e1ria do Colegiado de Desenvolvimento Territorial Sustent\u00e1vel do Piemonte Norte do Itapicuru (CODETER TIPNI). O encontro reuniu representantes da sociedade civil, movimentos sociais e institui\u00e7\u00f5es p\u00fablicas para debater a organiza\u00e7\u00e3o social territorial e indicar os representantes municipais que integrar\u00e3o a gest\u00e3o 2025\/2027 do","inLanguage":"pt-BR","isPartOf":{"@id":"https:\/\/minutobahia24h.com.br\/#website"},"breadcrumb":{"@id":"https:\/\/minutobahia24h.com.br\/?p=24369#breadcrumblist"},"author":{"@id":"https:\/\/minutobahia24h.com.br\/?author=2#author"},"creator":{"@id":"https:\/\/minutobahia24h.com.br\/?author=2#author"},"image":{"@type":"ImageObject","url":"https:\/\/i0.wp.com\/minutobahia24h.com.br\/wp-content\/uploads\/2025\/02\/Sem-titulo-215.jpg?fit=900%2C675&ssl=1","@id":"https:\/\/minutobahia24h.com.br\/?p=24369\/#mainImage","width":900,"height":675},"primaryImageOfPage":{"@id":"https:\/\/minutobahia24h.com.br\/?p=24369#mainImage"},"datePublished":"2025-02-12T15:52:55-03:00","dateModified":"2025-02-12T15:52:57-03:00"},{"@type":"WebSite","@id":"https:\/\/minutobahia24h.com.br\/#website","url":"https:\/\/minutobahia24h.com.br\/","name":"Minuto Bahia 24h","description":"O seu portal de not\u00edcias","inLanguage":"pt-BR","publisher":{"@id":"https:\/\/minutobahia24h.com.br\/#organization"}}]},"og:locale":"pt_BR","og:site_name":"Minuto Bahia 24h - O seu portal de not\u00edcias","og:type":"article","og:title":"Prefeitura de Filad\u00e9lfia marca presen\u00e7a na Plen\u00e1ria Municipal Ordin\u00e1ria do Colegiado CODETER TIPNI - Minuto Bahia 24h","og:description":"Aconteceu nesta quarta-feira (12), no Sindicato dos Trabalhadores Rurais, a Plen\u00e1ria Municipal Ordin\u00e1ria do Colegiado de Desenvolvimento Territorial Sustent\u00e1vel do Piemonte Norte do Itapicuru (CODETER TIPNI). O encontro reuniu representantes da sociedade civil, movimentos sociais e institui\u00e7\u00f5es p\u00fablicas para debater a organiza\u00e7\u00e3o social territorial e indicar os representantes municipais que integrar\u00e3o a gest\u00e3o 2025\/2027 do","og:url":"https:\/\/minutobahia24h.com.br\/?p=24369","og:image":"https:\/\/minutobahia24h.com.br\/wp-content\/uploads\/2025\/02\/Sem-titulo-215.jpg","og:image:secure_url":"https:\/\/minutobahia24h.com.br\/wp-content\/uploads\/2025\/02\/Sem-titulo-215.jpg","og:image:width":900,"og:image:height":675,"article:published_time":"2025-02-12T18:52:55+00:00","article:modified_time":"2025-02-12T18:52:57+00:00","twitter:card":"summary_large_image","twitter:title":"Prefeitura de Filad\u00e9lfia marca presen\u00e7a na Plen\u00e1ria Municipal Ordin\u00e1ria do Colegiado CODETER TIPNI - Minuto Bahia 24h","twitter:description":"Aconteceu nesta quarta-feira (12), no Sindicato dos Trabalhadores Rurais, a Plen\u00e1ria Municipal Ordin\u00e1ria do Colegiado de Desenvolvimento Territorial Sustent\u00e1vel do Piemonte Norte do Itapicuru (CODETER TIPNI). O encontro reuniu representantes da sociedade civil, movimentos sociais e institui\u00e7\u00f5es p\u00fablicas para debater a organiza\u00e7\u00e3o social territorial e indicar os representantes municipais que integrar\u00e3o a gest\u00e3o 2025\/2027 do","twitter:image":"https:\/\/minutobahia24h.com.br\/wp-content\/uploads\/2025\/02\/Sem-titulo-215.jpg"},"aioseo_meta_data":{"post_id":"24369","title":null,"description":null,"keywords":null,"keyphrases":{"focus":{"keyphrase":"","score":0,"analysis":{"keyphraseInTitle":{"score":0,"maxScore":9,"error":1}}},"additional":[]},"primary_term":null,"canonical_url":null,"og_title":null,"og_description":null,"og_object_type":"default","og_image_type":"default","og_image_url":null,"og_image_width":null,"og_image_height":null,"og_image_custom_url":null,"og_image_custom_fields":null,"og_video":"","og_custom_url":null,"og_article_section":null,"og_article_tags":null,"twitter_use_og":true,"twitter_card":"default","twitter_image_type":"default","twitter_image_url":null,"twitter_image_custom_url":null,"twitter_image_custom_fields":null,"twitter_title":null,"twitter_description":null,"schema":{"blockGraphs":[],"customGraphs":[],"default":{"data":{"Article":[],"Course":[],"Dataset":[],"FAQPage":[],"Movie":[],"Person":[],"Product":[],"ProductReview":[],"Car":[],"Recipe":[],"Service":[],"SoftwareApplication":[],"WebPage":[]},"graphName":"BlogPosting","isEnabled":true},"graphs":[]},"schema_type":"default","schema_type_options":null,"pillar_content":false,"robots_default":true,"robots_noindex":false,"robots_noarchive":false,"robots_nosnippet":false,"robots_nofollow":false,"robots_noimageindex":false,"robots_noodp":false,"robots_notranslate":false,"robots_max_snippet":"-1","robots_max_videopreview":"-1","robots_max_imagepreview":"large","priority":null,"frequency":"default","local_seo":null,"breadcrumb_settings":null,"limit_modified_date":false,"ai":null,"created":"2025-02-12 18:52:57","updated":"2025-06-05 12:43:44","seo_analyzer_scan_date":null,"focus_keyword":null,"additional_keywords":null,"truseo_locale":null},"aioseo_breadcrumb":"<div class=\"aioseo-breadcrumbs\"><span class=\"aioseo-breadcrumb\">\n\t\t\t<a href=\"https:\/\/minutobahia24h.com.br\" title=\"In\u00edcio\">In\u00edcio<\/a>\n\t\t<\/span><span class=\"aioseo-breadcrumb-separator\">&raquo;<\/span><span class=\"aioseo-breadcrumb\">\n\t\t\t<a href=\"https:\/\/minutobahia24h.com.br\/?cat=3\" title=\"Regional\">Regional<\/a>\n\t\t<\/span><span class=\"aioseo-breadcrumb-separator\">&raquo;<\/span><span class=\"aioseo-breadcrumb\">\n\t\t\tPrefeitura de Filad\u00e9lfia marca presen\u00e7a na Plen\u00e1ria Municipal Ordin\u00e1ria do Colegiado CODETER TIPNI\n\t\t<\/span><\/div>","aioseo_breadcrumb_json":[{"label":"In\u00edcio","link":"https:\/\/minutobahia24h.com.br"},{"label":"Regional","link":"https:\/\/minutobahia24h.com.br\/?cat=3"},{"label":"Prefeitura de Filad\u00e9lfia marca presen\u00e7a na Plen\u00e1ria Municipal Ordin\u00e1ria do Colegiado CODETER TIPNI","link":"https:\/\/minutobahia24h.com.br\/?p=24369"}],"jetpack_sharing_enabled":true,"jetpack_featured_media_url":"https:\/\/i0.wp.com\/minutobahia24h.com.br\/wp-content\/uploads\/2025\/02\/Sem-titulo-215.jpg?fit=900%2C675&ssl=1","_links":{"self":[{"href":"https:\/\/minutobahia24h.com.br\/index.php?rest_route=\/wp\/v2\/posts\/24369","targetHints":{"allow":["GET"]}}],"collection":[{"href":"https:\/\/minutobahia24h.com.br\/index.php?rest_route=\/wp\/v2\/posts"}],"about":[{"href":"https:\/\/minutobahia24h.com.br\/index.php?rest_route=\/wp\/v2\/types\/post"}],"author":[{"embeddable":true,"href":"https:\/\/minutobahia24h.com.br\/index.php?rest_route=\/wp\/v2\/users\/2"}],"replies":[{"embeddable":true,"href":"https:\/\/minutobahia24h.com.br\/index.php?rest_route=%2Fwp%2Fv2%2Fcomments&post=24369"}],"version-history":[{"count":1,"href":"https:\/\/minutobahia24h.com.br\/index.php?rest_route=\/wp\/v2\/posts\/24369\/revisions"}],"predecessor-version":[{"id":24371,"href":"https:\/\/minutobahia24h.com.br\/index.php?rest_route=\/wp\/v2\/posts\/24369\/revisions\/24371"}],"wp:featuredmedia":[{"embeddable":true,"href":"https:\/\/minutobahia24h.com.br\/index.php?rest_route=\/wp\/v2\/media\/24370"}],"wp:attachment":[{"href":"https:\/\/minutobahia24h.com.br\/index.php?rest_route=%2Fwp%2Fv2%2Fmedia&parent=24369"}],"wp:term":[{"taxonomy":"category","embeddable":true,"href":"https:\/\/minutobahia24h.com.br\/index.php?rest_route=%2Fwp%2Fv2%2Fcategories&post=24369"},{"taxonomy":"post_tag","embeddable":true,"href":"https:\/\/minutobahia24h.com.br\/index.php?rest_route=%2Fwp%2Fv2%2Ftags&post=24369"}],"curies":[{"name":"wp","href":"https:\/\/api.w.org\/{rel}","templated":true}]}}