{"id":24360,"date":"2025-02-12T14:36:59","date_gmt":"2025-02-12T17:36:59","guid":{"rendered":"https:\/\/minutobahia24h.com.br\/?p=24360"},"modified":"2025-02-12T14:37:01","modified_gmt":"2025-02-12T17:37:01","slug":"vitor-bonfim-assume-lideranca-da-bancada-da-federacao-na-assembleia","status":"publish","type":"post","link":"https:\/\/minutobahia24h.com.br\/?p=24360","title":{"rendered":"Vitor Bonfim assume lideran\u00e7a da bancada da federa\u00e7\u00e3o na Assembleia"},"content":{"rendered":"<div class=\"wp-block-image\">\n<figure class=\"aligncenter size-full\"><img data-recalc-dims=\"1\" fetchpriority=\"high\" decoding=\"async\" width=\"785\" height=\"591\" src=\"https:\/\/i0.wp.com\/minutobahia24h.com.br\/wp-content\/uploads\/2025\/02\/Sem-titulo-214.jpg?resize=785%2C591&#038;ssl=1\" alt=\"\" class=\"wp-image-24361\" srcset=\"https:\/\/i0.wp.com\/minutobahia24h.com.br\/wp-content\/uploads\/2025\/02\/Sem-titulo-214.jpg?w=785&amp;ssl=1 785w, https:\/\/i0.wp.com\/minutobahia24h.com.br\/wp-content\/uploads\/2025\/02\/Sem-titulo-214.jpg?resize=300%2C226&amp;ssl=1 300w, https:\/\/i0.wp.com\/minutobahia24h.com.br\/wp-content\/uploads\/2025\/02\/Sem-titulo-214.jpg?resize=768%2C578&amp;ssl=1 768w, https:\/\/i0.wp.com\/minutobahia24h.com.br\/wp-content\/uploads\/2025\/02\/Sem-titulo-214.jpg?resize=750%2C565&amp;ssl=1 750w\" sizes=\"(max-width: 785px) 100vw, 785px\" \/><\/figure>\n<\/div>\n\n\n<p>O deputado estadual Vitor Bonfim (PV) foi escolhido l\u00edder da bancada da Federa\u00e7\u00e3o Brasil da Esperan\u00e7a (PT, PV e PCdoB) na Assembleia Legislativa da Bahia (ALBA). Com uma trajet\u00f3ria de atua\u00e7\u00e3o destacada no Parlamento baiano, Vitor j\u00e1 ocupou, na legislatura passada, a presid\u00eancia da Comiss\u00e3o de Finan\u00e7as, Or\u00e7amento, Fiscaliza\u00e7\u00e3o e Controle, onde teve papel fundamental na an\u00e1lise e aprova\u00e7\u00e3o de projetos estrat\u00e9gicos para o desenvolvimento do estado.<\/p>\n\n\n\n<p>Agora, \u00e0 frente da bancada da federa\u00e7\u00e3o, Vitor Bonfim refor\u00e7a seu compromisso com a defesa de pol\u00edticas p\u00fablicas voltadas para a melhoria da qualidade de vida dos baianos e o fortalecimento das a\u00e7\u00f5es do governo do Estado na Assembleia.<\/p>\n\n\n\n<p>\u201c\u00c9 uma honra assumir essa responsabilidade e representar a Federa\u00e7\u00e3o na Assembleia. Nosso compromisso \u00e9 trabalhar por uma Bahia mais justa, fortalecendo as pol\u00edticas p\u00fablicas e garantindo avan\u00e7os para a popula\u00e7\u00e3o\u201d, declarou Vitor Bonfim.<\/p>\n\n\n\n<p>politicalivre<\/p>\n","protected":false},"excerpt":{"rendered":"<p>O deputado estadual Vitor Bonfim (PV) foi escolhido l\u00edder da bancada da Federa\u00e7\u00e3o Brasil da Esperan\u00e7a (PT, PV e PCdoB) na Assembleia Legislativa da Bahia (ALBA). Com uma trajet\u00f3ria de atua\u00e7\u00e3o destacada no Parlamento baiano, Vitor j\u00e1 ocupou, na legislatura passada, a presid\u00eancia da Comiss\u00e3o de Finan\u00e7as, Or\u00e7amento, Fiscaliza\u00e7\u00e3o e Controle, onde teve papel fundamental [&hellip;]<\/p>\n","protected":false},"author":2,"featured_media":24361,"comment_status":"open","ping_status":"open","sticky":false,"template":"","format":"standard","meta":{"_jetpack_memberships_contains_paid_content":false,"footnotes":""},"categories":[39],"tags":[],"class_list":["post-24360","post","type-post","status-publish","format-standard","has-post-thumbnail","hentry","category-politica"],"aioseo_notices":[],"jetpack_featured_media_url":"https:\/\/i0.wp.com\/minutobahia24h.com.br\/wp-content\/uploads\/2025\/02\/Sem-titulo-214.jpg?fit=785%2C591&ssl=1","jetpack_sharing_enabled":true,"_links":{"self":[{"href":"https:\/\/minutobahia24h.com.br\/index.php?rest_route=\/wp\/v2\/posts\/24360","targetHints":{"allow":["GET"]}}],"collection":[{"href":"https:\/\/minutobahia24h.com.br\/index.php?rest_route=\/wp\/v2\/posts"}],"about":[{"href":"https:\/\/minutobahia24h.com.br\/index.php?rest_route=\/wp\/v2\/types\/post"}],"author":[{"embeddable":true,"href":"https:\/\/minutobahia24h.com.br\/index.php?rest_route=\/wp\/v2\/users\/2"}],"replies":[{"embeddable":true,"href":"https:\/\/minutobahia24h.com.br\/index.php?rest_route=%2Fwp%2Fv2%2Fcomments&post=24360"}],"version-history":[{"count":1,"href":"https:\/\/minutobahia24h.com.br\/index.php?rest_route=\/wp\/v2\/posts\/24360\/revisions"}],"predecessor-version":[{"id":24362,"href":"https:\/\/minutobahia24h.com.br\/index.php?rest_route=\/wp\/v2\/posts\/24360\/revisions\/24362"}],"wp:featuredmedia":[{"embeddable":true,"href":"https:\/\/minutobahia24h.com.br\/index.php?rest_route=\/wp\/v2\/media\/24361"}],"wp:attachment":[{"href":"https:\/\/minutobahia24h.com.br\/index.php?rest_route=%2Fwp%2Fv2%2Fmedia&parent=24360"}],"wp:term":[{"taxonomy":"category","embeddable":true,"href":"https:\/\/minutobahia24h.com.br\/index.php?rest_route=%2Fwp%2Fv2%2Fcategories&post=24360"},{"taxonomy":"post_tag","embeddable":true,"href":"https:\/\/minutobahia24h.com.br\/index.php?rest_route=%2Fwp%2Fv2%2Ftags&post=24360"}],"curies":[{"name":"wp","href":"https:\/\/api.w.org\/{rel}","templated":true}]}}