{"id":24357,"date":"2025-02-12T09:41:57","date_gmt":"2025-02-12T12:41:57","guid":{"rendered":"https:\/\/minutobahia24h.com.br\/?p=24357"},"modified":"2025-02-12T09:42:00","modified_gmt":"2025-02-12T12:42:00","slug":"efeito-adolfo-menezes-cria-temor-em-camaras-de-vereadores-na-bahia","status":"publish","type":"post","link":"https:\/\/minutobahia24h.com.br\/?p=24357","title":{"rendered":"Efeito Adolfo Menezes cria temor em C\u00e2maras de Vereadores na Bahia"},"content":{"rendered":"<div class=\"wp-block-image\">\n<figure class=\"aligncenter size-large\"><img data-recalc-dims=\"1\" fetchpriority=\"high\" decoding=\"async\" width=\"800\" height=\"420\" src=\"https:\/\/i0.wp.com\/minutobahia24h.com.br\/wp-content\/uploads\/2025\/02\/Sem-titulo-213-1024x538.jpg?resize=800%2C420&#038;ssl=1\" alt=\"\" class=\"wp-image-24358\" srcset=\"https:\/\/i0.wp.com\/minutobahia24h.com.br\/wp-content\/uploads\/2025\/02\/Sem-titulo-213.jpg?resize=1024%2C538&amp;ssl=1 1024w, https:\/\/i0.wp.com\/minutobahia24h.com.br\/wp-content\/uploads\/2025\/02\/Sem-titulo-213.jpg?resize=300%2C158&amp;ssl=1 300w, https:\/\/i0.wp.com\/minutobahia24h.com.br\/wp-content\/uploads\/2025\/02\/Sem-titulo-213.jpg?resize=768%2C403&amp;ssl=1 768w, https:\/\/i0.wp.com\/minutobahia24h.com.br\/wp-content\/uploads\/2025\/02\/Sem-titulo-213.jpg?resize=750%2C394&amp;ssl=1 750w, https:\/\/i0.wp.com\/minutobahia24h.com.br\/wp-content\/uploads\/2025\/02\/Sem-titulo-213.jpg?resize=1140%2C599&amp;ssl=1 1140w, https:\/\/i0.wp.com\/minutobahia24h.com.br\/wp-content\/uploads\/2025\/02\/Sem-titulo-213.jpg?w=1200&amp;ssl=1 1200w\" sizes=\"(max-width: 800px) 100vw, 800px\" \/><figcaption class=\"wp-element-caption\">Foto: Reprodu\u00e7\u00e3o \/ VemVer Cidade<br><\/figcaption><\/figure>\n<\/div>\n\n\n<p class=\"wp-block-paragraph\">A decis\u00e3o que\u00a0<a href=\"https:\/\/www.bahianoticias.com.br\/noticia\/301207-stf-determina-afastamento-imediato-de-adolfo-menezes-da-presidencia-da-al-ba\" target=\"_blank\" rel=\"noreferrer noopener\">anulou a recondu\u00e7\u00e3o pela terceira vez consecutiva de Adolfo Menezes (PSD)<\/a>\u00a0na presid\u00eancia da Assembleia Legislativa da Bahia (AL-BA) tem causado alvoro\u00e7o nas C\u00e2maras de Vereadores da Bahia. O temor \u00e9 de quem pode ter o mesmo destino, ap\u00f3s se eleger para um terceiro mandato seguido.<\/p>\n\n\n\n<p class=\"wp-block-paragraph\">Menezes vai recorrer ao mesmo Supremo Tribunal Federal (STF). Na \u00faltima segunda-feira (10),\u00a0o relator do caso na Corte, Gilmar Mendes, emitiu a medida contra o deputado.<\/p>\n\n\n\n<p class=\"wp-block-paragraph\">Ao Bahia Not\u00edcias, o advogado Jos\u00e9 Bento de Souza Barbosa disse que a situa\u00e7\u00e3o s\u00f3 vai trazer preocupa\u00e7\u00e3o para quem se elegeu presidente de C\u00e2mara ap\u00f3s o marco temporal, que estabelece a proibi\u00e7\u00e3o de um terceiro mandato consecutivo, ou seja, 7 de janeiro de 2021.<\/p>\n\n\n\n<p class=\"wp-block-paragraph\">\u201cAs c\u00e2maras de vereadores t\u00eam que observar quando ocorreu o primeiro bi\u00eanio do presidente. Se foi anterior ao marco temporal, que \u00e9 7 de janeiro de 2021, elas n\u00e3o sofrem esse efeito. Diferente da primeira elei\u00e7\u00e3o de Adolfo Menezes, que se deu em no final de fevereiro de 2021\u201d, declarou.\u00a0<\/p>\n\n\n\n<p class=\"wp-block-paragraph\">BN<\/p>\n","protected":false},"excerpt":{"rendered":"<p>A decis\u00e3o que\u00a0anulou a recondu\u00e7\u00e3o pela terceira vez consecutiva de Adolfo Menezes (PSD)\u00a0na presid\u00eancia da Assembleia Legislativa da Bahia (AL-BA) tem causado alvoro\u00e7o nas C\u00e2maras de Vereadores da Bahia. O temor \u00e9 de quem pode ter o mesmo destino, ap\u00f3s se eleger para um terceiro mandato seguido. Menezes vai recorrer ao mesmo Supremo Tribunal Federal [&hellip;]<\/p>\n","protected":false},"author":2,"featured_media":24358,"comment_status":"open","ping_status":"open","sticky":false,"template":"","format":"standard","meta":{"_jetpack_newsletter_access":"","_jetpack_dont_email_post_to_subs":false,"_jetpack_newsletter_tier_id":0,"_jetpack_memberships_contains_paywalled_content":false,"_jetpack_feature_clip_id":0,"_jetpack_memberships_contains_paid_content":false,"footnotes":"","jetpack_post_was_ever_published":false},"categories":[46],"tags":[],"class_list":["post-24357","post","type-post","status-publish","format-standard","has-post-thumbnail","hentry","category-noticia"],"aioseo_notices":[],"aioseo_head":"\n\t\t<!-- All in One SEO 5.0.1.1 - aioseo.com -->\n\t<meta name=\"description\" content=\"A decis\u00e3o que anulou a recondu\u00e7\u00e3o pela terceira vez consecutiva de Adolfo Menezes (PSD) na presid\u00eancia da Assembleia Legislativa da Bahia (AL-BA) tem causado alvoro\u00e7o nas C\u00e2maras de Vereadores da Bahia. O temor \u00e9 de quem pode ter o mesmo destino, ap\u00f3s se eleger para um terceiro mandato seguido. Menezes vai recorrer ao mesmo Supremo Tribunal Federal\" \/>\n\t<meta name=\"robots\" content=\"max-image-preview:large\" \/>\n\t<meta name=\"author\" content=\"andre\"\/>\n\t<link rel=\"canonical\" href=\"https:\/\/minutobahia24h.com.br\/?p=24357\" \/>\n\t<meta name=\"generator\" content=\"All in One SEO (AIOSEO) 5.0.1.1\" \/>\n\t\t<meta property=\"og:locale\" content=\"pt_BR\" \/>\n\t\t<meta property=\"og:site_name\" content=\"Minuto Bahia 24h - O seu portal de not\u00edcias\" \/>\n\t\t<meta property=\"og:type\" content=\"article\" \/>\n\t\t<meta property=\"og:title\" content=\"Efeito Adolfo Menezes cria temor em C\u00e2maras de Vereadores na Bahia - Minuto Bahia 24h\" \/>\n\t\t<meta property=\"og:description\" content=\"A decis\u00e3o que anulou a recondu\u00e7\u00e3o pela terceira vez consecutiva de Adolfo Menezes (PSD) na presid\u00eancia da Assembleia Legislativa da Bahia (AL-BA) tem causado alvoro\u00e7o nas C\u00e2maras de Vereadores da Bahia. O temor \u00e9 de quem pode ter o mesmo destino, ap\u00f3s se eleger para um terceiro mandato seguido. Menezes vai recorrer ao mesmo Supremo Tribunal Federal\" \/>\n\t\t<meta property=\"og:url\" content=\"https:\/\/minutobahia24h.com.br\/?p=24357\" \/>\n\t\t<meta property=\"og:image\" content=\"https:\/\/minutobahia24h.com.br\/wp-content\/uploads\/2025\/02\/Sem-titulo-213.jpg\" \/>\n\t\t<meta property=\"og:image:secure_url\" content=\"https:\/\/minutobahia24h.com.br\/wp-content\/uploads\/2025\/02\/Sem-titulo-213.jpg\" \/>\n\t\t<meta property=\"og:image:width\" content=\"1200\" \/>\n\t\t<meta property=\"og:image:height\" content=\"630\" \/>\n\t\t<meta property=\"article:published_time\" content=\"2025-02-12T12:41:57+00:00\" \/>\n\t\t<meta property=\"article:modified_time\" content=\"2025-02-12T12:42:00+00:00\" \/>\n\t\t<meta name=\"twitter:card\" content=\"summary_large_image\" \/>\n\t\t<meta name=\"twitter:title\" content=\"Efeito Adolfo Menezes cria temor em C\u00e2maras de Vereadores na Bahia - Minuto Bahia 24h\" \/>\n\t\t<meta name=\"twitter:description\" content=\"A decis\u00e3o que anulou a recondu\u00e7\u00e3o pela terceira vez consecutiva de Adolfo Menezes (PSD) na presid\u00eancia da Assembleia Legislativa da Bahia (AL-BA) tem causado alvoro\u00e7o nas C\u00e2maras de Vereadores da Bahia. O temor \u00e9 de quem pode ter o mesmo destino, ap\u00f3s se eleger para um terceiro mandato seguido. Menezes vai recorrer ao mesmo Supremo Tribunal Federal\" \/>\n\t\t<meta name=\"twitter:image\" content=\"https:\/\/minutobahia24h.com.br\/wp-content\/uploads\/2025\/02\/Sem-titulo-213.jpg\" \/>\n\t\t<script type=\"application\/ld+json\" class=\"aioseo-schema\">\n\t\t\t{\"@context\":\"https:\\\/\\\/schema.org\",\"@graph\":[{\"@type\":\"BlogPosting\",\"@id\":\"https:\\\/\\\/minutobahia24h.com.br\\\/?p=24357#blogposting\",\"name\":\"Efeito Adolfo Menezes cria temor em C\\u00e2maras de Vereadores na Bahia - Minuto Bahia 24h\",\"headline\":\"Efeito Adolfo Menezes cria temor em C\\u00e2maras de Vereadores na Bahia\",\"author\":{\"@id\":\"https:\\\/\\\/minutobahia24h.com.br\\\/?author=2#author\"},\"publisher\":{\"@id\":\"https:\\\/\\\/minutobahia24h.com.br\\\/#organization\"},\"image\":{\"@type\":\"ImageObject\",\"url\":\"https:\\\/\\\/i0.wp.com\\\/minutobahia24h.com.br\\\/wp-content\\\/uploads\\\/2025\\\/02\\\/Sem-titulo-213.jpg?fit=1200%2C630&ssl=1\",\"width\":1200,\"height\":630},\"datePublished\":\"2025-02-12T09:41:57-03:00\",\"dateModified\":\"2025-02-12T09:42:00-03:00\",\"inLanguage\":\"pt-BR\",\"mainEntityOfPage\":{\"@id\":\"https:\\\/\\\/minutobahia24h.com.br\\\/?p=24357#webpage\"},\"isPartOf\":{\"@id\":\"https:\\\/\\\/minutobahia24h.com.br\\\/?p=24357#webpage\"},\"articleSection\":\"Not\\u00edcia\"},{\"@type\":\"BreadcrumbList\",\"@id\":\"https:\\\/\\\/minutobahia24h.com.br\\\/?p=24357#breadcrumblist\",\"itemListElement\":[{\"@type\":\"ListItem\",\"@id\":\"https:\\\/\\\/minutobahia24h.com.br#listItem\",\"position\":1,\"name\":\"In\\u00edcio\",\"item\":\"https:\\\/\\\/minutobahia24h.com.br\",\"nextItem\":{\"@type\":\"ListItem\",\"@id\":\"https:\\\/\\\/minutobahia24h.com.br\\\/?cat=46#listItem\",\"name\":\"Not\\u00edcia\"}},{\"@type\":\"ListItem\",\"@id\":\"https:\\\/\\\/minutobahia24h.com.br\\\/?cat=46#listItem\",\"position\":2,\"name\":\"Not\\u00edcia\",\"item\":\"https:\\\/\\\/minutobahia24h.com.br\\\/?cat=46\",\"nextItem\":{\"@type\":\"ListItem\",\"@id\":\"https:\\\/\\\/minutobahia24h.com.br\\\/?p=24357#listItem\",\"name\":\"Efeito Adolfo Menezes cria temor em C\\u00e2maras de Vereadores na Bahia\"},\"previousItem\":{\"@type\":\"ListItem\",\"@id\":\"https:\\\/\\\/minutobahia24h.com.br#listItem\",\"name\":\"In\\u00edcio\"}},{\"@type\":\"ListItem\",\"@id\":\"https:\\\/\\\/minutobahia24h.com.br\\\/?p=24357#listItem\",\"position\":3,\"name\":\"Efeito Adolfo Menezes cria temor em C\\u00e2maras de Vereadores na Bahia\",\"previousItem\":{\"@type\":\"ListItem\",\"@id\":\"https:\\\/\\\/minutobahia24h.com.br\\\/?cat=46#listItem\",\"name\":\"Not\\u00edcia\"}}]},{\"@type\":\"Organization\",\"@id\":\"https:\\\/\\\/minutobahia24h.com.br\\\/#organization\",\"name\":\"Minuto Bahia 24h\",\"description\":\"O seu portal de not\\u00edcias\",\"url\":\"https:\\\/\\\/minutobahia24h.com.br\\\/\",\"logo\":{\"@type\":\"ImageObject\",\"url\":\"https:\\\/\\\/i0.wp.com\\\/minutobahia24h.com.br\\\/wp-content\\\/uploads\\\/2023\\\/09\\\/cropped-minutoba.png?fit=457%2C119&ssl=1\",\"@id\":\"https:\\\/\\\/minutobahia24h.com.br\\\/?p=24357\\\/#organizationLogo\",\"width\":457,\"height\":119},\"image\":{\"@id\":\"https:\\\/\\\/minutobahia24h.com.br\\\/?p=24357\\\/#organizationLogo\"}},{\"@type\":\"Person\",\"@id\":\"https:\\\/\\\/minutobahia24h.com.br\\\/?author=2#author\",\"url\":\"https:\\\/\\\/minutobahia24h.com.br\\\/?author=2\",\"name\":\"andre\",\"image\":{\"@type\":\"ImageObject\",\"@id\":\"https:\\\/\\\/minutobahia24h.com.br\\\/?p=24357#authorImage\",\"url\":\"https:\\\/\\\/secure.gravatar.com\\\/avatar\\\/0ec5eafed5f3925c321625d79a680d589901b94bca787ae396a35f6c4a960922?s=96&d=mm&r=g\",\"width\":96,\"height\":96,\"caption\":\"andre\"}},{\"@type\":\"WebPage\",\"@id\":\"https:\\\/\\\/minutobahia24h.com.br\\\/?p=24357#webpage\",\"url\":\"https:\\\/\\\/minutobahia24h.com.br\\\/?p=24357\",\"name\":\"Efeito Adolfo Menezes cria temor em C\\u00e2maras de Vereadores na Bahia - Minuto Bahia 24h\",\"description\":\"A decis\\u00e3o que anulou a recondu\\u00e7\\u00e3o pela terceira vez consecutiva de Adolfo Menezes (PSD) na presid\\u00eancia da Assembleia Legislativa da Bahia (AL-BA) tem causado alvoro\\u00e7o nas C\\u00e2maras de Vereadores da Bahia. O temor \\u00e9 de quem pode ter o mesmo destino, ap\\u00f3s se eleger para um terceiro mandato seguido. Menezes vai recorrer ao mesmo Supremo Tribunal Federal\",\"inLanguage\":\"pt-BR\",\"isPartOf\":{\"@id\":\"https:\\\/\\\/minutobahia24h.com.br\\\/#website\"},\"breadcrumb\":{\"@id\":\"https:\\\/\\\/minutobahia24h.com.br\\\/?p=24357#breadcrumblist\"},\"author\":{\"@id\":\"https:\\\/\\\/minutobahia24h.com.br\\\/?author=2#author\"},\"creator\":{\"@id\":\"https:\\\/\\\/minutobahia24h.com.br\\\/?author=2#author\"},\"image\":{\"@type\":\"ImageObject\",\"url\":\"https:\\\/\\\/i0.wp.com\\\/minutobahia24h.com.br\\\/wp-content\\\/uploads\\\/2025\\\/02\\\/Sem-titulo-213.jpg?fit=1200%2C630&ssl=1\",\"@id\":\"https:\\\/\\\/minutobahia24h.com.br\\\/?p=24357\\\/#mainImage\",\"width\":1200,\"height\":630},\"primaryImageOfPage\":{\"@id\":\"https:\\\/\\\/minutobahia24h.com.br\\\/?p=24357#mainImage\"},\"datePublished\":\"2025-02-12T09:41:57-03:00\",\"dateModified\":\"2025-02-12T09:42:00-03:00\"},{\"@type\":\"WebSite\",\"@id\":\"https:\\\/\\\/minutobahia24h.com.br\\\/#website\",\"url\":\"https:\\\/\\\/minutobahia24h.com.br\\\/\",\"name\":\"Minuto Bahia 24h\",\"description\":\"O seu portal de not\\u00edcias\",\"inLanguage\":\"pt-BR\",\"publisher\":{\"@id\":\"https:\\\/\\\/minutobahia24h.com.br\\\/#organization\"}}]}\n\t\t<\/script>\n\t\t<!-- All in One SEO -->\n\n","aioseo_head_json":{"title":"Efeito Adolfo Menezes cria temor em C\u00e2maras de Vereadores na Bahia - Minuto Bahia 24h","description":"A decis\u00e3o que anulou a recondu\u00e7\u00e3o pela terceira vez consecutiva de Adolfo Menezes (PSD) na presid\u00eancia da Assembleia Legislativa da Bahia (AL-BA) tem causado alvoro\u00e7o nas C\u00e2maras de Vereadores da Bahia. O temor \u00e9 de quem pode ter o mesmo destino, ap\u00f3s se eleger para um terceiro mandato seguido. Menezes vai recorrer ao mesmo Supremo Tribunal Federal","canonical_url":"https:\/\/minutobahia24h.com.br\/?p=24357","robots":"max-image-preview:large","keywords":"","webmasterTools":{"miscellaneous":""},"schema":{"@context":"https:\/\/schema.org","@graph":[{"@type":"BlogPosting","@id":"https:\/\/minutobahia24h.com.br\/?p=24357#blogposting","name":"Efeito Adolfo Menezes cria temor em C\u00e2maras de Vereadores na Bahia - Minuto Bahia 24h","headline":"Efeito Adolfo Menezes cria temor em C\u00e2maras de Vereadores na Bahia","author":{"@id":"https:\/\/minutobahia24h.com.br\/?author=2#author"},"publisher":{"@id":"https:\/\/minutobahia24h.com.br\/#organization"},"image":{"@type":"ImageObject","url":"https:\/\/i0.wp.com\/minutobahia24h.com.br\/wp-content\/uploads\/2025\/02\/Sem-titulo-213.jpg?fit=1200%2C630&ssl=1","width":1200,"height":630},"datePublished":"2025-02-12T09:41:57-03:00","dateModified":"2025-02-12T09:42:00-03:00","inLanguage":"pt-BR","mainEntityOfPage":{"@id":"https:\/\/minutobahia24h.com.br\/?p=24357#webpage"},"isPartOf":{"@id":"https:\/\/minutobahia24h.com.br\/?p=24357#webpage"},"articleSection":"Not\u00edcia"},{"@type":"BreadcrumbList","@id":"https:\/\/minutobahia24h.com.br\/?p=24357#breadcrumblist","itemListElement":[{"@type":"ListItem","@id":"https:\/\/minutobahia24h.com.br#listItem","position":1,"name":"In\u00edcio","item":"https:\/\/minutobahia24h.com.br","nextItem":{"@type":"ListItem","@id":"https:\/\/minutobahia24h.com.br\/?cat=46#listItem","name":"Not\u00edcia"}},{"@type":"ListItem","@id":"https:\/\/minutobahia24h.com.br\/?cat=46#listItem","position":2,"name":"Not\u00edcia","item":"https:\/\/minutobahia24h.com.br\/?cat=46","nextItem":{"@type":"ListItem","@id":"https:\/\/minutobahia24h.com.br\/?p=24357#listItem","name":"Efeito Adolfo Menezes cria temor em C\u00e2maras de Vereadores na Bahia"},"previousItem":{"@type":"ListItem","@id":"https:\/\/minutobahia24h.com.br#listItem","name":"In\u00edcio"}},{"@type":"ListItem","@id":"https:\/\/minutobahia24h.com.br\/?p=24357#listItem","position":3,"name":"Efeito Adolfo Menezes cria temor em C\u00e2maras de Vereadores na Bahia","previousItem":{"@type":"ListItem","@id":"https:\/\/minutobahia24h.com.br\/?cat=46#listItem","name":"Not\u00edcia"}}]},{"@type":"Organization","@id":"https:\/\/minutobahia24h.com.br\/#organization","name":"Minuto Bahia 24h","description":"O seu portal de not\u00edcias","url":"https:\/\/minutobahia24h.com.br\/","logo":{"@type":"ImageObject","url":"https:\/\/i0.wp.com\/minutobahia24h.com.br\/wp-content\/uploads\/2023\/09\/cropped-minutoba.png?fit=457%2C119&ssl=1","@id":"https:\/\/minutobahia24h.com.br\/?p=24357\/#organizationLogo","width":457,"height":119},"image":{"@id":"https:\/\/minutobahia24h.com.br\/?p=24357\/#organizationLogo"}},{"@type":"Person","@id":"https:\/\/minutobahia24h.com.br\/?author=2#author","url":"https:\/\/minutobahia24h.com.br\/?author=2","name":"andre","image":{"@type":"ImageObject","@id":"https:\/\/minutobahia24h.com.br\/?p=24357#authorImage","url":"https:\/\/secure.gravatar.com\/avatar\/0ec5eafed5f3925c321625d79a680d589901b94bca787ae396a35f6c4a960922?s=96&d=mm&r=g","width":96,"height":96,"caption":"andre"}},{"@type":"WebPage","@id":"https:\/\/minutobahia24h.com.br\/?p=24357#webpage","url":"https:\/\/minutobahia24h.com.br\/?p=24357","name":"Efeito Adolfo Menezes cria temor em C\u00e2maras de Vereadores na Bahia - Minuto Bahia 24h","description":"A decis\u00e3o que anulou a recondu\u00e7\u00e3o pela terceira vez consecutiva de Adolfo Menezes (PSD) na presid\u00eancia da Assembleia Legislativa da Bahia (AL-BA) tem causado alvoro\u00e7o nas C\u00e2maras de Vereadores da Bahia. O temor \u00e9 de quem pode ter o mesmo destino, ap\u00f3s se eleger para um terceiro mandato seguido. Menezes vai recorrer ao mesmo Supremo Tribunal Federal","inLanguage":"pt-BR","isPartOf":{"@id":"https:\/\/minutobahia24h.com.br\/#website"},"breadcrumb":{"@id":"https:\/\/minutobahia24h.com.br\/?p=24357#breadcrumblist"},"author":{"@id":"https:\/\/minutobahia24h.com.br\/?author=2#author"},"creator":{"@id":"https:\/\/minutobahia24h.com.br\/?author=2#author"},"image":{"@type":"ImageObject","url":"https:\/\/i0.wp.com\/minutobahia24h.com.br\/wp-content\/uploads\/2025\/02\/Sem-titulo-213.jpg?fit=1200%2C630&ssl=1","@id":"https:\/\/minutobahia24h.com.br\/?p=24357\/#mainImage","width":1200,"height":630},"primaryImageOfPage":{"@id":"https:\/\/minutobahia24h.com.br\/?p=24357#mainImage"},"datePublished":"2025-02-12T09:41:57-03:00","dateModified":"2025-02-12T09:42:00-03:00"},{"@type":"WebSite","@id":"https:\/\/minutobahia24h.com.br\/#website","url":"https:\/\/minutobahia24h.com.br\/","name":"Minuto Bahia 24h","description":"O seu portal de not\u00edcias","inLanguage":"pt-BR","publisher":{"@id":"https:\/\/minutobahia24h.com.br\/#organization"}}]},"og:locale":"pt_BR","og:site_name":"Minuto Bahia 24h - O seu portal de not\u00edcias","og:type":"article","og:title":"Efeito Adolfo Menezes cria temor em C\u00e2maras de Vereadores na Bahia - Minuto Bahia 24h","og:description":"A decis\u00e3o que anulou a recondu\u00e7\u00e3o pela terceira vez consecutiva de Adolfo Menezes (PSD) na presid\u00eancia da Assembleia Legislativa da Bahia (AL-BA) tem causado alvoro\u00e7o nas C\u00e2maras de Vereadores da Bahia. O temor \u00e9 de quem pode ter o mesmo destino, ap\u00f3s se eleger para um terceiro mandato seguido. Menezes vai recorrer ao mesmo Supremo Tribunal Federal","og:url":"https:\/\/minutobahia24h.com.br\/?p=24357","og:image":"https:\/\/minutobahia24h.com.br\/wp-content\/uploads\/2025\/02\/Sem-titulo-213.jpg","og:image:secure_url":"https:\/\/minutobahia24h.com.br\/wp-content\/uploads\/2025\/02\/Sem-titulo-213.jpg","og:image:width":1200,"og:image:height":630,"article:published_time":"2025-02-12T12:41:57+00:00","article:modified_time":"2025-02-12T12:42:00+00:00","twitter:card":"summary_large_image","twitter:title":"Efeito Adolfo Menezes cria temor em C\u00e2maras de Vereadores na Bahia - Minuto Bahia 24h","twitter:description":"A decis\u00e3o que anulou a recondu\u00e7\u00e3o pela terceira vez consecutiva de Adolfo Menezes (PSD) na presid\u00eancia da Assembleia Legislativa da Bahia (AL-BA) tem causado alvoro\u00e7o nas C\u00e2maras de Vereadores da Bahia. O temor \u00e9 de quem pode ter o mesmo destino, ap\u00f3s se eleger para um terceiro mandato seguido. Menezes vai recorrer ao mesmo Supremo Tribunal Federal","twitter:image":"https:\/\/minutobahia24h.com.br\/wp-content\/uploads\/2025\/02\/Sem-titulo-213.jpg"},"aioseo_meta_data":{"post_id":"24357","title":null,"description":null,"keywords":null,"keyphrases":{"focus":{"keyphrase":"","score":0,"analysis":{"keyphraseInTitle":{"score":0,"maxScore":9,"error":1}}},"additional":[]},"primary_term":null,"canonical_url":null,"og_title":null,"og_description":null,"og_object_type":"default","og_image_type":"default","og_image_url":null,"og_image_width":null,"og_image_height":null,"og_image_custom_url":null,"og_image_custom_fields":null,"og_video":"","og_custom_url":null,"og_article_section":null,"og_article_tags":null,"twitter_use_og":true,"twitter_card":"default","twitter_image_type":"default","twitter_image_url":null,"twitter_image_custom_url":null,"twitter_image_custom_fields":null,"twitter_title":null,"twitter_description":null,"schema":{"blockGraphs":[],"customGraphs":[],"default":{"data":{"Article":[],"Course":[],"Dataset":[],"FAQPage":[],"Movie":[],"Person":[],"Product":[],"ProductReview":[],"Car":[],"Recipe":[],"Service":[],"SoftwareApplication":[],"WebPage":[]},"graphName":"BlogPosting","isEnabled":true},"graphs":[]},"schema_type":"default","schema_type_options":null,"pillar_content":false,"robots_default":true,"robots_noindex":false,"robots_noarchive":false,"robots_nosnippet":false,"robots_nofollow":false,"robots_noimageindex":false,"robots_noodp":false,"robots_notranslate":false,"robots_max_snippet":"-1","robots_max_videopreview":"-1","robots_max_imagepreview":"large","priority":null,"frequency":"default","local_seo":null,"breadcrumb_settings":null,"limit_modified_date":false,"ai":null,"created":"2025-02-12 12:42:00","updated":"2025-06-05 12:42:26","seo_analyzer_scan_date":null,"focus_keyword":null,"additional_keywords":null,"truseo_locale":null},"aioseo_breadcrumb":"<div class=\"aioseo-breadcrumbs\"><span class=\"aioseo-breadcrumb\">\n\t\t\t<a href=\"https:\/\/minutobahia24h.com.br\" title=\"In\u00edcio\">In\u00edcio<\/a>\n\t\t<\/span><span class=\"aioseo-breadcrumb-separator\">&raquo;<\/span><span class=\"aioseo-breadcrumb\">\n\t\t\t<a href=\"https:\/\/minutobahia24h.com.br\/?cat=46\" title=\"Not\u00edcia\">Not\u00edcia<\/a>\n\t\t<\/span><span class=\"aioseo-breadcrumb-separator\">&raquo;<\/span><span class=\"aioseo-breadcrumb\">\n\t\t\tEfeito Adolfo Menezes cria temor em C\u00e2maras de Vereadores na Bahia\n\t\t<\/span><\/div>","aioseo_breadcrumb_json":[{"label":"In\u00edcio","link":"https:\/\/minutobahia24h.com.br"},{"label":"Not\u00edcia","link":"https:\/\/minutobahia24h.com.br\/?cat=46"},{"label":"Efeito Adolfo Menezes cria temor em C\u00e2maras de Vereadores na Bahia","link":"https:\/\/minutobahia24h.com.br\/?p=24357"}],"jetpack_sharing_enabled":true,"jetpack_featured_media_url":"https:\/\/i0.wp.com\/minutobahia24h.com.br\/wp-content\/uploads\/2025\/02\/Sem-titulo-213.jpg?fit=1200%2C630&ssl=1","_links":{"self":[{"href":"https:\/\/minutobahia24h.com.br\/index.php?rest_route=\/wp\/v2\/posts\/24357","targetHints":{"allow":["GET"]}}],"collection":[{"href":"https:\/\/minutobahia24h.com.br\/index.php?rest_route=\/wp\/v2\/posts"}],"about":[{"href":"https:\/\/minutobahia24h.com.br\/index.php?rest_route=\/wp\/v2\/types\/post"}],"author":[{"embeddable":true,"href":"https:\/\/minutobahia24h.com.br\/index.php?rest_route=\/wp\/v2\/users\/2"}],"replies":[{"embeddable":true,"href":"https:\/\/minutobahia24h.com.br\/index.php?rest_route=%2Fwp%2Fv2%2Fcomments&post=24357"}],"version-history":[{"count":1,"href":"https:\/\/minutobahia24h.com.br\/index.php?rest_route=\/wp\/v2\/posts\/24357\/revisions"}],"predecessor-version":[{"id":24359,"href":"https:\/\/minutobahia24h.com.br\/index.php?rest_route=\/wp\/v2\/posts\/24357\/revisions\/24359"}],"wp:featuredmedia":[{"embeddable":true,"href":"https:\/\/minutobahia24h.com.br\/index.php?rest_route=\/wp\/v2\/media\/24358"}],"wp:attachment":[{"href":"https:\/\/minutobahia24h.com.br\/index.php?rest_route=%2Fwp%2Fv2%2Fmedia&parent=24357"}],"wp:term":[{"taxonomy":"category","embeddable":true,"href":"https:\/\/minutobahia24h.com.br\/index.php?rest_route=%2Fwp%2Fv2%2Fcategories&post=24357"},{"taxonomy":"post_tag","embeddable":true,"href":"https:\/\/minutobahia24h.com.br\/index.php?rest_route=%2Fwp%2Fv2%2Ftags&post=24357"}],"curies":[{"name":"wp","href":"https:\/\/api.w.org\/{rel}","templated":true}]}}