{"id":24354,"date":"2025-02-12T09:40:29","date_gmt":"2025-02-12T12:40:29","guid":{"rendered":"https:\/\/minutobahia24h.com.br\/?p=24354"},"modified":"2025-02-12T09:40:31","modified_gmt":"2025-02-12T12:40:31","slug":"jaques-wagner-diz-que-reducao-de-penas-do-8-1-e-pertinente-mas-rechaca-anistia","status":"publish","type":"post","link":"https:\/\/minutobahia24h.com.br\/?p=24354","title":{"rendered":"Jaques Wagner diz que redu\u00e7\u00e3o de penas do 8\/1 \u00e9 \u2018pertinente\u2019, mas recha\u00e7a anistia"},"content":{"rendered":"<div class=\"wp-block-image\">\n<figure class=\"aligncenter size-full\"><img data-recalc-dims=\"1\" fetchpriority=\"high\" decoding=\"async\" width=\"600\" height=\"420\" src=\"https:\/\/i0.wp.com\/minutobahia24h.com.br\/wp-content\/uploads\/2025\/02\/Sem-titulo-212.jpg?resize=600%2C420&#038;ssl=1\" alt=\"\" class=\"wp-image-24355\" srcset=\"https:\/\/i0.wp.com\/minutobahia24h.com.br\/wp-content\/uploads\/2025\/02\/Sem-titulo-212.jpg?w=600&amp;ssl=1 600w, https:\/\/i0.wp.com\/minutobahia24h.com.br\/wp-content\/uploads\/2025\/02\/Sem-titulo-212.jpg?resize=300%2C210&amp;ssl=1 300w\" sizes=\"(max-width: 600px) 100vw, 600px\" \/><figcaption class=\"wp-element-caption\">Foto: Ag\u00eancia Senado<br><\/figcaption><\/figure>\n<\/div>\n\n\n<p class=\"wp-block-paragraph\">O l\u00edder do governo no Senado, Jaques Wagner (PT-BA), admitiu que a redu\u00e7\u00e3o das penas dos condenados pelos atos golpistas de 8 de janeiro de 2023 \u00e9 algo \u201cpertinente\u201d, mas advertiu que anistiar esses crimes \u201c\u00e9 estimular [que aconte\u00e7am] outra vez\u201d. A declara\u00e7\u00e3o foi dada em entrevista ao Estad\u00e3o\/Broadcast.<\/p>\n\n\n\n<p class=\"wp-block-paragraph\">Contrariando muitos de seus aliados, Wagner disse que Bolsonaro n\u00e3o seria o \u00fanico pol\u00edtico competitivo na disputa contra Lula em 2026. Para ele, tanto faz se o ex-presidente for candidato ou n\u00e3o: quem ele escolher para ser seu candidato tamb\u00e9m ser\u00e1 forte. \u201cN\u00e3o tenho essa torcida obsessiva, de que ele tem que ficar interditado porque n\u00e3o pode ser candidato. Sinceramente, para mim, n\u00e3o muda muito. Ele pode estar vitimizado na cabe\u00e7a dos fan\u00e1ticos que o acompanham e o nome que ele aben\u00e7oar, eles v\u00e3o (apoiar)\u201d, afirmou Wagner.<\/p>\n\n\n\n<p class=\"wp-block-paragraph\">O senador disse ainda que o presidente Lula deve manter o vice-presidente Geraldo Alckmin no Minist\u00e9rio Desenvolvimento, Ind\u00fastria, Com\u00e9rcio e Servi\u00e7os (MDIC), contrariando o desejo de uma poss\u00edvel ida do ex-presidente do Senado Rodrigo Pacheco (PSD-MG) para a Pasta. Ele arriscou mais alguns palpites na reforma ministerial que o governo pretende fazer em breve: disse que Lula n\u00e3o deve \u201cmexer\u201d em Rui Costa (Casa Civil), em Alexandre Silveira (Minas e Energia) nem no titular da Agricultura, Carlos F\u00e1varo.<\/p>\n\n\n\n<p class=\"wp-block-paragraph\">Bahia.ba<\/p>\n","protected":false},"excerpt":{"rendered":"<p>O l\u00edder do governo no Senado, Jaques Wagner (PT-BA), admitiu que a redu\u00e7\u00e3o das penas dos condenados pelos atos golpistas de 8 de janeiro de 2023 \u00e9 algo \u201cpertinente\u201d, mas advertiu que anistiar esses crimes \u201c\u00e9 estimular [que aconte\u00e7am] outra vez\u201d. A declara\u00e7\u00e3o foi dada em entrevista ao Estad\u00e3o\/Broadcast. Contrariando muitos de seus aliados, Wagner [&hellip;]<\/p>\n","protected":false},"author":2,"featured_media":24355,"comment_status":"open","ping_status":"open","sticky":false,"template":"","format":"standard","meta":{"_jetpack_newsletter_access":"","_jetpack_dont_email_post_to_subs":false,"_jetpack_newsletter_tier_id":0,"_jetpack_memberships_contains_paywalled_content":false,"_jetpack_feature_clip_id":0,"_jetpack_memberships_contains_paid_content":false,"footnotes":"","jetpack_post_was_ever_published":false},"categories":[39],"tags":[],"class_list":["post-24354","post","type-post","status-publish","format-standard","has-post-thumbnail","hentry","category-politica"],"aioseo_notices":[],"aioseo_head":"\n\t\t<!-- All in One SEO 5.0.1.1 - aioseo.com -->\n\t<meta name=\"description\" content=\"O l\u00edder do governo no Senado, Jaques Wagner (PT-BA), admitiu que a redu\u00e7\u00e3o das penas dos condenados pelos atos golpistas de 8 de janeiro de 2023 \u00e9 algo \u201cpertinente\u201d, mas advertiu que anistiar esses crimes \u201c\u00e9 estimular [que aconte\u00e7am] outra vez\u201d. A declara\u00e7\u00e3o foi dada em entrevista ao Estad\u00e3o\/Broadcast. Contrariando muitos de seus aliados, Wagner\" \/>\n\t<meta name=\"robots\" content=\"max-image-preview:large\" \/>\n\t<meta name=\"author\" content=\"andre\"\/>\n\t<link rel=\"canonical\" href=\"https:\/\/minutobahia24h.com.br\/?p=24354\" \/>\n\t<meta name=\"generator\" content=\"All in One SEO (AIOSEO) 5.0.1.1\" \/>\n\t\t<meta property=\"og:locale\" content=\"pt_BR\" \/>\n\t\t<meta property=\"og:site_name\" content=\"Minuto Bahia 24h - O seu portal de not\u00edcias\" \/>\n\t\t<meta property=\"og:type\" content=\"article\" \/>\n\t\t<meta property=\"og:title\" content=\"Jaques Wagner diz que redu\u00e7\u00e3o de penas do 8\/1 \u00e9 \u2018pertinente\u2019, mas recha\u00e7a anistia - Minuto Bahia 24h\" \/>\n\t\t<meta property=\"og:description\" content=\"O l\u00edder do governo no Senado, Jaques Wagner (PT-BA), admitiu que a redu\u00e7\u00e3o das penas dos condenados pelos atos golpistas de 8 de janeiro de 2023 \u00e9 algo \u201cpertinente\u201d, mas advertiu que anistiar esses crimes \u201c\u00e9 estimular [que aconte\u00e7am] outra vez\u201d. A declara\u00e7\u00e3o foi dada em entrevista ao Estad\u00e3o\/Broadcast. Contrariando muitos de seus aliados, Wagner\" \/>\n\t\t<meta property=\"og:url\" content=\"https:\/\/minutobahia24h.com.br\/?p=24354\" \/>\n\t\t<meta property=\"og:image\" content=\"https:\/\/minutobahia24h.com.br\/wp-content\/uploads\/2025\/02\/Sem-titulo-212.jpg\" \/>\n\t\t<meta property=\"og:image:secure_url\" content=\"https:\/\/minutobahia24h.com.br\/wp-content\/uploads\/2025\/02\/Sem-titulo-212.jpg\" \/>\n\t\t<meta property=\"og:image:width\" content=\"600\" \/>\n\t\t<meta property=\"og:image:height\" content=\"420\" \/>\n\t\t<meta property=\"article:published_time\" content=\"2025-02-12T12:40:29+00:00\" \/>\n\t\t<meta property=\"article:modified_time\" content=\"2025-02-12T12:40:31+00:00\" \/>\n\t\t<meta name=\"twitter:card\" content=\"summary_large_image\" \/>\n\t\t<meta name=\"twitter:title\" content=\"Jaques Wagner diz que redu\u00e7\u00e3o de penas do 8\/1 \u00e9 \u2018pertinente\u2019, mas recha\u00e7a anistia - Minuto Bahia 24h\" \/>\n\t\t<meta name=\"twitter:description\" content=\"O l\u00edder do governo no Senado, Jaques Wagner (PT-BA), admitiu que a redu\u00e7\u00e3o das penas dos condenados pelos atos golpistas de 8 de janeiro de 2023 \u00e9 algo \u201cpertinente\u201d, mas advertiu que anistiar esses crimes \u201c\u00e9 estimular [que aconte\u00e7am] outra vez\u201d. A declara\u00e7\u00e3o foi dada em entrevista ao Estad\u00e3o\/Broadcast. Contrariando muitos de seus aliados, Wagner\" \/>\n\t\t<meta name=\"twitter:image\" content=\"https:\/\/minutobahia24h.com.br\/wp-content\/uploads\/2025\/02\/Sem-titulo-212.jpg\" \/>\n\t\t<script type=\"application\/ld+json\" class=\"aioseo-schema\">\n\t\t\t{\"@context\":\"https:\\\/\\\/schema.org\",\"@graph\":[{\"@type\":\"BlogPosting\",\"@id\":\"https:\\\/\\\/minutobahia24h.com.br\\\/?p=24354#blogposting\",\"name\":\"Jaques Wagner diz que redu\\u00e7\\u00e3o de penas do 8\\\/1 \\u00e9 \\u2018pertinente\\u2019, mas recha\\u00e7a anistia - Minuto Bahia 24h\",\"headline\":\"Jaques Wagner diz que redu\\u00e7\\u00e3o de penas do 8\\\/1 \\u00e9 \\u2018pertinente\\u2019, mas recha\\u00e7a anistia\",\"author\":{\"@id\":\"https:\\\/\\\/minutobahia24h.com.br\\\/?author=2#author\"},\"publisher\":{\"@id\":\"https:\\\/\\\/minutobahia24h.com.br\\\/#organization\"},\"image\":{\"@type\":\"ImageObject\",\"url\":\"https:\\\/\\\/i0.wp.com\\\/minutobahia24h.com.br\\\/wp-content\\\/uploads\\\/2025\\\/02\\\/Sem-titulo-212.jpg?fit=600%2C420&ssl=1\",\"width\":600,\"height\":420},\"datePublished\":\"2025-02-12T09:40:29-03:00\",\"dateModified\":\"2025-02-12T09:40:31-03:00\",\"inLanguage\":\"pt-BR\",\"mainEntityOfPage\":{\"@id\":\"https:\\\/\\\/minutobahia24h.com.br\\\/?p=24354#webpage\"},\"isPartOf\":{\"@id\":\"https:\\\/\\\/minutobahia24h.com.br\\\/?p=24354#webpage\"},\"articleSection\":\"Pol\\u00edtica\"},{\"@type\":\"BreadcrumbList\",\"@id\":\"https:\\\/\\\/minutobahia24h.com.br\\\/?p=24354#breadcrumblist\",\"itemListElement\":[{\"@type\":\"ListItem\",\"@id\":\"https:\\\/\\\/minutobahia24h.com.br#listItem\",\"position\":1,\"name\":\"In\\u00edcio\",\"item\":\"https:\\\/\\\/minutobahia24h.com.br\",\"nextItem\":{\"@type\":\"ListItem\",\"@id\":\"https:\\\/\\\/minutobahia24h.com.br\\\/?cat=39#listItem\",\"name\":\"Pol\\u00edtica\"}},{\"@type\":\"ListItem\",\"@id\":\"https:\\\/\\\/minutobahia24h.com.br\\\/?cat=39#listItem\",\"position\":2,\"name\":\"Pol\\u00edtica\",\"item\":\"https:\\\/\\\/minutobahia24h.com.br\\\/?cat=39\",\"nextItem\":{\"@type\":\"ListItem\",\"@id\":\"https:\\\/\\\/minutobahia24h.com.br\\\/?p=24354#listItem\",\"name\":\"Jaques Wagner diz que redu\\u00e7\\u00e3o de penas do 8\\\/1 \\u00e9 \\u2018pertinente\\u2019, mas recha\\u00e7a anistia\"},\"previousItem\":{\"@type\":\"ListItem\",\"@id\":\"https:\\\/\\\/minutobahia24h.com.br#listItem\",\"name\":\"In\\u00edcio\"}},{\"@type\":\"ListItem\",\"@id\":\"https:\\\/\\\/minutobahia24h.com.br\\\/?p=24354#listItem\",\"position\":3,\"name\":\"Jaques Wagner diz que redu\\u00e7\\u00e3o de penas do 8\\\/1 \\u00e9 \\u2018pertinente\\u2019, mas recha\\u00e7a anistia\",\"previousItem\":{\"@type\":\"ListItem\",\"@id\":\"https:\\\/\\\/minutobahia24h.com.br\\\/?cat=39#listItem\",\"name\":\"Pol\\u00edtica\"}}]},{\"@type\":\"Organization\",\"@id\":\"https:\\\/\\\/minutobahia24h.com.br\\\/#organization\",\"name\":\"Minuto Bahia 24h\",\"description\":\"O seu portal de not\\u00edcias\",\"url\":\"https:\\\/\\\/minutobahia24h.com.br\\\/\",\"logo\":{\"@type\":\"ImageObject\",\"url\":\"https:\\\/\\\/i0.wp.com\\\/minutobahia24h.com.br\\\/wp-content\\\/uploads\\\/2023\\\/09\\\/cropped-minutoba.png?fit=457%2C119&ssl=1\",\"@id\":\"https:\\\/\\\/minutobahia24h.com.br\\\/?p=24354\\\/#organizationLogo\",\"width\":457,\"height\":119},\"image\":{\"@id\":\"https:\\\/\\\/minutobahia24h.com.br\\\/?p=24354\\\/#organizationLogo\"}},{\"@type\":\"Person\",\"@id\":\"https:\\\/\\\/minutobahia24h.com.br\\\/?author=2#author\",\"url\":\"https:\\\/\\\/minutobahia24h.com.br\\\/?author=2\",\"name\":\"andre\",\"image\":{\"@type\":\"ImageObject\",\"@id\":\"https:\\\/\\\/minutobahia24h.com.br\\\/?p=24354#authorImage\",\"url\":\"https:\\\/\\\/secure.gravatar.com\\\/avatar\\\/0ec5eafed5f3925c321625d79a680d589901b94bca787ae396a35f6c4a960922?s=96&d=mm&r=g\",\"width\":96,\"height\":96,\"caption\":\"andre\"}},{\"@type\":\"WebPage\",\"@id\":\"https:\\\/\\\/minutobahia24h.com.br\\\/?p=24354#webpage\",\"url\":\"https:\\\/\\\/minutobahia24h.com.br\\\/?p=24354\",\"name\":\"Jaques Wagner diz que redu\\u00e7\\u00e3o de penas do 8\\\/1 \\u00e9 \\u2018pertinente\\u2019, mas recha\\u00e7a anistia - Minuto Bahia 24h\",\"description\":\"O l\\u00edder do governo no Senado, Jaques Wagner (PT-BA), admitiu que a redu\\u00e7\\u00e3o das penas dos condenados pelos atos golpistas de 8 de janeiro de 2023 \\u00e9 algo \\u201cpertinente\\u201d, mas advertiu que anistiar esses crimes \\u201c\\u00e9 estimular [que aconte\\u00e7am] outra vez\\u201d. A declara\\u00e7\\u00e3o foi dada em entrevista ao Estad\\u00e3o\\\/Broadcast. Contrariando muitos de seus aliados, Wagner\",\"inLanguage\":\"pt-BR\",\"isPartOf\":{\"@id\":\"https:\\\/\\\/minutobahia24h.com.br\\\/#website\"},\"breadcrumb\":{\"@id\":\"https:\\\/\\\/minutobahia24h.com.br\\\/?p=24354#breadcrumblist\"},\"author\":{\"@id\":\"https:\\\/\\\/minutobahia24h.com.br\\\/?author=2#author\"},\"creator\":{\"@id\":\"https:\\\/\\\/minutobahia24h.com.br\\\/?author=2#author\"},\"image\":{\"@type\":\"ImageObject\",\"url\":\"https:\\\/\\\/i0.wp.com\\\/minutobahia24h.com.br\\\/wp-content\\\/uploads\\\/2025\\\/02\\\/Sem-titulo-212.jpg?fit=600%2C420&ssl=1\",\"@id\":\"https:\\\/\\\/minutobahia24h.com.br\\\/?p=24354\\\/#mainImage\",\"width\":600,\"height\":420},\"primaryImageOfPage\":{\"@id\":\"https:\\\/\\\/minutobahia24h.com.br\\\/?p=24354#mainImage\"},\"datePublished\":\"2025-02-12T09:40:29-03:00\",\"dateModified\":\"2025-02-12T09:40:31-03:00\"},{\"@type\":\"WebSite\",\"@id\":\"https:\\\/\\\/minutobahia24h.com.br\\\/#website\",\"url\":\"https:\\\/\\\/minutobahia24h.com.br\\\/\",\"name\":\"Minuto Bahia 24h\",\"description\":\"O seu portal de not\\u00edcias\",\"inLanguage\":\"pt-BR\",\"publisher\":{\"@id\":\"https:\\\/\\\/minutobahia24h.com.br\\\/#organization\"}}]}\n\t\t<\/script>\n\t\t<!-- All in One SEO -->\n\n","aioseo_head_json":{"title":"Jaques Wagner diz que redu\u00e7\u00e3o de penas do 8\/1 \u00e9 \u2018pertinente\u2019, mas recha\u00e7a anistia - Minuto Bahia 24h","description":"O l\u00edder do governo no Senado, Jaques Wagner (PT-BA), admitiu que a redu\u00e7\u00e3o das penas dos condenados pelos atos golpistas de 8 de janeiro de 2023 \u00e9 algo \u201cpertinente\u201d, mas advertiu que anistiar esses crimes \u201c\u00e9 estimular [que aconte\u00e7am] outra vez\u201d. A declara\u00e7\u00e3o foi dada em entrevista ao Estad\u00e3o\/Broadcast. Contrariando muitos de seus aliados, Wagner","canonical_url":"https:\/\/minutobahia24h.com.br\/?p=24354","robots":"max-image-preview:large","keywords":"","webmasterTools":{"miscellaneous":""},"schema":{"@context":"https:\/\/schema.org","@graph":[{"@type":"BlogPosting","@id":"https:\/\/minutobahia24h.com.br\/?p=24354#blogposting","name":"Jaques Wagner diz que redu\u00e7\u00e3o de penas do 8\/1 \u00e9 \u2018pertinente\u2019, mas recha\u00e7a anistia - Minuto Bahia 24h","headline":"Jaques Wagner diz que redu\u00e7\u00e3o de penas do 8\/1 \u00e9 \u2018pertinente\u2019, mas recha\u00e7a anistia","author":{"@id":"https:\/\/minutobahia24h.com.br\/?author=2#author"},"publisher":{"@id":"https:\/\/minutobahia24h.com.br\/#organization"},"image":{"@type":"ImageObject","url":"https:\/\/i0.wp.com\/minutobahia24h.com.br\/wp-content\/uploads\/2025\/02\/Sem-titulo-212.jpg?fit=600%2C420&ssl=1","width":600,"height":420},"datePublished":"2025-02-12T09:40:29-03:00","dateModified":"2025-02-12T09:40:31-03:00","inLanguage":"pt-BR","mainEntityOfPage":{"@id":"https:\/\/minutobahia24h.com.br\/?p=24354#webpage"},"isPartOf":{"@id":"https:\/\/minutobahia24h.com.br\/?p=24354#webpage"},"articleSection":"Pol\u00edtica"},{"@type":"BreadcrumbList","@id":"https:\/\/minutobahia24h.com.br\/?p=24354#breadcrumblist","itemListElement":[{"@type":"ListItem","@id":"https:\/\/minutobahia24h.com.br#listItem","position":1,"name":"In\u00edcio","item":"https:\/\/minutobahia24h.com.br","nextItem":{"@type":"ListItem","@id":"https:\/\/minutobahia24h.com.br\/?cat=39#listItem","name":"Pol\u00edtica"}},{"@type":"ListItem","@id":"https:\/\/minutobahia24h.com.br\/?cat=39#listItem","position":2,"name":"Pol\u00edtica","item":"https:\/\/minutobahia24h.com.br\/?cat=39","nextItem":{"@type":"ListItem","@id":"https:\/\/minutobahia24h.com.br\/?p=24354#listItem","name":"Jaques Wagner diz que redu\u00e7\u00e3o de penas do 8\/1 \u00e9 \u2018pertinente\u2019, mas recha\u00e7a anistia"},"previousItem":{"@type":"ListItem","@id":"https:\/\/minutobahia24h.com.br#listItem","name":"In\u00edcio"}},{"@type":"ListItem","@id":"https:\/\/minutobahia24h.com.br\/?p=24354#listItem","position":3,"name":"Jaques Wagner diz que redu\u00e7\u00e3o de penas do 8\/1 \u00e9 \u2018pertinente\u2019, mas recha\u00e7a anistia","previousItem":{"@type":"ListItem","@id":"https:\/\/minutobahia24h.com.br\/?cat=39#listItem","name":"Pol\u00edtica"}}]},{"@type":"Organization","@id":"https:\/\/minutobahia24h.com.br\/#organization","name":"Minuto Bahia 24h","description":"O seu portal de not\u00edcias","url":"https:\/\/minutobahia24h.com.br\/","logo":{"@type":"ImageObject","url":"https:\/\/i0.wp.com\/minutobahia24h.com.br\/wp-content\/uploads\/2023\/09\/cropped-minutoba.png?fit=457%2C119&ssl=1","@id":"https:\/\/minutobahia24h.com.br\/?p=24354\/#organizationLogo","width":457,"height":119},"image":{"@id":"https:\/\/minutobahia24h.com.br\/?p=24354\/#organizationLogo"}},{"@type":"Person","@id":"https:\/\/minutobahia24h.com.br\/?author=2#author","url":"https:\/\/minutobahia24h.com.br\/?author=2","name":"andre","image":{"@type":"ImageObject","@id":"https:\/\/minutobahia24h.com.br\/?p=24354#authorImage","url":"https:\/\/secure.gravatar.com\/avatar\/0ec5eafed5f3925c321625d79a680d589901b94bca787ae396a35f6c4a960922?s=96&d=mm&r=g","width":96,"height":96,"caption":"andre"}},{"@type":"WebPage","@id":"https:\/\/minutobahia24h.com.br\/?p=24354#webpage","url":"https:\/\/minutobahia24h.com.br\/?p=24354","name":"Jaques Wagner diz que redu\u00e7\u00e3o de penas do 8\/1 \u00e9 \u2018pertinente\u2019, mas recha\u00e7a anistia - Minuto Bahia 24h","description":"O l\u00edder do governo no Senado, Jaques Wagner (PT-BA), admitiu que a redu\u00e7\u00e3o das penas dos condenados pelos atos golpistas de 8 de janeiro de 2023 \u00e9 algo \u201cpertinente\u201d, mas advertiu que anistiar esses crimes \u201c\u00e9 estimular [que aconte\u00e7am] outra vez\u201d. A declara\u00e7\u00e3o foi dada em entrevista ao Estad\u00e3o\/Broadcast. Contrariando muitos de seus aliados, Wagner","inLanguage":"pt-BR","isPartOf":{"@id":"https:\/\/minutobahia24h.com.br\/#website"},"breadcrumb":{"@id":"https:\/\/minutobahia24h.com.br\/?p=24354#breadcrumblist"},"author":{"@id":"https:\/\/minutobahia24h.com.br\/?author=2#author"},"creator":{"@id":"https:\/\/minutobahia24h.com.br\/?author=2#author"},"image":{"@type":"ImageObject","url":"https:\/\/i0.wp.com\/minutobahia24h.com.br\/wp-content\/uploads\/2025\/02\/Sem-titulo-212.jpg?fit=600%2C420&ssl=1","@id":"https:\/\/minutobahia24h.com.br\/?p=24354\/#mainImage","width":600,"height":420},"primaryImageOfPage":{"@id":"https:\/\/minutobahia24h.com.br\/?p=24354#mainImage"},"datePublished":"2025-02-12T09:40:29-03:00","dateModified":"2025-02-12T09:40:31-03:00"},{"@type":"WebSite","@id":"https:\/\/minutobahia24h.com.br\/#website","url":"https:\/\/minutobahia24h.com.br\/","name":"Minuto Bahia 24h","description":"O seu portal de not\u00edcias","inLanguage":"pt-BR","publisher":{"@id":"https:\/\/minutobahia24h.com.br\/#organization"}}]},"og:locale":"pt_BR","og:site_name":"Minuto Bahia 24h - O seu portal de not\u00edcias","og:type":"article","og:title":"Jaques Wagner diz que redu\u00e7\u00e3o de penas do 8\/1 \u00e9 \u2018pertinente\u2019, mas recha\u00e7a anistia - Minuto Bahia 24h","og:description":"O l\u00edder do governo no Senado, Jaques Wagner (PT-BA), admitiu que a redu\u00e7\u00e3o das penas dos condenados pelos atos golpistas de 8 de janeiro de 2023 \u00e9 algo \u201cpertinente\u201d, mas advertiu que anistiar esses crimes \u201c\u00e9 estimular [que aconte\u00e7am] outra vez\u201d. A declara\u00e7\u00e3o foi dada em entrevista ao Estad\u00e3o\/Broadcast. Contrariando muitos de seus aliados, Wagner","og:url":"https:\/\/minutobahia24h.com.br\/?p=24354","og:image":"https:\/\/minutobahia24h.com.br\/wp-content\/uploads\/2025\/02\/Sem-titulo-212.jpg","og:image:secure_url":"https:\/\/minutobahia24h.com.br\/wp-content\/uploads\/2025\/02\/Sem-titulo-212.jpg","og:image:width":600,"og:image:height":420,"article:published_time":"2025-02-12T12:40:29+00:00","article:modified_time":"2025-02-12T12:40:31+00:00","twitter:card":"summary_large_image","twitter:title":"Jaques Wagner diz que redu\u00e7\u00e3o de penas do 8\/1 \u00e9 \u2018pertinente\u2019, mas recha\u00e7a anistia - Minuto Bahia 24h","twitter:description":"O l\u00edder do governo no Senado, Jaques Wagner (PT-BA), admitiu que a redu\u00e7\u00e3o das penas dos condenados pelos atos golpistas de 8 de janeiro de 2023 \u00e9 algo \u201cpertinente\u201d, mas advertiu que anistiar esses crimes \u201c\u00e9 estimular [que aconte\u00e7am] outra vez\u201d. A declara\u00e7\u00e3o foi dada em entrevista ao Estad\u00e3o\/Broadcast. Contrariando muitos de seus aliados, Wagner","twitter:image":"https:\/\/minutobahia24h.com.br\/wp-content\/uploads\/2025\/02\/Sem-titulo-212.jpg"},"aioseo_meta_data":{"post_id":"24354","title":null,"description":null,"keywords":null,"keyphrases":{"focus":{"keyphrase":"","score":0,"analysis":{"keyphraseInTitle":{"score":0,"maxScore":9,"error":1}}},"additional":[]},"primary_term":null,"canonical_url":null,"og_title":null,"og_description":null,"og_object_type":"default","og_image_type":"default","og_image_url":null,"og_image_width":null,"og_image_height":null,"og_image_custom_url":null,"og_image_custom_fields":null,"og_video":"","og_custom_url":null,"og_article_section":null,"og_article_tags":null,"twitter_use_og":true,"twitter_card":"default","twitter_image_type":"default","twitter_image_url":null,"twitter_image_custom_url":null,"twitter_image_custom_fields":null,"twitter_title":null,"twitter_description":null,"schema":{"blockGraphs":[],"customGraphs":[],"default":{"data":{"Article":[],"Course":[],"Dataset":[],"FAQPage":[],"Movie":[],"Person":[],"Product":[],"ProductReview":[],"Car":[],"Recipe":[],"Service":[],"SoftwareApplication":[],"WebPage":[]},"graphName":"BlogPosting","isEnabled":true},"graphs":[]},"schema_type":"default","schema_type_options":null,"pillar_content":false,"robots_default":true,"robots_noindex":false,"robots_noarchive":false,"robots_nosnippet":false,"robots_nofollow":false,"robots_noimageindex":false,"robots_noodp":false,"robots_notranslate":false,"robots_max_snippet":"-1","robots_max_videopreview":"-1","robots_max_imagepreview":"large","priority":null,"frequency":"default","local_seo":null,"breadcrumb_settings":null,"limit_modified_date":false,"ai":null,"created":"2025-02-12 12:40:31","updated":"2025-06-05 12:42:26","seo_analyzer_scan_date":null,"focus_keyword":null,"additional_keywords":null,"truseo_locale":null},"aioseo_breadcrumb":"<div class=\"aioseo-breadcrumbs\"><span class=\"aioseo-breadcrumb\">\n\t\t\t<a href=\"https:\/\/minutobahia24h.com.br\" title=\"In\u00edcio\">In\u00edcio<\/a>\n\t\t<\/span><span class=\"aioseo-breadcrumb-separator\">&raquo;<\/span><span class=\"aioseo-breadcrumb\">\n\t\t\t<a href=\"https:\/\/minutobahia24h.com.br\/?cat=39\" title=\"Pol\u00edtica\">Pol\u00edtica<\/a>\n\t\t<\/span><span class=\"aioseo-breadcrumb-separator\">&raquo;<\/span><span class=\"aioseo-breadcrumb\">\n\t\t\tJaques Wagner diz que redu\u00e7\u00e3o de penas do 8\/1 \u00e9 \u2018pertinente\u2019, mas recha\u00e7a anistia\n\t\t<\/span><\/div>","aioseo_breadcrumb_json":[{"label":"In\u00edcio","link":"https:\/\/minutobahia24h.com.br"},{"label":"Pol\u00edtica","link":"https:\/\/minutobahia24h.com.br\/?cat=39"},{"label":"Jaques Wagner diz que redu\u00e7\u00e3o de penas do 8\/1 \u00e9 \u2018pertinente\u2019, mas recha\u00e7a anistia","link":"https:\/\/minutobahia24h.com.br\/?p=24354"}],"jetpack_sharing_enabled":true,"jetpack_featured_media_url":"https:\/\/i0.wp.com\/minutobahia24h.com.br\/wp-content\/uploads\/2025\/02\/Sem-titulo-212.jpg?fit=600%2C420&ssl=1","_links":{"self":[{"href":"https:\/\/minutobahia24h.com.br\/index.php?rest_route=\/wp\/v2\/posts\/24354","targetHints":{"allow":["GET"]}}],"collection":[{"href":"https:\/\/minutobahia24h.com.br\/index.php?rest_route=\/wp\/v2\/posts"}],"about":[{"href":"https:\/\/minutobahia24h.com.br\/index.php?rest_route=\/wp\/v2\/types\/post"}],"author":[{"embeddable":true,"href":"https:\/\/minutobahia24h.com.br\/index.php?rest_route=\/wp\/v2\/users\/2"}],"replies":[{"embeddable":true,"href":"https:\/\/minutobahia24h.com.br\/index.php?rest_route=%2Fwp%2Fv2%2Fcomments&post=24354"}],"version-history":[{"count":1,"href":"https:\/\/minutobahia24h.com.br\/index.php?rest_route=\/wp\/v2\/posts\/24354\/revisions"}],"predecessor-version":[{"id":24356,"href":"https:\/\/minutobahia24h.com.br\/index.php?rest_route=\/wp\/v2\/posts\/24354\/revisions\/24356"}],"wp:featuredmedia":[{"embeddable":true,"href":"https:\/\/minutobahia24h.com.br\/index.php?rest_route=\/wp\/v2\/media\/24355"}],"wp:attachment":[{"href":"https:\/\/minutobahia24h.com.br\/index.php?rest_route=%2Fwp%2Fv2%2Fmedia&parent=24354"}],"wp:term":[{"taxonomy":"category","embeddable":true,"href":"https:\/\/minutobahia24h.com.br\/index.php?rest_route=%2Fwp%2Fv2%2Fcategories&post=24354"},{"taxonomy":"post_tag","embeddable":true,"href":"https:\/\/minutobahia24h.com.br\/index.php?rest_route=%2Fwp%2Fv2%2Ftags&post=24354"}],"curies":[{"name":"wp","href":"https:\/\/api.w.org\/{rel}","templated":true}]}}