{"id":24351,"date":"2025-02-12T09:39:10","date_gmt":"2025-02-12T12:39:10","guid":{"rendered":"https:\/\/minutobahia24h.com.br\/?p=24351"},"modified":"2025-02-12T09:39:11","modified_gmt":"2025-02-12T12:39:11","slug":"guarda-que-atirou-em-jovem-no-pelourinho-e-afastado-do-trabalho-nas-ruas","status":"publish","type":"post","link":"https:\/\/minutobahia24h.com.br\/?p=24351","title":{"rendered":"Guarda que atirou em jovem no Pelourinho \u00e9 afastado do trabalho nas ruas"},"content":{"rendered":"<div class=\"wp-block-image\">\n<figure class=\"aligncenter size-full\"><img data-recalc-dims=\"1\" fetchpriority=\"high\" decoding=\"async\" width=\"600\" height=\"420\" src=\"https:\/\/i0.wp.com\/minutobahia24h.com.br\/wp-content\/uploads\/2025\/02\/Sem-titulo-211.jpg?resize=600%2C420&#038;ssl=1\" alt=\"\" class=\"wp-image-24352\" srcset=\"https:\/\/i0.wp.com\/minutobahia24h.com.br\/wp-content\/uploads\/2025\/02\/Sem-titulo-211.jpg?w=600&amp;ssl=1 600w, https:\/\/i0.wp.com\/minutobahia24h.com.br\/wp-content\/uploads\/2025\/02\/Sem-titulo-211.jpg?resize=300%2C210&amp;ssl=1 300w\" sizes=\"(max-width: 600px) 100vw, 600px\" \/><figcaption class=\"wp-element-caption\">Imagem: Reprodu\u00e7\u00e3o\/Redes sociais<br><\/figcaption><\/figure>\n<\/div>\n\n\n<p class=\"wp-block-paragraph\">A GCM (Guarda Civil Municipal) de Salvador afastou do trabalho nas ruas o&nbsp;<a href=\"https:\/\/bahia.ba\/salvador\/video-guarda-municipal-atira-em-homem-durante-abordagem-policia-apura-caso\/\">agente que atirou em um jovem durante uma abordagem no Pelourinho<\/a>, Centro Hist\u00f3rico de Salvador, na segunda-feira (10). A informa\u00e7\u00e3o \u00e9 do jornal Correio. O nome do profissional n\u00e3o foi divulgado. O caso aconteceu na Rua das Flores, quando o guarda algemava um outro rapaz, que acabou alvejado nas costas por uma pistola de condutividade el\u00e9trica. Ele precisou ser levado \u00e0 UPA (Unidade de Pronto Atendimento) dos Barris para a retirada de dardos do dispositivo.<\/p>\n\n\n\n<p class=\"wp-block-paragraph\">Em seguida, ele prestou depoimento na Central de Flagrantes. A Pol\u00edcia Civil, que investiga o caso, informou que o homem, de 23 anos, acabou liberado ap\u00f3s assinar um TCO (Termo Circunstanciado de Ocorr\u00eancia) por resist\u00eancia.<\/p>\n\n\n\n<p class=\"wp-block-paragraph\">O rapaz que tentou intervir na a\u00e7\u00e3o, contudo, n\u00e3o foi atingido.<\/p>\n\n\n\n<p class=\"wp-block-paragraph\">Segundo a GCM, o afastamento do agente \u00e9 um procedimento padr\u00e3o. \u201cTodo GCM envolvido em qualquer situa\u00e7\u00e3o com disparo de arma de fogo \u00e9 direcionado para acompanhamento com psic\u00f3logo e reciclagem. Logo, o guarda fica em atividade administrativa. Nesse caso, h\u00e1 acompanhamento da Corregedoria\u201d, diz o \u00f3rg\u00e3o.<\/p>\n\n\n\n<p class=\"wp-block-paragraph\">O epis\u00f3dio gerou revolta entre pessoas que presenciaram a cena.<\/p>\n\n\n\n<p class=\"wp-block-paragraph\">Imagens feitas por pessoas que estavam na regi\u00e3o mostram o agente segurando o alvo da abordagem pr\u00f3ximo a uma viatura. Quando um homem na cal\u00e7ada se aproxima, o guarda pede para que ele se afaste. Em seguida, ele faz um disparo em dire\u00e7\u00e3o ao rapaz. \u201cVolta, desgra\u00e7a\u201d, grita o guarda.<\/p>\n\n\n\n<p class=\"wp-block-paragraph\">Em nota, a GCM informou que se tratou de um disparo el\u00e9trico para dispers\u00e3o, j\u00e1 que o homem que se aproximava da equipe de forma agressiva.<\/p>\n\n\n\n<p class=\"wp-block-paragraph\">Bahia.ba<\/p>\n","protected":false},"excerpt":{"rendered":"<p>A GCM (Guarda Civil Municipal) de Salvador afastou do trabalho nas ruas o&nbsp;agente que atirou em um jovem durante uma abordagem no Pelourinho, Centro Hist\u00f3rico de Salvador, na segunda-feira (10). A informa\u00e7\u00e3o \u00e9 do jornal Correio. O nome do profissional n\u00e3o foi divulgado. O caso aconteceu na Rua das Flores, quando o guarda algemava um [&hellip;]<\/p>\n","protected":false},"author":2,"featured_media":24352,"comment_status":"open","ping_status":"open","sticky":false,"template":"","format":"standard","meta":{"_jetpack_newsletter_access":"","_jetpack_dont_email_post_to_subs":false,"_jetpack_newsletter_tier_id":0,"_jetpack_memberships_contains_paywalled_content":false,"_jetpack_feature_clip_id":0,"_jetpack_memberships_contains_paid_content":false,"footnotes":"","jetpack_post_was_ever_published":false},"categories":[46],"tags":[],"class_list":["post-24351","post","type-post","status-publish","format-standard","has-post-thumbnail","hentry","category-noticia"],"aioseo_notices":[],"aioseo_head":"\n\t\t<!-- All in One SEO 5.0.1.1 - aioseo.com -->\n\t<meta name=\"description\" content=\"A GCM (Guarda Civil Municipal) de Salvador afastou do trabalho nas ruas o agente que atirou em um jovem durante uma abordagem no Pelourinho, Centro Hist\u00f3rico de Salvador, na segunda-feira (10). A informa\u00e7\u00e3o \u00e9 do jornal Correio. O nome do profissional n\u00e3o foi divulgado. O caso aconteceu na Rua das Flores, quando o guarda algemava um\" \/>\n\t<meta name=\"robots\" content=\"max-image-preview:large\" \/>\n\t<meta name=\"author\" content=\"andre\"\/>\n\t<link rel=\"canonical\" href=\"https:\/\/minutobahia24h.com.br\/?p=24351\" \/>\n\t<meta name=\"generator\" content=\"All in One SEO (AIOSEO) 5.0.1.1\" \/>\n\t\t<meta property=\"og:locale\" content=\"pt_BR\" \/>\n\t\t<meta property=\"og:site_name\" content=\"Minuto Bahia 24h - O seu portal de not\u00edcias\" \/>\n\t\t<meta property=\"og:type\" content=\"article\" \/>\n\t\t<meta property=\"og:title\" content=\"Guarda que atirou em jovem no Pelourinho \u00e9 afastado do trabalho nas ruas - Minuto Bahia 24h\" \/>\n\t\t<meta property=\"og:description\" content=\"A GCM (Guarda Civil Municipal) de Salvador afastou do trabalho nas ruas o agente que atirou em um jovem durante uma abordagem no Pelourinho, Centro Hist\u00f3rico de Salvador, na segunda-feira (10). A informa\u00e7\u00e3o \u00e9 do jornal Correio. O nome do profissional n\u00e3o foi divulgado. O caso aconteceu na Rua das Flores, quando o guarda algemava um\" \/>\n\t\t<meta property=\"og:url\" content=\"https:\/\/minutobahia24h.com.br\/?p=24351\" \/>\n\t\t<meta property=\"og:image\" content=\"https:\/\/minutobahia24h.com.br\/wp-content\/uploads\/2025\/02\/Sem-titulo-211.jpg\" \/>\n\t\t<meta property=\"og:image:secure_url\" content=\"https:\/\/minutobahia24h.com.br\/wp-content\/uploads\/2025\/02\/Sem-titulo-211.jpg\" \/>\n\t\t<meta property=\"og:image:width\" content=\"600\" \/>\n\t\t<meta property=\"og:image:height\" content=\"420\" \/>\n\t\t<meta property=\"article:published_time\" content=\"2025-02-12T12:39:10+00:00\" \/>\n\t\t<meta property=\"article:modified_time\" content=\"2025-02-12T12:39:11+00:00\" \/>\n\t\t<meta name=\"twitter:card\" content=\"summary_large_image\" \/>\n\t\t<meta name=\"twitter:title\" content=\"Guarda que atirou em jovem no Pelourinho \u00e9 afastado do trabalho nas ruas - Minuto Bahia 24h\" \/>\n\t\t<meta name=\"twitter:description\" content=\"A GCM (Guarda Civil Municipal) de Salvador afastou do trabalho nas ruas o agente que atirou em um jovem durante uma abordagem no Pelourinho, Centro Hist\u00f3rico de Salvador, na segunda-feira (10). A informa\u00e7\u00e3o \u00e9 do jornal Correio. O nome do profissional n\u00e3o foi divulgado. O caso aconteceu na Rua das Flores, quando o guarda algemava um\" \/>\n\t\t<meta name=\"twitter:image\" content=\"https:\/\/minutobahia24h.com.br\/wp-content\/uploads\/2025\/02\/Sem-titulo-211.jpg\" \/>\n\t\t<script type=\"application\/ld+json\" class=\"aioseo-schema\">\n\t\t\t{\"@context\":\"https:\\\/\\\/schema.org\",\"@graph\":[{\"@type\":\"BlogPosting\",\"@id\":\"https:\\\/\\\/minutobahia24h.com.br\\\/?p=24351#blogposting\",\"name\":\"Guarda que atirou em jovem no Pelourinho \\u00e9 afastado do trabalho nas ruas - Minuto Bahia 24h\",\"headline\":\"Guarda que atirou em jovem no Pelourinho \\u00e9 afastado do trabalho nas ruas\",\"author\":{\"@id\":\"https:\\\/\\\/minutobahia24h.com.br\\\/?author=2#author\"},\"publisher\":{\"@id\":\"https:\\\/\\\/minutobahia24h.com.br\\\/#organization\"},\"image\":{\"@type\":\"ImageObject\",\"url\":\"https:\\\/\\\/i0.wp.com\\\/minutobahia24h.com.br\\\/wp-content\\\/uploads\\\/2025\\\/02\\\/Sem-titulo-211.jpg?fit=600%2C420&ssl=1\",\"width\":600,\"height\":420},\"datePublished\":\"2025-02-12T09:39:10-03:00\",\"dateModified\":\"2025-02-12T09:39:11-03:00\",\"inLanguage\":\"pt-BR\",\"mainEntityOfPage\":{\"@id\":\"https:\\\/\\\/minutobahia24h.com.br\\\/?p=24351#webpage\"},\"isPartOf\":{\"@id\":\"https:\\\/\\\/minutobahia24h.com.br\\\/?p=24351#webpage\"},\"articleSection\":\"Not\\u00edcia\"},{\"@type\":\"BreadcrumbList\",\"@id\":\"https:\\\/\\\/minutobahia24h.com.br\\\/?p=24351#breadcrumblist\",\"itemListElement\":[{\"@type\":\"ListItem\",\"@id\":\"https:\\\/\\\/minutobahia24h.com.br#listItem\",\"position\":1,\"name\":\"In\\u00edcio\",\"item\":\"https:\\\/\\\/minutobahia24h.com.br\",\"nextItem\":{\"@type\":\"ListItem\",\"@id\":\"https:\\\/\\\/minutobahia24h.com.br\\\/?cat=46#listItem\",\"name\":\"Not\\u00edcia\"}},{\"@type\":\"ListItem\",\"@id\":\"https:\\\/\\\/minutobahia24h.com.br\\\/?cat=46#listItem\",\"position\":2,\"name\":\"Not\\u00edcia\",\"item\":\"https:\\\/\\\/minutobahia24h.com.br\\\/?cat=46\",\"nextItem\":{\"@type\":\"ListItem\",\"@id\":\"https:\\\/\\\/minutobahia24h.com.br\\\/?p=24351#listItem\",\"name\":\"Guarda que atirou em jovem no Pelourinho \\u00e9 afastado do trabalho nas ruas\"},\"previousItem\":{\"@type\":\"ListItem\",\"@id\":\"https:\\\/\\\/minutobahia24h.com.br#listItem\",\"name\":\"In\\u00edcio\"}},{\"@type\":\"ListItem\",\"@id\":\"https:\\\/\\\/minutobahia24h.com.br\\\/?p=24351#listItem\",\"position\":3,\"name\":\"Guarda que atirou em jovem no Pelourinho \\u00e9 afastado do trabalho nas ruas\",\"previousItem\":{\"@type\":\"ListItem\",\"@id\":\"https:\\\/\\\/minutobahia24h.com.br\\\/?cat=46#listItem\",\"name\":\"Not\\u00edcia\"}}]},{\"@type\":\"Organization\",\"@id\":\"https:\\\/\\\/minutobahia24h.com.br\\\/#organization\",\"name\":\"Minuto Bahia 24h\",\"description\":\"O seu portal de not\\u00edcias\",\"url\":\"https:\\\/\\\/minutobahia24h.com.br\\\/\",\"logo\":{\"@type\":\"ImageObject\",\"url\":\"https:\\\/\\\/i0.wp.com\\\/minutobahia24h.com.br\\\/wp-content\\\/uploads\\\/2023\\\/09\\\/cropped-minutoba.png?fit=457%2C119&ssl=1\",\"@id\":\"https:\\\/\\\/minutobahia24h.com.br\\\/?p=24351\\\/#organizationLogo\",\"width\":457,\"height\":119},\"image\":{\"@id\":\"https:\\\/\\\/minutobahia24h.com.br\\\/?p=24351\\\/#organizationLogo\"}},{\"@type\":\"Person\",\"@id\":\"https:\\\/\\\/minutobahia24h.com.br\\\/?author=2#author\",\"url\":\"https:\\\/\\\/minutobahia24h.com.br\\\/?author=2\",\"name\":\"andre\",\"image\":{\"@type\":\"ImageObject\",\"@id\":\"https:\\\/\\\/minutobahia24h.com.br\\\/?p=24351#authorImage\",\"url\":\"https:\\\/\\\/secure.gravatar.com\\\/avatar\\\/0ec5eafed5f3925c321625d79a680d589901b94bca787ae396a35f6c4a960922?s=96&d=mm&r=g\",\"width\":96,\"height\":96,\"caption\":\"andre\"}},{\"@type\":\"WebPage\",\"@id\":\"https:\\\/\\\/minutobahia24h.com.br\\\/?p=24351#webpage\",\"url\":\"https:\\\/\\\/minutobahia24h.com.br\\\/?p=24351\",\"name\":\"Guarda que atirou em jovem no Pelourinho \\u00e9 afastado do trabalho nas ruas - Minuto Bahia 24h\",\"description\":\"A GCM (Guarda Civil Municipal) de Salvador afastou do trabalho nas ruas o agente que atirou em um jovem durante uma abordagem no Pelourinho, Centro Hist\\u00f3rico de Salvador, na segunda-feira (10). A informa\\u00e7\\u00e3o \\u00e9 do jornal Correio. O nome do profissional n\\u00e3o foi divulgado. O caso aconteceu na Rua das Flores, quando o guarda algemava um\",\"inLanguage\":\"pt-BR\",\"isPartOf\":{\"@id\":\"https:\\\/\\\/minutobahia24h.com.br\\\/#website\"},\"breadcrumb\":{\"@id\":\"https:\\\/\\\/minutobahia24h.com.br\\\/?p=24351#breadcrumblist\"},\"author\":{\"@id\":\"https:\\\/\\\/minutobahia24h.com.br\\\/?author=2#author\"},\"creator\":{\"@id\":\"https:\\\/\\\/minutobahia24h.com.br\\\/?author=2#author\"},\"image\":{\"@type\":\"ImageObject\",\"url\":\"https:\\\/\\\/i0.wp.com\\\/minutobahia24h.com.br\\\/wp-content\\\/uploads\\\/2025\\\/02\\\/Sem-titulo-211.jpg?fit=600%2C420&ssl=1\",\"@id\":\"https:\\\/\\\/minutobahia24h.com.br\\\/?p=24351\\\/#mainImage\",\"width\":600,\"height\":420},\"primaryImageOfPage\":{\"@id\":\"https:\\\/\\\/minutobahia24h.com.br\\\/?p=24351#mainImage\"},\"datePublished\":\"2025-02-12T09:39:10-03:00\",\"dateModified\":\"2025-02-12T09:39:11-03:00\"},{\"@type\":\"WebSite\",\"@id\":\"https:\\\/\\\/minutobahia24h.com.br\\\/#website\",\"url\":\"https:\\\/\\\/minutobahia24h.com.br\\\/\",\"name\":\"Minuto Bahia 24h\",\"description\":\"O seu portal de not\\u00edcias\",\"inLanguage\":\"pt-BR\",\"publisher\":{\"@id\":\"https:\\\/\\\/minutobahia24h.com.br\\\/#organization\"}}]}\n\t\t<\/script>\n\t\t<!-- All in One SEO -->\n\n","aioseo_head_json":{"title":"Guarda que atirou em jovem no Pelourinho \u00e9 afastado do trabalho nas ruas - Minuto Bahia 24h","description":"A GCM (Guarda Civil Municipal) de Salvador afastou do trabalho nas ruas o agente que atirou em um jovem durante uma abordagem no Pelourinho, Centro Hist\u00f3rico de Salvador, na segunda-feira (10). A informa\u00e7\u00e3o \u00e9 do jornal Correio. O nome do profissional n\u00e3o foi divulgado. O caso aconteceu na Rua das Flores, quando o guarda algemava um","canonical_url":"https:\/\/minutobahia24h.com.br\/?p=24351","robots":"max-image-preview:large","keywords":"","webmasterTools":{"miscellaneous":""},"schema":{"@context":"https:\/\/schema.org","@graph":[{"@type":"BlogPosting","@id":"https:\/\/minutobahia24h.com.br\/?p=24351#blogposting","name":"Guarda que atirou em jovem no Pelourinho \u00e9 afastado do trabalho nas ruas - Minuto Bahia 24h","headline":"Guarda que atirou em jovem no Pelourinho \u00e9 afastado do trabalho nas ruas","author":{"@id":"https:\/\/minutobahia24h.com.br\/?author=2#author"},"publisher":{"@id":"https:\/\/minutobahia24h.com.br\/#organization"},"image":{"@type":"ImageObject","url":"https:\/\/i0.wp.com\/minutobahia24h.com.br\/wp-content\/uploads\/2025\/02\/Sem-titulo-211.jpg?fit=600%2C420&ssl=1","width":600,"height":420},"datePublished":"2025-02-12T09:39:10-03:00","dateModified":"2025-02-12T09:39:11-03:00","inLanguage":"pt-BR","mainEntityOfPage":{"@id":"https:\/\/minutobahia24h.com.br\/?p=24351#webpage"},"isPartOf":{"@id":"https:\/\/minutobahia24h.com.br\/?p=24351#webpage"},"articleSection":"Not\u00edcia"},{"@type":"BreadcrumbList","@id":"https:\/\/minutobahia24h.com.br\/?p=24351#breadcrumblist","itemListElement":[{"@type":"ListItem","@id":"https:\/\/minutobahia24h.com.br#listItem","position":1,"name":"In\u00edcio","item":"https:\/\/minutobahia24h.com.br","nextItem":{"@type":"ListItem","@id":"https:\/\/minutobahia24h.com.br\/?cat=46#listItem","name":"Not\u00edcia"}},{"@type":"ListItem","@id":"https:\/\/minutobahia24h.com.br\/?cat=46#listItem","position":2,"name":"Not\u00edcia","item":"https:\/\/minutobahia24h.com.br\/?cat=46","nextItem":{"@type":"ListItem","@id":"https:\/\/minutobahia24h.com.br\/?p=24351#listItem","name":"Guarda que atirou em jovem no Pelourinho \u00e9 afastado do trabalho nas ruas"},"previousItem":{"@type":"ListItem","@id":"https:\/\/minutobahia24h.com.br#listItem","name":"In\u00edcio"}},{"@type":"ListItem","@id":"https:\/\/minutobahia24h.com.br\/?p=24351#listItem","position":3,"name":"Guarda que atirou em jovem no Pelourinho \u00e9 afastado do trabalho nas ruas","previousItem":{"@type":"ListItem","@id":"https:\/\/minutobahia24h.com.br\/?cat=46#listItem","name":"Not\u00edcia"}}]},{"@type":"Organization","@id":"https:\/\/minutobahia24h.com.br\/#organization","name":"Minuto Bahia 24h","description":"O seu portal de not\u00edcias","url":"https:\/\/minutobahia24h.com.br\/","logo":{"@type":"ImageObject","url":"https:\/\/i0.wp.com\/minutobahia24h.com.br\/wp-content\/uploads\/2023\/09\/cropped-minutoba.png?fit=457%2C119&ssl=1","@id":"https:\/\/minutobahia24h.com.br\/?p=24351\/#organizationLogo","width":457,"height":119},"image":{"@id":"https:\/\/minutobahia24h.com.br\/?p=24351\/#organizationLogo"}},{"@type":"Person","@id":"https:\/\/minutobahia24h.com.br\/?author=2#author","url":"https:\/\/minutobahia24h.com.br\/?author=2","name":"andre","image":{"@type":"ImageObject","@id":"https:\/\/minutobahia24h.com.br\/?p=24351#authorImage","url":"https:\/\/secure.gravatar.com\/avatar\/0ec5eafed5f3925c321625d79a680d589901b94bca787ae396a35f6c4a960922?s=96&d=mm&r=g","width":96,"height":96,"caption":"andre"}},{"@type":"WebPage","@id":"https:\/\/minutobahia24h.com.br\/?p=24351#webpage","url":"https:\/\/minutobahia24h.com.br\/?p=24351","name":"Guarda que atirou em jovem no Pelourinho \u00e9 afastado do trabalho nas ruas - Minuto Bahia 24h","description":"A GCM (Guarda Civil Municipal) de Salvador afastou do trabalho nas ruas o agente que atirou em um jovem durante uma abordagem no Pelourinho, Centro Hist\u00f3rico de Salvador, na segunda-feira (10). A informa\u00e7\u00e3o \u00e9 do jornal Correio. O nome do profissional n\u00e3o foi divulgado. O caso aconteceu na Rua das Flores, quando o guarda algemava um","inLanguage":"pt-BR","isPartOf":{"@id":"https:\/\/minutobahia24h.com.br\/#website"},"breadcrumb":{"@id":"https:\/\/minutobahia24h.com.br\/?p=24351#breadcrumblist"},"author":{"@id":"https:\/\/minutobahia24h.com.br\/?author=2#author"},"creator":{"@id":"https:\/\/minutobahia24h.com.br\/?author=2#author"},"image":{"@type":"ImageObject","url":"https:\/\/i0.wp.com\/minutobahia24h.com.br\/wp-content\/uploads\/2025\/02\/Sem-titulo-211.jpg?fit=600%2C420&ssl=1","@id":"https:\/\/minutobahia24h.com.br\/?p=24351\/#mainImage","width":600,"height":420},"primaryImageOfPage":{"@id":"https:\/\/minutobahia24h.com.br\/?p=24351#mainImage"},"datePublished":"2025-02-12T09:39:10-03:00","dateModified":"2025-02-12T09:39:11-03:00"},{"@type":"WebSite","@id":"https:\/\/minutobahia24h.com.br\/#website","url":"https:\/\/minutobahia24h.com.br\/","name":"Minuto Bahia 24h","description":"O seu portal de not\u00edcias","inLanguage":"pt-BR","publisher":{"@id":"https:\/\/minutobahia24h.com.br\/#organization"}}]},"og:locale":"pt_BR","og:site_name":"Minuto Bahia 24h - O seu portal de not\u00edcias","og:type":"article","og:title":"Guarda que atirou em jovem no Pelourinho \u00e9 afastado do trabalho nas ruas - Minuto Bahia 24h","og:description":"A GCM (Guarda Civil Municipal) de Salvador afastou do trabalho nas ruas o agente que atirou em um jovem durante uma abordagem no Pelourinho, Centro Hist\u00f3rico de Salvador, na segunda-feira (10). A informa\u00e7\u00e3o \u00e9 do jornal Correio. O nome do profissional n\u00e3o foi divulgado. O caso aconteceu na Rua das Flores, quando o guarda algemava um","og:url":"https:\/\/minutobahia24h.com.br\/?p=24351","og:image":"https:\/\/minutobahia24h.com.br\/wp-content\/uploads\/2025\/02\/Sem-titulo-211.jpg","og:image:secure_url":"https:\/\/minutobahia24h.com.br\/wp-content\/uploads\/2025\/02\/Sem-titulo-211.jpg","og:image:width":600,"og:image:height":420,"article:published_time":"2025-02-12T12:39:10+00:00","article:modified_time":"2025-02-12T12:39:11+00:00","twitter:card":"summary_large_image","twitter:title":"Guarda que atirou em jovem no Pelourinho \u00e9 afastado do trabalho nas ruas - Minuto Bahia 24h","twitter:description":"A GCM (Guarda Civil Municipal) de Salvador afastou do trabalho nas ruas o agente que atirou em um jovem durante uma abordagem no Pelourinho, Centro Hist\u00f3rico de Salvador, na segunda-feira (10). A informa\u00e7\u00e3o \u00e9 do jornal Correio. O nome do profissional n\u00e3o foi divulgado. O caso aconteceu na Rua das Flores, quando o guarda algemava um","twitter:image":"https:\/\/minutobahia24h.com.br\/wp-content\/uploads\/2025\/02\/Sem-titulo-211.jpg"},"aioseo_meta_data":{"post_id":"24351","title":null,"description":null,"keywords":null,"keyphrases":{"focus":{"keyphrase":"","score":0,"analysis":{"keyphraseInTitle":{"score":0,"maxScore":9,"error":1}}},"additional":[]},"primary_term":null,"canonical_url":null,"og_title":null,"og_description":null,"og_object_type":"default","og_image_type":"default","og_image_url":null,"og_image_width":null,"og_image_height":null,"og_image_custom_url":null,"og_image_custom_fields":null,"og_video":"","og_custom_url":null,"og_article_section":null,"og_article_tags":null,"twitter_use_og":true,"twitter_card":"default","twitter_image_type":"default","twitter_image_url":null,"twitter_image_custom_url":null,"twitter_image_custom_fields":null,"twitter_title":null,"twitter_description":null,"schema":{"blockGraphs":[],"customGraphs":[],"default":{"data":{"Article":[],"Course":[],"Dataset":[],"FAQPage":[],"Movie":[],"Person":[],"Product":[],"ProductReview":[],"Car":[],"Recipe":[],"Service":[],"SoftwareApplication":[],"WebPage":[]},"graphName":"BlogPosting","isEnabled":true},"graphs":[]},"schema_type":"default","schema_type_options":null,"pillar_content":false,"robots_default":true,"robots_noindex":false,"robots_noarchive":false,"robots_nosnippet":false,"robots_nofollow":false,"robots_noimageindex":false,"robots_noodp":false,"robots_notranslate":false,"robots_max_snippet":"-1","robots_max_videopreview":"-1","robots_max_imagepreview":"large","priority":null,"frequency":"default","local_seo":null,"breadcrumb_settings":null,"limit_modified_date":false,"ai":null,"created":"2025-02-12 12:39:11","updated":"2025-06-05 12:42:26","seo_analyzer_scan_date":null,"focus_keyword":null,"additional_keywords":null,"truseo_locale":null},"aioseo_breadcrumb":"<div class=\"aioseo-breadcrumbs\"><span class=\"aioseo-breadcrumb\">\n\t\t\t<a href=\"https:\/\/minutobahia24h.com.br\" title=\"In\u00edcio\">In\u00edcio<\/a>\n\t\t<\/span><span class=\"aioseo-breadcrumb-separator\">&raquo;<\/span><span class=\"aioseo-breadcrumb\">\n\t\t\t<a href=\"https:\/\/minutobahia24h.com.br\/?cat=46\" title=\"Not\u00edcia\">Not\u00edcia<\/a>\n\t\t<\/span><span class=\"aioseo-breadcrumb-separator\">&raquo;<\/span><span class=\"aioseo-breadcrumb\">\n\t\t\tGuarda que atirou em jovem no Pelourinho \u00e9 afastado do trabalho nas ruas\n\t\t<\/span><\/div>","aioseo_breadcrumb_json":[{"label":"In\u00edcio","link":"https:\/\/minutobahia24h.com.br"},{"label":"Not\u00edcia","link":"https:\/\/minutobahia24h.com.br\/?cat=46"},{"label":"Guarda que atirou em jovem no Pelourinho \u00e9 afastado do trabalho nas ruas","link":"https:\/\/minutobahia24h.com.br\/?p=24351"}],"jetpack_sharing_enabled":true,"jetpack_featured_media_url":"https:\/\/i0.wp.com\/minutobahia24h.com.br\/wp-content\/uploads\/2025\/02\/Sem-titulo-211.jpg?fit=600%2C420&ssl=1","_links":{"self":[{"href":"https:\/\/minutobahia24h.com.br\/index.php?rest_route=\/wp\/v2\/posts\/24351","targetHints":{"allow":["GET"]}}],"collection":[{"href":"https:\/\/minutobahia24h.com.br\/index.php?rest_route=\/wp\/v2\/posts"}],"about":[{"href":"https:\/\/minutobahia24h.com.br\/index.php?rest_route=\/wp\/v2\/types\/post"}],"author":[{"embeddable":true,"href":"https:\/\/minutobahia24h.com.br\/index.php?rest_route=\/wp\/v2\/users\/2"}],"replies":[{"embeddable":true,"href":"https:\/\/minutobahia24h.com.br\/index.php?rest_route=%2Fwp%2Fv2%2Fcomments&post=24351"}],"version-history":[{"count":1,"href":"https:\/\/minutobahia24h.com.br\/index.php?rest_route=\/wp\/v2\/posts\/24351\/revisions"}],"predecessor-version":[{"id":24353,"href":"https:\/\/minutobahia24h.com.br\/index.php?rest_route=\/wp\/v2\/posts\/24351\/revisions\/24353"}],"wp:featuredmedia":[{"embeddable":true,"href":"https:\/\/minutobahia24h.com.br\/index.php?rest_route=\/wp\/v2\/media\/24352"}],"wp:attachment":[{"href":"https:\/\/minutobahia24h.com.br\/index.php?rest_route=%2Fwp%2Fv2%2Fmedia&parent=24351"}],"wp:term":[{"taxonomy":"category","embeddable":true,"href":"https:\/\/minutobahia24h.com.br\/index.php?rest_route=%2Fwp%2Fv2%2Fcategories&post=24351"},{"taxonomy":"post_tag","embeddable":true,"href":"https:\/\/minutobahia24h.com.br\/index.php?rest_route=%2Fwp%2Fv2%2Ftags&post=24351"}],"curies":[{"name":"wp","href":"https:\/\/api.w.org\/{rel}","templated":true}]}}