{"id":24342,"date":"2025-02-12T09:35:17","date_gmt":"2025-02-12T12:35:17","guid":{"rendered":"https:\/\/minutobahia24h.com.br\/?p=24342"},"modified":"2025-02-12T09:35:19","modified_gmt":"2025-02-12T12:35:19","slug":"lula-diz-que-prefeituras-sao-alicerce-para-que-a-uniao-de-certo","status":"publish","type":"post","link":"https:\/\/minutobahia24h.com.br\/?p=24342","title":{"rendered":"Lula diz que prefeituras s\u00e3o alicerce para que a Uni\u00e3o d\u00ea certo"},"content":{"rendered":"<div class=\"wp-block-image\">\n<figure class=\"aligncenter size-full\"><img data-recalc-dims=\"1\" fetchpriority=\"high\" decoding=\"async\" width=\"716\" height=\"428\" src=\"https:\/\/i0.wp.com\/minutobahia24h.com.br\/wp-content\/uploads\/2025\/02\/Sem-titulo-208.jpg?resize=716%2C428&#038;ssl=1\" alt=\"\" class=\"wp-image-24343\" srcset=\"https:\/\/i0.wp.com\/minutobahia24h.com.br\/wp-content\/uploads\/2025\/02\/Sem-titulo-208.jpg?w=716&amp;ssl=1 716w, https:\/\/i0.wp.com\/minutobahia24h.com.br\/wp-content\/uploads\/2025\/02\/Sem-titulo-208.jpg?resize=300%2C179&amp;ssl=1 300w\" sizes=\"(max-width: 716px) 100vw, 716px\" \/><figcaption class=\"wp-element-caption\"><sub>Foto: Fabio Rodrigues-Pozzebom\/Ag\u00eancia Brasil<\/sub><br><\/figcaption><\/figure>\n<\/div>\n\n\n<p>O presidente Luiz In\u00e1cio Lula da Silva afirmou, nesta ter\u00e7a-feira (11), que o governo quer fortalecer a parceria com as prefeituras do pa\u00eds para que os programas federais cheguem, de fato, aos cidad\u00e3os. Lula refor\u00e7ou que nenhum prefeito ser\u00e1 discriminado em raz\u00e3o do partido pol\u00edtico e que as pol\u00edticas s\u00e3o feitas para \u201co povo da cidade\u201d.<\/p>\n\n\n\n<blockquote class=\"wp-block-quote is-layout-flow wp-block-quote-is-layout-flow\">\n<p><strong><mark>\u201cA prefeitura \u00e9 uma coisa que a gente sabe, ela \u00e9 famoso alicerce para que a Uni\u00e3o d\u00ea certo, \u00e9 o famoso alicerce para que os governadores possam ter sucesso, porque sem esse alicerce a gente n\u00e3o consegue construir a casa forte que a gente precisa construir\u201d, disse durante a abertura do Encontro de Novos Prefeitos e Prefeitas, promovido pelo governo federal em Bras\u00edlia.<\/mark><\/strong><\/p>\n<\/blockquote>\n\n\n\n<p>Mais de 20 mil prefeitos e gestores municipais participam do encontro que tem o objetivo de aproximar as prefeituras dos programas federais, com a amplia\u00e7\u00e3o de investimentos locais, capacita\u00e7\u00e3o de gestores na capta\u00e7\u00e3o de recursos e fortalecimento do pacto federativo. O evento ocorre at\u00e9 a pr\u00f3xima quinta-feira (13), com confer\u00eancias, oficinas e estandes de apresenta\u00e7\u00e3o de diversos \u00f3rg\u00e3os p\u00fablicos. Todos os minist\u00e9rios far\u00e3o atendimento aos gestores municipais no local do encontro.<\/p>\n\n\n\n<blockquote class=\"wp-block-quote is-layout-flow wp-block-quote-is-layout-flow\">\n<p><strong><mark>\u201cVoc\u00eas v\u00e3o visitar os estandes que est\u00e3o a\u00ed, certamente, v\u00e3o conversar quais os projetos j\u00e1 est\u00e3o colocando em pr\u00e1tica na cidade de voc\u00eas, onde \u00e9 que tem dinheiro que voc\u00eas ainda n\u00e3o foram buscar, onde \u00e9 que tem dinheiro que que voc\u00eas ainda n\u00e3o fizeram o projeto, o que falta ainda para acontecer na cidade de voc\u00eas. E essa \u00e9 uma oportunidade para voc\u00eas garimparem corretamente num garimpo que ainda tem muita coisa\u201d, disse Lula aos prefeitos.<\/mark><\/strong><\/p>\n<\/blockquote>\n\n\n\n<p>\u201cTem muita coisa porque nesse pa\u00eds n\u00e3o v\u00e3o parar de acontecer as coisas que t\u00eam como significado a inclus\u00e3o social. Porque eu voltei a governar para provar mais uma vez que esse pa\u00eds tende a ser um pa\u00eds altamente desenvolvido e ele s\u00f3 ser\u00e1 desenvolvido se a cidade for desenvolvida. N\u00e3o h\u00e1 Estado rico com cidade pobre, e n\u00e3o h\u00e1 cidade rica com o Estado pobre. \u00c9 preciso que haja um compartilhamento das coisas entre o governo federal e o governo municipal\u201d, acrescentou.<\/p>\n\n\n\n<p>As atividades do encontro est\u00e3o baseadas em seis eixos tem\u00e1ticos principais: Boa Governan\u00e7a, Sistemas Informatizados e Servi\u00e7os; Programa e A\u00e7\u00f5es do Governo Federal; Governan\u00e7a Clim\u00e1tica; Assist\u00eancia T\u00e9cnica \u2013 Transfer\u00eancias Governamentais; Lideran\u00e7as Femininas; Pacto Federativo Brasileiro.<\/p>\n\n\n\n<h4 class=\"wp-block-heading\"><strong><mark>PAC Sele\u00e7\u00f5es<\/mark><\/strong><\/h4>\n\n\n\n<p>Lula lembrou ainda que o governo federal prepara mais um edital do Novo Programa de Acelera\u00e7\u00e3o do Crescimento (PAC) Sele\u00e7\u00f5es, voltado para atender a projetos priorit\u00e1rios apresentados pelos munic\u00edpios em \u00e1reas essenciais como sa\u00fade, educa\u00e7\u00e3o, infraestrutura social e urbana e mobilidade.<\/p>\n\n\n\n<p>\u201c\u00c9 a primeira oportunidade democr\u00e1tica de a gente n\u00e3o escolher ideologicamente a cidade que vai ser beneficiada, de a gente n\u00e3o escolher a cidade do partido da gente, mas de a gente escolher aquela cidade que melhor apresenta o projeto e aquela cidade que mais tem necessidade de que o projeto seja executado\u201d, destacou Lula.<\/p>\n\n\n\n<p>Em 2023, o presidente anunciou investimentos em obras e servi\u00e7os apresentados por estados e munic\u00edpios. A segunda etapa do Sele\u00e7\u00f5es j\u00e1 estava prevista para 2025, para que os prefeitos eleitos no ano passado tamb\u00e9m possam apresentar seus projetos priorit\u00e1rios.<\/p>\n\n\n\n<p>O Novo PAC Sele\u00e7\u00f5es compreende cinco eixos e 27 modalidades, executadas pelos Minist\u00e9rios das Cidades, Sa\u00fade, Educa\u00e7\u00e3o, Cultura, Justi\u00e7a e Esporte. A lista de obras j\u00e1 contempladas em cada estado e munic\u00edpio est\u00e1 dispon\u00edvel na p\u00e1gina da Casa Civil da Presid\u00eancia, respons\u00e1vel pela coordena\u00e7\u00e3o do programa.<\/p>\n\n\n\n<p>blogdoeloiltoncajuhy<\/p>\n","protected":false},"excerpt":{"rendered":"<p>O presidente Luiz In\u00e1cio Lula da Silva afirmou, nesta ter\u00e7a-feira (11), que o governo quer fortalecer a parceria com as prefeituras do pa\u00eds para que os programas federais cheguem, de fato, aos cidad\u00e3os. Lula refor\u00e7ou que nenhum prefeito ser\u00e1 discriminado em raz\u00e3o do partido pol\u00edtico e que as pol\u00edticas s\u00e3o feitas para \u201co povo da [&hellip;]<\/p>\n","protected":false},"author":2,"featured_media":24343,"comment_status":"open","ping_status":"open","sticky":false,"template":"","format":"standard","meta":{"_jetpack_memberships_contains_paid_content":false,"footnotes":""},"categories":[46],"tags":[],"class_list":["post-24342","post","type-post","status-publish","format-standard","has-post-thumbnail","hentry","category-noticia"],"aioseo_notices":[],"jetpack_featured_media_url":"https:\/\/i0.wp.com\/minutobahia24h.com.br\/wp-content\/uploads\/2025\/02\/Sem-titulo-208.jpg?fit=716%2C428&ssl=1","jetpack_sharing_enabled":true,"_links":{"self":[{"href":"https:\/\/minutobahia24h.com.br\/index.php?rest_route=\/wp\/v2\/posts\/24342","targetHints":{"allow":["GET"]}}],"collection":[{"href":"https:\/\/minutobahia24h.com.br\/index.php?rest_route=\/wp\/v2\/posts"}],"about":[{"href":"https:\/\/minutobahia24h.com.br\/index.php?rest_route=\/wp\/v2\/types\/post"}],"author":[{"embeddable":true,"href":"https:\/\/minutobahia24h.com.br\/index.php?rest_route=\/wp\/v2\/users\/2"}],"replies":[{"embeddable":true,"href":"https:\/\/minutobahia24h.com.br\/index.php?rest_route=%2Fwp%2Fv2%2Fcomments&post=24342"}],"version-history":[{"count":1,"href":"https:\/\/minutobahia24h.com.br\/index.php?rest_route=\/wp\/v2\/posts\/24342\/revisions"}],"predecessor-version":[{"id":24344,"href":"https:\/\/minutobahia24h.com.br\/index.php?rest_route=\/wp\/v2\/posts\/24342\/revisions\/24344"}],"wp:featuredmedia":[{"embeddable":true,"href":"https:\/\/minutobahia24h.com.br\/index.php?rest_route=\/wp\/v2\/media\/24343"}],"wp:attachment":[{"href":"https:\/\/minutobahia24h.com.br\/index.php?rest_route=%2Fwp%2Fv2%2Fmedia&parent=24342"}],"wp:term":[{"taxonomy":"category","embeddable":true,"href":"https:\/\/minutobahia24h.com.br\/index.php?rest_route=%2Fwp%2Fv2%2Fcategories&post=24342"},{"taxonomy":"post_tag","embeddable":true,"href":"https:\/\/minutobahia24h.com.br\/index.php?rest_route=%2Fwp%2Fv2%2Ftags&post=24342"}],"curies":[{"name":"wp","href":"https:\/\/api.w.org\/{rel}","templated":true}]}}