{"id":24329,"date":"2025-02-12T08:39:36","date_gmt":"2025-02-12T11:39:36","guid":{"rendered":"https:\/\/minutobahia24h.com.br\/?p=24329"},"modified":"2025-02-12T08:40:26","modified_gmt":"2025-02-12T11:40:26","slug":"carnaval-da-bahia-deve-injetar-r-45-bilhoes-no-comercio-e-turismo-em-2025-diz-fecomercio","status":"publish","type":"post","link":"https:\/\/minutobahia24h.com.br\/?p=24329","title":{"rendered":"Carnaval da Bahia deve injetar R$ 4,5 bilh\u00f5es no com\u00e9rcio e turismo em 2025, diz Fecom\u00e9rcio"},"content":{"rendered":"\n<figure class=\"wp-block-image size-large\"><img data-recalc-dims=\"1\" fetchpriority=\"high\" decoding=\"async\" width=\"800\" height=\"376\" src=\"https:\/\/i0.wp.com\/minutobahia24h.com.br\/wp-content\/uploads\/2025\/02\/Sem-titulo-203-1024x481.jpg?resize=800%2C376&#038;ssl=1\" alt=\"\" class=\"wp-image-24330\" srcset=\"https:\/\/i0.wp.com\/minutobahia24h.com.br\/wp-content\/uploads\/2025\/02\/Sem-titulo-203.jpg?resize=1024%2C481&amp;ssl=1 1024w, https:\/\/i0.wp.com\/minutobahia24h.com.br\/wp-content\/uploads\/2025\/02\/Sem-titulo-203.jpg?resize=300%2C141&amp;ssl=1 300w, https:\/\/i0.wp.com\/minutobahia24h.com.br\/wp-content\/uploads\/2025\/02\/Sem-titulo-203.jpg?resize=768%2C361&amp;ssl=1 768w, https:\/\/i0.wp.com\/minutobahia24h.com.br\/wp-content\/uploads\/2025\/02\/Sem-titulo-203.jpg?resize=750%2C353&amp;ssl=1 750w, https:\/\/i0.wp.com\/minutobahia24h.com.br\/wp-content\/uploads\/2025\/02\/Sem-titulo-203.jpg?resize=1140%2C536&amp;ssl=1 1140w, https:\/\/i0.wp.com\/minutobahia24h.com.br\/wp-content\/uploads\/2025\/02\/Sem-titulo-203.jpg?w=1536&amp;ssl=1 1536w\" sizes=\"(max-width: 800px) 100vw, 800px\" \/><\/figure>\n\n\n\n<p>Segundo uma estimativa da Fecom\u00e9rcio-BA, o Carnaval de 2025&nbsp;deve movimentar R$ 4,5 bilh\u00f5es no Com\u00e9rcio e Turismo, puxada pelo com\u00e9rcio varejista de 4,1 bilh\u00f5es de reais, somando os setores que possuem v\u00ednculo direto com a festa de rua, como supermercados e vestu\u00e1rio, por exemplo.<\/p>\n\n\n\n<p>\u201cPara o primeiro, a movimenta\u00e7\u00e3o \u00e9 grande tanto pelo lado dos consumidores, quanto por parte dos empres\u00e1rios que v\u00e3o abastecer os estoques de alimentos e bebidas para eventos, hot\u00e9is\u201d, comenta Kelsor Fernandes, presidente do Sistema Com\u00e9rcio BA, da Fecom\u00e9rcio, Sesc e Senac.<\/p>\n\n\n\n<p>Em rela\u00e7\u00e3o ao setor de vestu\u00e1rio, a pesquisa n\u00e3o conseguiu captar dados referentes \u00e0s vendas de abad\u00e1s dos trios de Salvador, j\u00e1 que a estimativa trata do varejo regular, estabelecido o ano todo<\/p>\n\n\n\n<p>A expectativa foi feita para o in\u00edcio de mar\u00e7o, quando, de fato, acontecem os principais eventos do Carnaval no Estado. Foram usados dados do Instituto Brasileiro de Geografia e Estat\u00edstica (IBGE).<\/p>\n\n\n\n<p>portalespacoaberto<\/p>\n","protected":false},"excerpt":{"rendered":"<p>Segundo uma estimativa da Fecom\u00e9rcio-BA, o Carnaval de 2025&nbsp;deve movimentar R$ 4,5 bilh\u00f5es no Com\u00e9rcio e Turismo, puxada pelo com\u00e9rcio varejista de 4,1 bilh\u00f5es de reais, somando os setores que possuem v\u00ednculo direto com a festa de rua, como supermercados e vestu\u00e1rio, por exemplo. \u201cPara o primeiro, a movimenta\u00e7\u00e3o \u00e9 grande tanto pelo lado dos [&hellip;]<\/p>\n","protected":false},"author":2,"featured_media":24330,"comment_status":"open","ping_status":"open","sticky":false,"template":"","format":"standard","meta":{"_jetpack_memberships_contains_paid_content":false,"footnotes":""},"categories":[46],"tags":[],"class_list":["post-24329","post","type-post","status-publish","format-standard","has-post-thumbnail","hentry","category-noticia"],"aioseo_notices":[],"jetpack_featured_media_url":"https:\/\/i0.wp.com\/minutobahia24h.com.br\/wp-content\/uploads\/2025\/02\/Sem-titulo-203.jpg?fit=1536%2C722&ssl=1","jetpack_sharing_enabled":true,"_links":{"self":[{"href":"https:\/\/minutobahia24h.com.br\/index.php?rest_route=\/wp\/v2\/posts\/24329","targetHints":{"allow":["GET"]}}],"collection":[{"href":"https:\/\/minutobahia24h.com.br\/index.php?rest_route=\/wp\/v2\/posts"}],"about":[{"href":"https:\/\/minutobahia24h.com.br\/index.php?rest_route=\/wp\/v2\/types\/post"}],"author":[{"embeddable":true,"href":"https:\/\/minutobahia24h.com.br\/index.php?rest_route=\/wp\/v2\/users\/2"}],"replies":[{"embeddable":true,"href":"https:\/\/minutobahia24h.com.br\/index.php?rest_route=%2Fwp%2Fv2%2Fcomments&post=24329"}],"version-history":[{"count":1,"href":"https:\/\/minutobahia24h.com.br\/index.php?rest_route=\/wp\/v2\/posts\/24329\/revisions"}],"predecessor-version":[{"id":24331,"href":"https:\/\/minutobahia24h.com.br\/index.php?rest_route=\/wp\/v2\/posts\/24329\/revisions\/24331"}],"wp:featuredmedia":[{"embeddable":true,"href":"https:\/\/minutobahia24h.com.br\/index.php?rest_route=\/wp\/v2\/media\/24330"}],"wp:attachment":[{"href":"https:\/\/minutobahia24h.com.br\/index.php?rest_route=%2Fwp%2Fv2%2Fmedia&parent=24329"}],"wp:term":[{"taxonomy":"category","embeddable":true,"href":"https:\/\/minutobahia24h.com.br\/index.php?rest_route=%2Fwp%2Fv2%2Fcategories&post=24329"},{"taxonomy":"post_tag","embeddable":true,"href":"https:\/\/minutobahia24h.com.br\/index.php?rest_route=%2Fwp%2Fv2%2Ftags&post=24329"}],"curies":[{"name":"wp","href":"https:\/\/api.w.org\/{rel}","templated":true}]}}