{"id":24287,"date":"2025-02-11T15:21:06","date_gmt":"2025-02-11T18:21:06","guid":{"rendered":"https:\/\/minutobahia24h.com.br\/?p=24287"},"modified":"2025-02-11T15:21:08","modified_gmt":"2025-02-11T18:21:08","slug":"advogado-e-morto-a-tiros-dentro-de-carro-em-conceicao-do-coite","status":"publish","type":"post","link":"https:\/\/minutobahia24h.com.br\/?p=24287","title":{"rendered":"Advogado \u00e9 morto a tiros dentro de carro em Concei\u00e7\u00e3o do Coite"},"content":{"rendered":"<div class=\"wp-block-image\">\n<figure class=\"aligncenter size-full\"><img data-recalc-dims=\"1\" fetchpriority=\"high\" decoding=\"async\" width=\"698\" height=\"465\" src=\"https:\/\/i0.wp.com\/minutobahia24h.com.br\/wp-content\/uploads\/2025\/02\/Sem-titulo-190.jpg?resize=698%2C465&#038;ssl=1\" alt=\"\" class=\"wp-image-24288\" srcset=\"https:\/\/i0.wp.com\/minutobahia24h.com.br\/wp-content\/uploads\/2025\/02\/Sem-titulo-190.jpg?w=698&amp;ssl=1 698w, https:\/\/i0.wp.com\/minutobahia24h.com.br\/wp-content\/uploads\/2025\/02\/Sem-titulo-190.jpg?resize=300%2C200&amp;ssl=1 300w\" sizes=\"(max-width: 698px) 100vw, 698px\" \/><\/figure>\n<\/div>\n\n\n<p>Um advogado foi executado a tiros na manh\u00e3 desta ter\u00e7a-feira, 11, por volta das 09h10 na Rua Bailon Lopes Carneiro, principal liga\u00e7\u00e3o da Pra\u00e7a Ant\u00f4nio Calixto da Cunha onde funcionou a Prefeitura com o centro da cidade de Concei\u00e7\u00e3o do Coit\u00e9. Elido Ernesto Reyes J\u00fanior, 50 anos, dirigia seu carro no sentido Pra\u00e7a da Babil\u00f4nia quando foi surpreendido por uma moto que emparelhou ao carro e um dos ocupantes efetuou os disparos a queima roupa. Um dos tiros acertou o pesco\u00e7o do jurista que morreu na hora.<\/p>\n\n\n\n<p>Cerca de 30 minutos depois do crime, uma mulher que segundo informa\u00e7\u00f5es \u00e9 esposa do advogado, ao chegar no local, na presen\u00e7a de centenas de curiosos, advogados, delegada de Pol\u00edcia Civil e policiais militares falou em voz alta que o crime teria sido a mando dos irm\u00e3os do advogado e de outra pessoa, inclusive diz que este v\u00eddeo iria circular, como realmente viralizou minutos depois.<\/p>\n\n\n<div class=\"wp-block-image\">\n<figure class=\"aligncenter\"><img data-recalc-dims=\"1\" decoding=\"async\" data-src=\"https:\/\/i0.wp.com\/portalespacoaberto.com.br\/wp-content\/uploads\/2025\/02\/assassinato-de-ernesto-reyes-3.webp?w=800&#038;ssl=1\" alt=\"\" class=\"wp-image-4892 lazyload\" src=\"data:image\/gif;base64,R0lGODlhAQABAAAAACH5BAEKAAEALAAAAAABAAEAAAICTAEAOw==\" \/><noscript><img data-recalc-dims=\"1\" decoding=\"async\" src=\"https:\/\/i0.wp.com\/portalespacoaberto.com.br\/wp-content\/uploads\/2025\/02\/assassinato-de-ernesto-reyes-3.webp?w=800&#038;ssl=1\" alt=\"\" class=\"wp-image-4892\"\/><\/noscript><\/figure>\n<\/div>\n\n\n<p>A principal linha de investiga\u00e7\u00e3o da Pol\u00edcia Civil deve ser esta com base na declara\u00e7\u00e3o da esposa de Ernesto e o v\u00eddeo que circula onde o pr\u00f3prio fez uma grava\u00e7\u00e3o dizendo se ocorrer algo com ele poderia investigar os irm\u00e3os.<\/p>\n\n\n\n<p>O suposto conflito familiar ocorre por conta de um im\u00f3vel localizado na Pra\u00e7a Bar\u00e3o do Rio Branco, ao lado da Fonte Luminosa, onde tamb\u00e9m reside a m\u00e3e do advogado. O Calila Not\u00edcias n\u00e3o tem conhecimento da real situa\u00e7\u00e3o, por\u00e9m, foi informado que h\u00e1 cerca de tr\u00eas semanas, Reyes teria chegado durante a madrugada e feito v\u00e1rios disparos de arma de fogo que atingiram a parede e a vidra\u00e7a do pr\u00e9dio, levando muito p\u00e2nico aos moradores.<\/p>\n\n\n\n<p>Enquanto o CN estava no local do crime foi informado que novos disparos contra o im\u00f3vel foram efetuados nesta madrugada, nossa equipe deslocou at\u00e9 l\u00e1 e registrou a vidra\u00e7a quebrada. Encontramos dois homens olhando o im\u00f3vel e perguntamos se eles s\u00e3o os inquilinos que alugaram para instalar uma academia e um deles prontamente respondeu. Disse que tinha colocado recentemente novos vidros e foi surpreendido por novos disparos, mas ele n\u00e3o citou quem fez.<\/p>\n\n\n<div class=\"wp-block-image\">\n<figure class=\"aligncenter\"><img data-recalc-dims=\"1\" decoding=\"async\" data-src=\"https:\/\/i0.wp.com\/portalespacoaberto.com.br\/wp-content\/uploads\/2025\/02\/assassinato-de-ernesto-reyes-2.webp?w=800&#038;ssl=1\" alt=\"\" class=\"wp-image-4893 lazyload\" src=\"data:image\/gif;base64,R0lGODlhAQABAAAAACH5BAEKAAEALAAAAAABAAEAAAICTAEAOw==\" \/><noscript><img data-recalc-dims=\"1\" decoding=\"async\" src=\"https:\/\/i0.wp.com\/portalespacoaberto.com.br\/wp-content\/uploads\/2025\/02\/assassinato-de-ernesto-reyes-2.webp?w=800&#038;ssl=1\" alt=\"\" class=\"wp-image-4893\"\/><\/noscript><\/figure>\n<\/div>\n\n\n<p>O cidad\u00e3o inclusive disse que diante destes fatos j\u00e1 pensa em desistir do aluguel por n\u00e3o ter seguran\u00e7a, inclusive pessoas que estavam contratadas disseram que tinham medo de trabalhar no local. Mas garante que seu projeto de implantar uma academia continua, por\u00e9m deve procurar outro ponto.<\/p>\n\n\n\n<p><strong>Ernesto Reyes j\u00e1 se envolveu em outras situa\u00e7\u00f5es com arma de fogo<\/strong><\/p>\n\n\n\n<p>Embora nunca tivesse ferido algu\u00e9m, o advogado Ernesto Reyes era conhecido por se envolver em outros epis\u00f3dios de disparos de arma de fogo, por\u00e9m, um cidad\u00e3o que conversava com nossa equipe e preferiu n\u00e3o se identificar, disse que o mesmo nunca sofreu nenhuma puni\u00e7\u00e3o, por\u00e9m ponderou: \u201cquem sabe as pessoas com medo nem prestavam queixa\u201d.<\/p>\n\n\n\n<p>O corpo do advogado deve ser evado para o Departamento de Pol\u00edcia T\u00e9cnica (DPT) de Serrinha que fica a 35 km de Coit\u00e9.\u00a0<\/p>\n\n\n\n<p><strong>Por: Calila Noticias-<\/strong><\/p>\n","protected":false},"excerpt":{"rendered":"<p>Um advogado foi executado a tiros na manh\u00e3 desta ter\u00e7a-feira, 11, por volta das 09h10 na Rua Bailon Lopes Carneiro, principal liga\u00e7\u00e3o da Pra\u00e7a Ant\u00f4nio Calixto da Cunha onde funcionou a Prefeitura com o centro da cidade de Concei\u00e7\u00e3o do Coit\u00e9. Elido Ernesto Reyes J\u00fanior, 50 anos, dirigia seu carro no sentido Pra\u00e7a da Babil\u00f4nia [&hellip;]<\/p>\n","protected":false},"author":2,"featured_media":24288,"comment_status":"open","ping_status":"open","sticky":false,"template":"","format":"standard","meta":{"_jetpack_memberships_contains_paid_content":false,"footnotes":""},"categories":[3],"tags":[],"class_list":["post-24287","post","type-post","status-publish","format-standard","has-post-thumbnail","hentry","category-regional"],"aioseo_notices":[],"jetpack_featured_media_url":"https:\/\/i0.wp.com\/minutobahia24h.com.br\/wp-content\/uploads\/2025\/02\/Sem-titulo-190.jpg?fit=698%2C465&ssl=1","jetpack_sharing_enabled":true,"_links":{"self":[{"href":"https:\/\/minutobahia24h.com.br\/index.php?rest_route=\/wp\/v2\/posts\/24287","targetHints":{"allow":["GET"]}}],"collection":[{"href":"https:\/\/minutobahia24h.com.br\/index.php?rest_route=\/wp\/v2\/posts"}],"about":[{"href":"https:\/\/minutobahia24h.com.br\/index.php?rest_route=\/wp\/v2\/types\/post"}],"author":[{"embeddable":true,"href":"https:\/\/minutobahia24h.com.br\/index.php?rest_route=\/wp\/v2\/users\/2"}],"replies":[{"embeddable":true,"href":"https:\/\/minutobahia24h.com.br\/index.php?rest_route=%2Fwp%2Fv2%2Fcomments&post=24287"}],"version-history":[{"count":1,"href":"https:\/\/minutobahia24h.com.br\/index.php?rest_route=\/wp\/v2\/posts\/24287\/revisions"}],"predecessor-version":[{"id":24289,"href":"https:\/\/minutobahia24h.com.br\/index.php?rest_route=\/wp\/v2\/posts\/24287\/revisions\/24289"}],"wp:featuredmedia":[{"embeddable":true,"href":"https:\/\/minutobahia24h.com.br\/index.php?rest_route=\/wp\/v2\/media\/24288"}],"wp:attachment":[{"href":"https:\/\/minutobahia24h.com.br\/index.php?rest_route=%2Fwp%2Fv2%2Fmedia&parent=24287"}],"wp:term":[{"taxonomy":"category","embeddable":true,"href":"https:\/\/minutobahia24h.com.br\/index.php?rest_route=%2Fwp%2Fv2%2Fcategories&post=24287"},{"taxonomy":"post_tag","embeddable":true,"href":"https:\/\/minutobahia24h.com.br\/index.php?rest_route=%2Fwp%2Fv2%2Ftags&post=24287"}],"curies":[{"name":"wp","href":"https:\/\/api.w.org\/{rel}","templated":true}]}}