{"id":24284,"date":"2025-02-11T15:19:24","date_gmt":"2025-02-11T18:19:24","guid":{"rendered":"https:\/\/minutobahia24h.com.br\/?p=24284"},"modified":"2025-02-11T15:19:26","modified_gmt":"2025-02-11T18:19:26","slug":"aeronave-cai-e-pega-fogo-deixando-mortos-e-feridos-no-interior-da-bahia","status":"publish","type":"post","link":"https:\/\/minutobahia24h.com.br\/?p=24284","title":{"rendered":"Aeronave Cai e Pega Fogo, Deixando Mortos e Feridos no interior da Bahia"},"content":{"rendered":"<div class=\"wp-block-image\">\n<figure class=\"aligncenter size-full\"><img data-recalc-dims=\"1\" fetchpriority=\"high\" decoding=\"async\" width=\"498\" height=\"455\" src=\"https:\/\/i0.wp.com\/minutobahia24h.com.br\/wp-content\/uploads\/2025\/02\/Sem-titulo-189.jpg?resize=498%2C455&#038;ssl=1\" alt=\"\" class=\"wp-image-24285\" srcset=\"https:\/\/i0.wp.com\/minutobahia24h.com.br\/wp-content\/uploads\/2025\/02\/Sem-titulo-189.jpg?w=498&amp;ssl=1 498w, https:\/\/i0.wp.com\/minutobahia24h.com.br\/wp-content\/uploads\/2025\/02\/Sem-titulo-189.jpg?resize=300%2C274&amp;ssl=1 300w\" sizes=\"(max-width: 498px) 100vw, 498px\" \/><\/figure>\n<\/div>\n\n\n<p class=\"wp-block-paragraph\">Um tr\u00e1gico acidente a\u00e9reo ocorreu na tarde desta segunda-feira (10\/02\/2025) no aer\u00f3dromo pr\u00f3ximo \u00e0 praia da Barra do Cahy, em Prado, Bahia.\u00a0Um avi\u00e3o de pequeno porte caiu e pegou fogo logo ap\u00f3s o impacto, resultando na morte de uma pessoa e deixando outra gravemente ferida. Moradores da regi\u00e3o que presenciaram o acidente conseguiram retirar uma das v\u00edtimas, que estava presa nas ferragens, ainda com vida. <\/p>\n\n\n\n<p class=\"wp-block-paragraph\">A outra v\u00edtima morreu carbonizada no local. As identidades das v\u00edtimas n\u00e3o foram divulgadas at\u00e9 o momento. A pessoa resgatada com vida foi prontamente socorrida e levada de helic\u00f3ptero para atendimento m\u00e9dico. No entanto, o estado de sa\u00fade da v\u00edtima n\u00e3o foi informado. Este \u00e9 mais um incidente a\u00e9reo recente no Brasil, o que tem gerado preocupa\u00e7\u00e3o em rela\u00e7\u00e3o \u00e0 seguran\u00e7a da avia\u00e7\u00e3o civil.<\/p>\n\n\n\n<p class=\"wp-block-paragraph\">Nos \u00faltimos dias, v\u00e1rios acidentes envolvendo aeronaves de pequeno porte foram registrados, levantando questionamentos sobre as condi\u00e7\u00f5es de manuten\u00e7\u00e3o, opera\u00e7\u00e3o e regula\u00e7\u00e3o desses voos. As causas da queda do avi\u00e3o em Cumuruxatiba ser\u00e3o investigadas por peritos da Aeron\u00e1utica. Os trabalhos de an\u00e1lise do local e da aeronave ser\u00e3o iniciados assim que as condi\u00e7\u00f5es permitirem, j\u00e1 que a aeronave foi destru\u00edda pelo fogo. <\/p>\n\n\n\n<p class=\"wp-block-paragraph\">O aumento no n\u00famero de acidentes a\u00e9reos no pa\u00eds tem levantado discuss\u00f5es sobre a necessidade de refor\u00e7ar as normas de seguran\u00e7a, a fiscaliza\u00e7\u00e3o e a conscientiza\u00e7\u00e3o dos operadores de voos particulares. Especialistas alertam para a import\u00e2ncia da manuten\u00e7\u00e3o rigorosa das aeronaves e do treinamento adequado dos pilotos.\u00a0<\/p>\n\n\n\n<p class=\"wp-block-paragraph\">Fonte: Bahiaextremosul<\/p>\n","protected":false},"excerpt":{"rendered":"<p>Um tr\u00e1gico acidente a\u00e9reo ocorreu na tarde desta segunda-feira (10\/02\/2025) no aer\u00f3dromo pr\u00f3ximo \u00e0 praia da Barra do Cahy, em Prado, Bahia.\u00a0Um avi\u00e3o de pequeno porte caiu e pegou fogo logo ap\u00f3s o impacto, resultando na morte de uma pessoa e deixando outra gravemente ferida. Moradores da regi\u00e3o que presenciaram o acidente conseguiram retirar uma [&hellip;]<\/p>\n","protected":false},"author":2,"featured_media":24285,"comment_status":"open","ping_status":"open","sticky":false,"template":"","format":"standard","meta":{"_jetpack_newsletter_access":"","_jetpack_dont_email_post_to_subs":false,"_jetpack_newsletter_tier_id":0,"_jetpack_memberships_contains_paywalled_content":false,"_jetpack_feature_clip_id":0,"_jetpack_memberships_contains_paid_content":false,"footnotes":"","jetpack_post_was_ever_published":false},"categories":[3],"tags":[],"class_list":["post-24284","post","type-post","status-publish","format-standard","has-post-thumbnail","hentry","category-regional"],"aioseo_notices":[],"aioseo_head":"\n\t\t<!-- All in One SEO 5.0.1.1 - aioseo.com -->\n\t<meta name=\"description\" content=\"Um tr\u00e1gico acidente a\u00e9reo ocorreu na tarde desta segunda-feira (10\/02\/2025) no aer\u00f3dromo pr\u00f3ximo \u00e0 praia da Barra do Cahy, em Prado, Bahia. Um avi\u00e3o de pequeno porte caiu e pegou fogo logo ap\u00f3s o impacto, resultando na morte de uma pessoa e deixando outra gravemente ferida. Moradores da regi\u00e3o que presenciaram o acidente conseguiram retirar uma\" \/>\n\t<meta name=\"robots\" content=\"max-image-preview:large\" \/>\n\t<meta name=\"author\" content=\"andre\"\/>\n\t<link rel=\"canonical\" href=\"https:\/\/minutobahia24h.com.br\/?p=24284\" \/>\n\t<meta name=\"generator\" content=\"All in One SEO (AIOSEO) 5.0.1.1\" \/>\n\t\t<meta property=\"og:locale\" content=\"pt_BR\" \/>\n\t\t<meta property=\"og:site_name\" content=\"Minuto Bahia 24h - O seu portal de not\u00edcias\" \/>\n\t\t<meta property=\"og:type\" content=\"article\" \/>\n\t\t<meta property=\"og:title\" content=\"Aeronave Cai e Pega Fogo, Deixando Mortos e Feridos no interior da Bahia - Minuto Bahia 24h\" \/>\n\t\t<meta property=\"og:description\" content=\"Um tr\u00e1gico acidente a\u00e9reo ocorreu na tarde desta segunda-feira (10\/02\/2025) no aer\u00f3dromo pr\u00f3ximo \u00e0 praia da Barra do Cahy, em Prado, Bahia. Um avi\u00e3o de pequeno porte caiu e pegou fogo logo ap\u00f3s o impacto, resultando na morte de uma pessoa e deixando outra gravemente ferida. Moradores da regi\u00e3o que presenciaram o acidente conseguiram retirar uma\" \/>\n\t\t<meta property=\"og:url\" content=\"https:\/\/minutobahia24h.com.br\/?p=24284\" \/>\n\t\t<meta property=\"og:image\" content=\"https:\/\/minutobahia24h.com.br\/wp-content\/uploads\/2025\/02\/Sem-titulo-189.jpg\" \/>\n\t\t<meta property=\"og:image:secure_url\" content=\"https:\/\/minutobahia24h.com.br\/wp-content\/uploads\/2025\/02\/Sem-titulo-189.jpg\" \/>\n\t\t<meta property=\"og:image:width\" content=\"498\" \/>\n\t\t<meta property=\"og:image:height\" content=\"455\" \/>\n\t\t<meta property=\"article:published_time\" content=\"2025-02-11T18:19:24+00:00\" \/>\n\t\t<meta property=\"article:modified_time\" content=\"2025-02-11T18:19:26+00:00\" \/>\n\t\t<meta name=\"twitter:card\" content=\"summary_large_image\" \/>\n\t\t<meta name=\"twitter:title\" content=\"Aeronave Cai e Pega Fogo, Deixando Mortos e Feridos no interior da Bahia - Minuto Bahia 24h\" \/>\n\t\t<meta name=\"twitter:description\" content=\"Um tr\u00e1gico acidente a\u00e9reo ocorreu na tarde desta segunda-feira (10\/02\/2025) no aer\u00f3dromo pr\u00f3ximo \u00e0 praia da Barra do Cahy, em Prado, Bahia. Um avi\u00e3o de pequeno porte caiu e pegou fogo logo ap\u00f3s o impacto, resultando na morte de uma pessoa e deixando outra gravemente ferida. Moradores da regi\u00e3o que presenciaram o acidente conseguiram retirar uma\" \/>\n\t\t<meta name=\"twitter:image\" content=\"https:\/\/minutobahia24h.com.br\/wp-content\/uploads\/2025\/02\/Sem-titulo-189.jpg\" \/>\n\t\t<script type=\"application\/ld+json\" class=\"aioseo-schema\">\n\t\t\t{\"@context\":\"https:\\\/\\\/schema.org\",\"@graph\":[{\"@type\":\"BlogPosting\",\"@id\":\"https:\\\/\\\/minutobahia24h.com.br\\\/?p=24284#blogposting\",\"name\":\"Aeronave Cai e Pega Fogo, Deixando Mortos e Feridos no interior da Bahia - Minuto Bahia 24h\",\"headline\":\"Aeronave Cai e Pega Fogo, Deixando Mortos e Feridos no interior da Bahia\",\"author\":{\"@id\":\"https:\\\/\\\/minutobahia24h.com.br\\\/?author=2#author\"},\"publisher\":{\"@id\":\"https:\\\/\\\/minutobahia24h.com.br\\\/#organization\"},\"image\":{\"@type\":\"ImageObject\",\"url\":\"https:\\\/\\\/i0.wp.com\\\/minutobahia24h.com.br\\\/wp-content\\\/uploads\\\/2025\\\/02\\\/Sem-titulo-189.jpg?fit=498%2C455&ssl=1\",\"width\":498,\"height\":455},\"datePublished\":\"2025-02-11T15:19:24-03:00\",\"dateModified\":\"2025-02-11T15:19:26-03:00\",\"inLanguage\":\"pt-BR\",\"mainEntityOfPage\":{\"@id\":\"https:\\\/\\\/minutobahia24h.com.br\\\/?p=24284#webpage\"},\"isPartOf\":{\"@id\":\"https:\\\/\\\/minutobahia24h.com.br\\\/?p=24284#webpage\"},\"articleSection\":\"Regional\"},{\"@type\":\"BreadcrumbList\",\"@id\":\"https:\\\/\\\/minutobahia24h.com.br\\\/?p=24284#breadcrumblist\",\"itemListElement\":[{\"@type\":\"ListItem\",\"@id\":\"https:\\\/\\\/minutobahia24h.com.br#listItem\",\"position\":1,\"name\":\"In\\u00edcio\",\"item\":\"https:\\\/\\\/minutobahia24h.com.br\",\"nextItem\":{\"@type\":\"ListItem\",\"@id\":\"https:\\\/\\\/minutobahia24h.com.br\\\/?cat=3#listItem\",\"name\":\"Regional\"}},{\"@type\":\"ListItem\",\"@id\":\"https:\\\/\\\/minutobahia24h.com.br\\\/?cat=3#listItem\",\"position\":2,\"name\":\"Regional\",\"item\":\"https:\\\/\\\/minutobahia24h.com.br\\\/?cat=3\",\"nextItem\":{\"@type\":\"ListItem\",\"@id\":\"https:\\\/\\\/minutobahia24h.com.br\\\/?p=24284#listItem\",\"name\":\"Aeronave Cai e Pega Fogo, Deixando Mortos e Feridos no interior da Bahia\"},\"previousItem\":{\"@type\":\"ListItem\",\"@id\":\"https:\\\/\\\/minutobahia24h.com.br#listItem\",\"name\":\"In\\u00edcio\"}},{\"@type\":\"ListItem\",\"@id\":\"https:\\\/\\\/minutobahia24h.com.br\\\/?p=24284#listItem\",\"position\":3,\"name\":\"Aeronave Cai e Pega Fogo, Deixando Mortos e Feridos no interior da Bahia\",\"previousItem\":{\"@type\":\"ListItem\",\"@id\":\"https:\\\/\\\/minutobahia24h.com.br\\\/?cat=3#listItem\",\"name\":\"Regional\"}}]},{\"@type\":\"Organization\",\"@id\":\"https:\\\/\\\/minutobahia24h.com.br\\\/#organization\",\"name\":\"Minuto Bahia 24h\",\"description\":\"O seu portal de not\\u00edcias\",\"url\":\"https:\\\/\\\/minutobahia24h.com.br\\\/\",\"logo\":{\"@type\":\"ImageObject\",\"url\":\"https:\\\/\\\/i0.wp.com\\\/minutobahia24h.com.br\\\/wp-content\\\/uploads\\\/2023\\\/09\\\/cropped-minutoba.png?fit=457%2C119&ssl=1\",\"@id\":\"https:\\\/\\\/minutobahia24h.com.br\\\/?p=24284\\\/#organizationLogo\",\"width\":457,\"height\":119},\"image\":{\"@id\":\"https:\\\/\\\/minutobahia24h.com.br\\\/?p=24284\\\/#organizationLogo\"}},{\"@type\":\"Person\",\"@id\":\"https:\\\/\\\/minutobahia24h.com.br\\\/?author=2#author\",\"url\":\"https:\\\/\\\/minutobahia24h.com.br\\\/?author=2\",\"name\":\"andre\",\"image\":{\"@type\":\"ImageObject\",\"@id\":\"https:\\\/\\\/minutobahia24h.com.br\\\/?p=24284#authorImage\",\"url\":\"https:\\\/\\\/secure.gravatar.com\\\/avatar\\\/0ec5eafed5f3925c321625d79a680d589901b94bca787ae396a35f6c4a960922?s=96&d=mm&r=g\",\"width\":96,\"height\":96,\"caption\":\"andre\"}},{\"@type\":\"WebPage\",\"@id\":\"https:\\\/\\\/minutobahia24h.com.br\\\/?p=24284#webpage\",\"url\":\"https:\\\/\\\/minutobahia24h.com.br\\\/?p=24284\",\"name\":\"Aeronave Cai e Pega Fogo, Deixando Mortos e Feridos no interior da Bahia - Minuto Bahia 24h\",\"description\":\"Um tr\\u00e1gico acidente a\\u00e9reo ocorreu na tarde desta segunda-feira (10\\\/02\\\/2025) no aer\\u00f3dromo pr\\u00f3ximo \\u00e0 praia da Barra do Cahy, em Prado, Bahia. Um avi\\u00e3o de pequeno porte caiu e pegou fogo logo ap\\u00f3s o impacto, resultando na morte de uma pessoa e deixando outra gravemente ferida. Moradores da regi\\u00e3o que presenciaram o acidente conseguiram retirar uma\",\"inLanguage\":\"pt-BR\",\"isPartOf\":{\"@id\":\"https:\\\/\\\/minutobahia24h.com.br\\\/#website\"},\"breadcrumb\":{\"@id\":\"https:\\\/\\\/minutobahia24h.com.br\\\/?p=24284#breadcrumblist\"},\"author\":{\"@id\":\"https:\\\/\\\/minutobahia24h.com.br\\\/?author=2#author\"},\"creator\":{\"@id\":\"https:\\\/\\\/minutobahia24h.com.br\\\/?author=2#author\"},\"image\":{\"@type\":\"ImageObject\",\"url\":\"https:\\\/\\\/i0.wp.com\\\/minutobahia24h.com.br\\\/wp-content\\\/uploads\\\/2025\\\/02\\\/Sem-titulo-189.jpg?fit=498%2C455&ssl=1\",\"@id\":\"https:\\\/\\\/minutobahia24h.com.br\\\/?p=24284\\\/#mainImage\",\"width\":498,\"height\":455},\"primaryImageOfPage\":{\"@id\":\"https:\\\/\\\/minutobahia24h.com.br\\\/?p=24284#mainImage\"},\"datePublished\":\"2025-02-11T15:19:24-03:00\",\"dateModified\":\"2025-02-11T15:19:26-03:00\"},{\"@type\":\"WebSite\",\"@id\":\"https:\\\/\\\/minutobahia24h.com.br\\\/#website\",\"url\":\"https:\\\/\\\/minutobahia24h.com.br\\\/\",\"name\":\"Minuto Bahia 24h\",\"description\":\"O seu portal de not\\u00edcias\",\"inLanguage\":\"pt-BR\",\"publisher\":{\"@id\":\"https:\\\/\\\/minutobahia24h.com.br\\\/#organization\"}}]}\n\t\t<\/script>\n\t\t<!-- All in One SEO -->\n\n","aioseo_head_json":{"title":"Aeronave Cai e Pega Fogo, Deixando Mortos e Feridos no interior da Bahia - Minuto Bahia 24h","description":"Um tr\u00e1gico acidente a\u00e9reo ocorreu na tarde desta segunda-feira (10\/02\/2025) no aer\u00f3dromo pr\u00f3ximo \u00e0 praia da Barra do Cahy, em Prado, Bahia. Um avi\u00e3o de pequeno porte caiu e pegou fogo logo ap\u00f3s o impacto, resultando na morte de uma pessoa e deixando outra gravemente ferida. Moradores da regi\u00e3o que presenciaram o acidente conseguiram retirar uma","canonical_url":"https:\/\/minutobahia24h.com.br\/?p=24284","robots":"max-image-preview:large","keywords":"","webmasterTools":{"miscellaneous":""},"schema":{"@context":"https:\/\/schema.org","@graph":[{"@type":"BlogPosting","@id":"https:\/\/minutobahia24h.com.br\/?p=24284#blogposting","name":"Aeronave Cai e Pega Fogo, Deixando Mortos e Feridos no interior da Bahia - Minuto Bahia 24h","headline":"Aeronave Cai e Pega Fogo, Deixando Mortos e Feridos no interior da Bahia","author":{"@id":"https:\/\/minutobahia24h.com.br\/?author=2#author"},"publisher":{"@id":"https:\/\/minutobahia24h.com.br\/#organization"},"image":{"@type":"ImageObject","url":"https:\/\/i0.wp.com\/minutobahia24h.com.br\/wp-content\/uploads\/2025\/02\/Sem-titulo-189.jpg?fit=498%2C455&ssl=1","width":498,"height":455},"datePublished":"2025-02-11T15:19:24-03:00","dateModified":"2025-02-11T15:19:26-03:00","inLanguage":"pt-BR","mainEntityOfPage":{"@id":"https:\/\/minutobahia24h.com.br\/?p=24284#webpage"},"isPartOf":{"@id":"https:\/\/minutobahia24h.com.br\/?p=24284#webpage"},"articleSection":"Regional"},{"@type":"BreadcrumbList","@id":"https:\/\/minutobahia24h.com.br\/?p=24284#breadcrumblist","itemListElement":[{"@type":"ListItem","@id":"https:\/\/minutobahia24h.com.br#listItem","position":1,"name":"In\u00edcio","item":"https:\/\/minutobahia24h.com.br","nextItem":{"@type":"ListItem","@id":"https:\/\/minutobahia24h.com.br\/?cat=3#listItem","name":"Regional"}},{"@type":"ListItem","@id":"https:\/\/minutobahia24h.com.br\/?cat=3#listItem","position":2,"name":"Regional","item":"https:\/\/minutobahia24h.com.br\/?cat=3","nextItem":{"@type":"ListItem","@id":"https:\/\/minutobahia24h.com.br\/?p=24284#listItem","name":"Aeronave Cai e Pega Fogo, Deixando Mortos e Feridos no interior da Bahia"},"previousItem":{"@type":"ListItem","@id":"https:\/\/minutobahia24h.com.br#listItem","name":"In\u00edcio"}},{"@type":"ListItem","@id":"https:\/\/minutobahia24h.com.br\/?p=24284#listItem","position":3,"name":"Aeronave Cai e Pega Fogo, Deixando Mortos e Feridos no interior da Bahia","previousItem":{"@type":"ListItem","@id":"https:\/\/minutobahia24h.com.br\/?cat=3#listItem","name":"Regional"}}]},{"@type":"Organization","@id":"https:\/\/minutobahia24h.com.br\/#organization","name":"Minuto Bahia 24h","description":"O seu portal de not\u00edcias","url":"https:\/\/minutobahia24h.com.br\/","logo":{"@type":"ImageObject","url":"https:\/\/i0.wp.com\/minutobahia24h.com.br\/wp-content\/uploads\/2023\/09\/cropped-minutoba.png?fit=457%2C119&ssl=1","@id":"https:\/\/minutobahia24h.com.br\/?p=24284\/#organizationLogo","width":457,"height":119},"image":{"@id":"https:\/\/minutobahia24h.com.br\/?p=24284\/#organizationLogo"}},{"@type":"Person","@id":"https:\/\/minutobahia24h.com.br\/?author=2#author","url":"https:\/\/minutobahia24h.com.br\/?author=2","name":"andre","image":{"@type":"ImageObject","@id":"https:\/\/minutobahia24h.com.br\/?p=24284#authorImage","url":"https:\/\/secure.gravatar.com\/avatar\/0ec5eafed5f3925c321625d79a680d589901b94bca787ae396a35f6c4a960922?s=96&d=mm&r=g","width":96,"height":96,"caption":"andre"}},{"@type":"WebPage","@id":"https:\/\/minutobahia24h.com.br\/?p=24284#webpage","url":"https:\/\/minutobahia24h.com.br\/?p=24284","name":"Aeronave Cai e Pega Fogo, Deixando Mortos e Feridos no interior da Bahia - Minuto Bahia 24h","description":"Um tr\u00e1gico acidente a\u00e9reo ocorreu na tarde desta segunda-feira (10\/02\/2025) no aer\u00f3dromo pr\u00f3ximo \u00e0 praia da Barra do Cahy, em Prado, Bahia. Um avi\u00e3o de pequeno porte caiu e pegou fogo logo ap\u00f3s o impacto, resultando na morte de uma pessoa e deixando outra gravemente ferida. Moradores da regi\u00e3o que presenciaram o acidente conseguiram retirar uma","inLanguage":"pt-BR","isPartOf":{"@id":"https:\/\/minutobahia24h.com.br\/#website"},"breadcrumb":{"@id":"https:\/\/minutobahia24h.com.br\/?p=24284#breadcrumblist"},"author":{"@id":"https:\/\/minutobahia24h.com.br\/?author=2#author"},"creator":{"@id":"https:\/\/minutobahia24h.com.br\/?author=2#author"},"image":{"@type":"ImageObject","url":"https:\/\/i0.wp.com\/minutobahia24h.com.br\/wp-content\/uploads\/2025\/02\/Sem-titulo-189.jpg?fit=498%2C455&ssl=1","@id":"https:\/\/minutobahia24h.com.br\/?p=24284\/#mainImage","width":498,"height":455},"primaryImageOfPage":{"@id":"https:\/\/minutobahia24h.com.br\/?p=24284#mainImage"},"datePublished":"2025-02-11T15:19:24-03:00","dateModified":"2025-02-11T15:19:26-03:00"},{"@type":"WebSite","@id":"https:\/\/minutobahia24h.com.br\/#website","url":"https:\/\/minutobahia24h.com.br\/","name":"Minuto Bahia 24h","description":"O seu portal de not\u00edcias","inLanguage":"pt-BR","publisher":{"@id":"https:\/\/minutobahia24h.com.br\/#organization"}}]},"og:locale":"pt_BR","og:site_name":"Minuto Bahia 24h - O seu portal de not\u00edcias","og:type":"article","og:title":"Aeronave Cai e Pega Fogo, Deixando Mortos e Feridos no interior da Bahia - Minuto Bahia 24h","og:description":"Um tr\u00e1gico acidente a\u00e9reo ocorreu na tarde desta segunda-feira (10\/02\/2025) no aer\u00f3dromo pr\u00f3ximo \u00e0 praia da Barra do Cahy, em Prado, Bahia. Um avi\u00e3o de pequeno porte caiu e pegou fogo logo ap\u00f3s o impacto, resultando na morte de uma pessoa e deixando outra gravemente ferida. Moradores da regi\u00e3o que presenciaram o acidente conseguiram retirar uma","og:url":"https:\/\/minutobahia24h.com.br\/?p=24284","og:image":"https:\/\/minutobahia24h.com.br\/wp-content\/uploads\/2025\/02\/Sem-titulo-189.jpg","og:image:secure_url":"https:\/\/minutobahia24h.com.br\/wp-content\/uploads\/2025\/02\/Sem-titulo-189.jpg","og:image:width":498,"og:image:height":455,"article:published_time":"2025-02-11T18:19:24+00:00","article:modified_time":"2025-02-11T18:19:26+00:00","twitter:card":"summary_large_image","twitter:title":"Aeronave Cai e Pega Fogo, Deixando Mortos e Feridos no interior da Bahia - Minuto Bahia 24h","twitter:description":"Um tr\u00e1gico acidente a\u00e9reo ocorreu na tarde desta segunda-feira (10\/02\/2025) no aer\u00f3dromo pr\u00f3ximo \u00e0 praia da Barra do Cahy, em Prado, Bahia. Um avi\u00e3o de pequeno porte caiu e pegou fogo logo ap\u00f3s o impacto, resultando na morte de uma pessoa e deixando outra gravemente ferida. Moradores da regi\u00e3o que presenciaram o acidente conseguiram retirar uma","twitter:image":"https:\/\/minutobahia24h.com.br\/wp-content\/uploads\/2025\/02\/Sem-titulo-189.jpg"},"aioseo_meta_data":{"post_id":"24284","title":null,"description":null,"keywords":null,"keyphrases":{"focus":{"keyphrase":"","score":0,"analysis":{"keyphraseInTitle":{"score":0,"maxScore":9,"error":1}}},"additional":[]},"primary_term":null,"canonical_url":null,"og_title":null,"og_description":null,"og_object_type":"default","og_image_type":"default","og_image_url":null,"og_image_width":null,"og_image_height":null,"og_image_custom_url":null,"og_image_custom_fields":null,"og_video":"","og_custom_url":null,"og_article_section":null,"og_article_tags":null,"twitter_use_og":true,"twitter_card":"default","twitter_image_type":"default","twitter_image_url":null,"twitter_image_custom_url":null,"twitter_image_custom_fields":null,"twitter_title":null,"twitter_description":null,"schema":{"blockGraphs":[],"customGraphs":[],"default":{"data":{"Article":[],"Course":[],"Dataset":[],"FAQPage":[],"Movie":[],"Person":[],"Product":[],"ProductReview":[],"Car":[],"Recipe":[],"Service":[],"SoftwareApplication":[],"WebPage":[]},"graphName":"BlogPosting","isEnabled":true},"graphs":[]},"schema_type":"default","schema_type_options":null,"pillar_content":false,"robots_default":true,"robots_noindex":false,"robots_noarchive":false,"robots_nosnippet":false,"robots_nofollow":false,"robots_noimageindex":false,"robots_noodp":false,"robots_notranslate":false,"robots_max_snippet":"-1","robots_max_videopreview":"-1","robots_max_imagepreview":"large","priority":null,"frequency":"default","local_seo":null,"breadcrumb_settings":null,"limit_modified_date":false,"ai":null,"created":"2025-02-11 18:19:26","updated":"2025-06-05 12:36:16","seo_analyzer_scan_date":null,"focus_keyword":null,"additional_keywords":null,"truseo_locale":null},"aioseo_breadcrumb":"<div class=\"aioseo-breadcrumbs\"><span class=\"aioseo-breadcrumb\">\n\t\t\t<a href=\"https:\/\/minutobahia24h.com.br\" title=\"In\u00edcio\">In\u00edcio<\/a>\n\t\t<\/span><span class=\"aioseo-breadcrumb-separator\">&raquo;<\/span><span class=\"aioseo-breadcrumb\">\n\t\t\t<a href=\"https:\/\/minutobahia24h.com.br\/?cat=3\" title=\"Regional\">Regional<\/a>\n\t\t<\/span><span class=\"aioseo-breadcrumb-separator\">&raquo;<\/span><span class=\"aioseo-breadcrumb\">\n\t\t\tAeronave Cai e Pega Fogo, Deixando Mortos e Feridos no interior da Bahia\n\t\t<\/span><\/div>","aioseo_breadcrumb_json":[{"label":"In\u00edcio","link":"https:\/\/minutobahia24h.com.br"},{"label":"Regional","link":"https:\/\/minutobahia24h.com.br\/?cat=3"},{"label":"Aeronave Cai e Pega Fogo, Deixando Mortos e Feridos no interior da Bahia","link":"https:\/\/minutobahia24h.com.br\/?p=24284"}],"jetpack_sharing_enabled":true,"jetpack_featured_media_url":"https:\/\/i0.wp.com\/minutobahia24h.com.br\/wp-content\/uploads\/2025\/02\/Sem-titulo-189.jpg?fit=498%2C455&ssl=1","_links":{"self":[{"href":"https:\/\/minutobahia24h.com.br\/index.php?rest_route=\/wp\/v2\/posts\/24284","targetHints":{"allow":["GET"]}}],"collection":[{"href":"https:\/\/minutobahia24h.com.br\/index.php?rest_route=\/wp\/v2\/posts"}],"about":[{"href":"https:\/\/minutobahia24h.com.br\/index.php?rest_route=\/wp\/v2\/types\/post"}],"author":[{"embeddable":true,"href":"https:\/\/minutobahia24h.com.br\/index.php?rest_route=\/wp\/v2\/users\/2"}],"replies":[{"embeddable":true,"href":"https:\/\/minutobahia24h.com.br\/index.php?rest_route=%2Fwp%2Fv2%2Fcomments&post=24284"}],"version-history":[{"count":1,"href":"https:\/\/minutobahia24h.com.br\/index.php?rest_route=\/wp\/v2\/posts\/24284\/revisions"}],"predecessor-version":[{"id":24286,"href":"https:\/\/minutobahia24h.com.br\/index.php?rest_route=\/wp\/v2\/posts\/24284\/revisions\/24286"}],"wp:featuredmedia":[{"embeddable":true,"href":"https:\/\/minutobahia24h.com.br\/index.php?rest_route=\/wp\/v2\/media\/24285"}],"wp:attachment":[{"href":"https:\/\/minutobahia24h.com.br\/index.php?rest_route=%2Fwp%2Fv2%2Fmedia&parent=24284"}],"wp:term":[{"taxonomy":"category","embeddable":true,"href":"https:\/\/minutobahia24h.com.br\/index.php?rest_route=%2Fwp%2Fv2%2Fcategories&post=24284"},{"taxonomy":"post_tag","embeddable":true,"href":"https:\/\/minutobahia24h.com.br\/index.php?rest_route=%2Fwp%2Fv2%2Ftags&post=24284"}],"curies":[{"name":"wp","href":"https:\/\/api.w.org\/{rel}","templated":true}]}}