{"id":24281,"date":"2025-02-11T15:17:37","date_gmt":"2025-02-11T18:17:37","guid":{"rendered":"https:\/\/minutobahia24h.com.br\/?p=24281"},"modified":"2025-02-11T15:17:38","modified_gmt":"2025-02-11T18:17:38","slug":"prf-apreende-238-kg-de-cocaina-em-onibus-na-br-116-em-feira-de-santana-ba","status":"publish","type":"post","link":"https:\/\/minutobahia24h.com.br\/?p=24281","title":{"rendered":"PRF apreende 23,8 kg de coca\u00edna em \u00f4nibus na BR-116, em Feira de Santana (BA)"},"content":{"rendered":"<div class=\"wp-block-image\">\n<figure class=\"aligncenter size-full\"><img data-recalc-dims=\"1\" fetchpriority=\"high\" decoding=\"async\" width=\"768\" height=\"576\" src=\"https:\/\/i0.wp.com\/minutobahia24h.com.br\/wp-content\/uploads\/2025\/02\/Sem-titulo-188.jpg?resize=768%2C576&#038;ssl=1\" alt=\"\" class=\"wp-image-24282\" srcset=\"https:\/\/i0.wp.com\/minutobahia24h.com.br\/wp-content\/uploads\/2025\/02\/Sem-titulo-188.jpg?w=768&amp;ssl=1 768w, https:\/\/i0.wp.com\/minutobahia24h.com.br\/wp-content\/uploads\/2025\/02\/Sem-titulo-188.jpg?resize=300%2C225&amp;ssl=1 300w, https:\/\/i0.wp.com\/minutobahia24h.com.br\/wp-content\/uploads\/2025\/02\/Sem-titulo-188.jpg?resize=750%2C563&amp;ssl=1 750w\" sizes=\"(max-width: 768px) 100vw, 768px\" \/><\/figure>\n<\/div>\n\n\n<p class=\"wp-block-paragraph\">Na manh\u00e3 de segunda-feira (10), a Pol\u00edcia Rodovi\u00e1ria Federal (PRF) apreendeu&nbsp;<strong>23,85 kg de pasta base e cloridrato de coca\u00edna<\/strong>&nbsp;durante fiscaliza\u00e7\u00e3o a um \u00f4nibus no km 429 da BR-116, em Feira de Santana (BA). O ve\u00edculo, que fazia o trajeto&nbsp;<strong>S\u00e3o Paulo (SP) \u2013 Natal (RN)<\/strong>, foi abordado em frente \u00e0 Unidade Operacional da PRF, e, durante a vistoria, os policiais perceberam um forte odor caracter\u00edstico de entorpecentes vindo do bagageiro.<\/p>\n\n\n\n<p class=\"wp-block-paragraph\">Ap\u00f3s buscas, foi localizada uma mala contendo&nbsp;<strong>22 tabletes da subst\u00e2ncia<\/strong>, cada um envolto em bexigas pl\u00e1sticas. O respons\u00e1vel pela bagagem foi identificado e acompanhou a abertura da mala. Ao ser constatada a presen\u00e7a da droga, foi dada voz de pris\u00e3o ao passageiro.<\/p>\n\n\n\n<p class=\"wp-block-paragraph\">Diante dos fatos, o suspeito foi encaminhado, junto com o entorpecente, \u00e0<strong>\u00a0Delegacia de Pol\u00edcia Civil de Feira de Santana<\/strong>, onde responder\u00e1 pelo crime de\u00a0<strong>tr\u00e1fico de drogas<\/strong>, conforme previsto na legisla\u00e7\u00e3o vigente.<\/p>\n\n\n\n<p class=\"wp-block-paragraph\">abahiaacontece<\/p>\n","protected":false},"excerpt":{"rendered":"<p>Na manh\u00e3 de segunda-feira (10), a Pol\u00edcia Rodovi\u00e1ria Federal (PRF) apreendeu&nbsp;23,85 kg de pasta base e cloridrato de coca\u00edna&nbsp;durante fiscaliza\u00e7\u00e3o a um \u00f4nibus no km 429 da BR-116, em Feira de Santana (BA). O ve\u00edculo, que fazia o trajeto&nbsp;S\u00e3o Paulo (SP) \u2013 Natal (RN), foi abordado em frente \u00e0 Unidade Operacional da PRF, e, durante [&hellip;]<\/p>\n","protected":false},"author":2,"featured_media":24282,"comment_status":"open","ping_status":"open","sticky":false,"template":"","format":"standard","meta":{"_jetpack_newsletter_access":"","_jetpack_dont_email_post_to_subs":false,"_jetpack_newsletter_tier_id":0,"_jetpack_memberships_contains_paywalled_content":false,"_jetpack_feature_clip_id":0,"_jetpack_memberships_contains_paid_content":false,"footnotes":"","jetpack_post_was_ever_published":false},"categories":[3],"tags":[],"class_list":["post-24281","post","type-post","status-publish","format-standard","has-post-thumbnail","hentry","category-regional"],"aioseo_notices":[],"aioseo_head":"\n\t\t<!-- All in One SEO 5.0.1.1 - aioseo.com -->\n\t<meta name=\"description\" content=\"Na manh\u00e3 de segunda-feira (10), a Pol\u00edcia Rodovi\u00e1ria Federal (PRF) apreendeu 23,85 kg de pasta base e cloridrato de coca\u00edna durante fiscaliza\u00e7\u00e3o a um \u00f4nibus no km 429 da BR-116, em Feira de Santana (BA). O ve\u00edculo, que fazia o trajeto S\u00e3o Paulo (SP) \u2013 Natal (RN), foi abordado em frente \u00e0 Unidade Operacional da PRF, e, durante\" \/>\n\t<meta name=\"robots\" content=\"max-image-preview:large\" \/>\n\t<meta name=\"author\" content=\"andre\"\/>\n\t<link rel=\"canonical\" href=\"https:\/\/minutobahia24h.com.br\/?p=24281\" \/>\n\t<meta name=\"generator\" content=\"All in One SEO (AIOSEO) 5.0.1.1\" \/>\n\t\t<meta property=\"og:locale\" content=\"pt_BR\" \/>\n\t\t<meta property=\"og:site_name\" content=\"Minuto Bahia 24h - O seu portal de not\u00edcias\" \/>\n\t\t<meta property=\"og:type\" content=\"article\" \/>\n\t\t<meta property=\"og:title\" content=\"PRF apreende 23,8 kg de coca\u00edna em \u00f4nibus na BR-116, em Feira de Santana (BA) - Minuto Bahia 24h\" \/>\n\t\t<meta property=\"og:description\" content=\"Na manh\u00e3 de segunda-feira (10), a Pol\u00edcia Rodovi\u00e1ria Federal (PRF) apreendeu 23,85 kg de pasta base e cloridrato de coca\u00edna durante fiscaliza\u00e7\u00e3o a um \u00f4nibus no km 429 da BR-116, em Feira de Santana (BA). O ve\u00edculo, que fazia o trajeto S\u00e3o Paulo (SP) \u2013 Natal (RN), foi abordado em frente \u00e0 Unidade Operacional da PRF, e, durante\" \/>\n\t\t<meta property=\"og:url\" content=\"https:\/\/minutobahia24h.com.br\/?p=24281\" \/>\n\t\t<meta property=\"og:image\" content=\"https:\/\/minutobahia24h.com.br\/wp-content\/uploads\/2025\/02\/Sem-titulo-188.jpg\" \/>\n\t\t<meta property=\"og:image:secure_url\" content=\"https:\/\/minutobahia24h.com.br\/wp-content\/uploads\/2025\/02\/Sem-titulo-188.jpg\" \/>\n\t\t<meta property=\"og:image:width\" content=\"768\" \/>\n\t\t<meta property=\"og:image:height\" content=\"576\" \/>\n\t\t<meta property=\"article:published_time\" content=\"2025-02-11T18:17:37+00:00\" \/>\n\t\t<meta property=\"article:modified_time\" content=\"2025-02-11T18:17:38+00:00\" \/>\n\t\t<meta name=\"twitter:card\" content=\"summary_large_image\" \/>\n\t\t<meta name=\"twitter:title\" content=\"PRF apreende 23,8 kg de coca\u00edna em \u00f4nibus na BR-116, em Feira de Santana (BA) - Minuto Bahia 24h\" \/>\n\t\t<meta name=\"twitter:description\" content=\"Na manh\u00e3 de segunda-feira (10), a Pol\u00edcia Rodovi\u00e1ria Federal (PRF) apreendeu 23,85 kg de pasta base e cloridrato de coca\u00edna durante fiscaliza\u00e7\u00e3o a um \u00f4nibus no km 429 da BR-116, em Feira de Santana (BA). O ve\u00edculo, que fazia o trajeto S\u00e3o Paulo (SP) \u2013 Natal (RN), foi abordado em frente \u00e0 Unidade Operacional da PRF, e, durante\" \/>\n\t\t<meta name=\"twitter:image\" content=\"https:\/\/minutobahia24h.com.br\/wp-content\/uploads\/2025\/02\/Sem-titulo-188.jpg\" \/>\n\t\t<script type=\"application\/ld+json\" class=\"aioseo-schema\">\n\t\t\t{\"@context\":\"https:\\\/\\\/schema.org\",\"@graph\":[{\"@type\":\"BlogPosting\",\"@id\":\"https:\\\/\\\/minutobahia24h.com.br\\\/?p=24281#blogposting\",\"name\":\"PRF apreende 23,8 kg de coca\\u00edna em \\u00f4nibus na BR-116, em Feira de Santana (BA) - Minuto Bahia 24h\",\"headline\":\"PRF apreende 23,8 kg de coca\\u00edna em \\u00f4nibus na BR-116, em Feira de Santana (BA)\",\"author\":{\"@id\":\"https:\\\/\\\/minutobahia24h.com.br\\\/?author=2#author\"},\"publisher\":{\"@id\":\"https:\\\/\\\/minutobahia24h.com.br\\\/#organization\"},\"image\":{\"@type\":\"ImageObject\",\"url\":\"https:\\\/\\\/i0.wp.com\\\/minutobahia24h.com.br\\\/wp-content\\\/uploads\\\/2025\\\/02\\\/Sem-titulo-188.jpg?fit=768%2C576&ssl=1\",\"width\":768,\"height\":576},\"datePublished\":\"2025-02-11T15:17:37-03:00\",\"dateModified\":\"2025-02-11T15:17:38-03:00\",\"inLanguage\":\"pt-BR\",\"mainEntityOfPage\":{\"@id\":\"https:\\\/\\\/minutobahia24h.com.br\\\/?p=24281#webpage\"},\"isPartOf\":{\"@id\":\"https:\\\/\\\/minutobahia24h.com.br\\\/?p=24281#webpage\"},\"articleSection\":\"Regional\"},{\"@type\":\"BreadcrumbList\",\"@id\":\"https:\\\/\\\/minutobahia24h.com.br\\\/?p=24281#breadcrumblist\",\"itemListElement\":[{\"@type\":\"ListItem\",\"@id\":\"https:\\\/\\\/minutobahia24h.com.br#listItem\",\"position\":1,\"name\":\"In\\u00edcio\",\"item\":\"https:\\\/\\\/minutobahia24h.com.br\",\"nextItem\":{\"@type\":\"ListItem\",\"@id\":\"https:\\\/\\\/minutobahia24h.com.br\\\/?cat=3#listItem\",\"name\":\"Regional\"}},{\"@type\":\"ListItem\",\"@id\":\"https:\\\/\\\/minutobahia24h.com.br\\\/?cat=3#listItem\",\"position\":2,\"name\":\"Regional\",\"item\":\"https:\\\/\\\/minutobahia24h.com.br\\\/?cat=3\",\"nextItem\":{\"@type\":\"ListItem\",\"@id\":\"https:\\\/\\\/minutobahia24h.com.br\\\/?p=24281#listItem\",\"name\":\"PRF apreende 23,8 kg de coca\\u00edna em \\u00f4nibus na BR-116, em Feira de Santana (BA)\"},\"previousItem\":{\"@type\":\"ListItem\",\"@id\":\"https:\\\/\\\/minutobahia24h.com.br#listItem\",\"name\":\"In\\u00edcio\"}},{\"@type\":\"ListItem\",\"@id\":\"https:\\\/\\\/minutobahia24h.com.br\\\/?p=24281#listItem\",\"position\":3,\"name\":\"PRF apreende 23,8 kg de coca\\u00edna em \\u00f4nibus na BR-116, em Feira de Santana (BA)\",\"previousItem\":{\"@type\":\"ListItem\",\"@id\":\"https:\\\/\\\/minutobahia24h.com.br\\\/?cat=3#listItem\",\"name\":\"Regional\"}}]},{\"@type\":\"Organization\",\"@id\":\"https:\\\/\\\/minutobahia24h.com.br\\\/#organization\",\"name\":\"Minuto Bahia 24h\",\"description\":\"O seu portal de not\\u00edcias\",\"url\":\"https:\\\/\\\/minutobahia24h.com.br\\\/\",\"logo\":{\"@type\":\"ImageObject\",\"url\":\"https:\\\/\\\/i0.wp.com\\\/minutobahia24h.com.br\\\/wp-content\\\/uploads\\\/2023\\\/09\\\/cropped-minutoba.png?fit=457%2C119&ssl=1\",\"@id\":\"https:\\\/\\\/minutobahia24h.com.br\\\/?p=24281\\\/#organizationLogo\",\"width\":457,\"height\":119},\"image\":{\"@id\":\"https:\\\/\\\/minutobahia24h.com.br\\\/?p=24281\\\/#organizationLogo\"}},{\"@type\":\"Person\",\"@id\":\"https:\\\/\\\/minutobahia24h.com.br\\\/?author=2#author\",\"url\":\"https:\\\/\\\/minutobahia24h.com.br\\\/?author=2\",\"name\":\"andre\",\"image\":{\"@type\":\"ImageObject\",\"@id\":\"https:\\\/\\\/minutobahia24h.com.br\\\/?p=24281#authorImage\",\"url\":\"https:\\\/\\\/secure.gravatar.com\\\/avatar\\\/0ec5eafed5f3925c321625d79a680d589901b94bca787ae396a35f6c4a960922?s=96&d=mm&r=g\",\"width\":96,\"height\":96,\"caption\":\"andre\"}},{\"@type\":\"WebPage\",\"@id\":\"https:\\\/\\\/minutobahia24h.com.br\\\/?p=24281#webpage\",\"url\":\"https:\\\/\\\/minutobahia24h.com.br\\\/?p=24281\",\"name\":\"PRF apreende 23,8 kg de coca\\u00edna em \\u00f4nibus na BR-116, em Feira de Santana (BA) - Minuto Bahia 24h\",\"description\":\"Na manh\\u00e3 de segunda-feira (10), a Pol\\u00edcia Rodovi\\u00e1ria Federal (PRF) apreendeu 23,85 kg de pasta base e cloridrato de coca\\u00edna durante fiscaliza\\u00e7\\u00e3o a um \\u00f4nibus no km 429 da BR-116, em Feira de Santana (BA). O ve\\u00edculo, que fazia o trajeto S\\u00e3o Paulo (SP) \\u2013 Natal (RN), foi abordado em frente \\u00e0 Unidade Operacional da PRF, e, durante\",\"inLanguage\":\"pt-BR\",\"isPartOf\":{\"@id\":\"https:\\\/\\\/minutobahia24h.com.br\\\/#website\"},\"breadcrumb\":{\"@id\":\"https:\\\/\\\/minutobahia24h.com.br\\\/?p=24281#breadcrumblist\"},\"author\":{\"@id\":\"https:\\\/\\\/minutobahia24h.com.br\\\/?author=2#author\"},\"creator\":{\"@id\":\"https:\\\/\\\/minutobahia24h.com.br\\\/?author=2#author\"},\"image\":{\"@type\":\"ImageObject\",\"url\":\"https:\\\/\\\/i0.wp.com\\\/minutobahia24h.com.br\\\/wp-content\\\/uploads\\\/2025\\\/02\\\/Sem-titulo-188.jpg?fit=768%2C576&ssl=1\",\"@id\":\"https:\\\/\\\/minutobahia24h.com.br\\\/?p=24281\\\/#mainImage\",\"width\":768,\"height\":576},\"primaryImageOfPage\":{\"@id\":\"https:\\\/\\\/minutobahia24h.com.br\\\/?p=24281#mainImage\"},\"datePublished\":\"2025-02-11T15:17:37-03:00\",\"dateModified\":\"2025-02-11T15:17:38-03:00\"},{\"@type\":\"WebSite\",\"@id\":\"https:\\\/\\\/minutobahia24h.com.br\\\/#website\",\"url\":\"https:\\\/\\\/minutobahia24h.com.br\\\/\",\"name\":\"Minuto Bahia 24h\",\"description\":\"O seu portal de not\\u00edcias\",\"inLanguage\":\"pt-BR\",\"publisher\":{\"@id\":\"https:\\\/\\\/minutobahia24h.com.br\\\/#organization\"}}]}\n\t\t<\/script>\n\t\t<!-- All in One SEO -->\n\n","aioseo_head_json":{"title":"PRF apreende 23,8 kg de coca\u00edna em \u00f4nibus na BR-116, em Feira de Santana (BA) - Minuto Bahia 24h","description":"Na manh\u00e3 de segunda-feira (10), a Pol\u00edcia Rodovi\u00e1ria Federal (PRF) apreendeu 23,85 kg de pasta base e cloridrato de coca\u00edna durante fiscaliza\u00e7\u00e3o a um \u00f4nibus no km 429 da BR-116, em Feira de Santana (BA). O ve\u00edculo, que fazia o trajeto S\u00e3o Paulo (SP) \u2013 Natal (RN), foi abordado em frente \u00e0 Unidade Operacional da PRF, e, durante","canonical_url":"https:\/\/minutobahia24h.com.br\/?p=24281","robots":"max-image-preview:large","keywords":"","webmasterTools":{"miscellaneous":""},"schema":{"@context":"https:\/\/schema.org","@graph":[{"@type":"BlogPosting","@id":"https:\/\/minutobahia24h.com.br\/?p=24281#blogposting","name":"PRF apreende 23,8 kg de coca\u00edna em \u00f4nibus na BR-116, em Feira de Santana (BA) - Minuto Bahia 24h","headline":"PRF apreende 23,8 kg de coca\u00edna em \u00f4nibus na BR-116, em Feira de Santana (BA)","author":{"@id":"https:\/\/minutobahia24h.com.br\/?author=2#author"},"publisher":{"@id":"https:\/\/minutobahia24h.com.br\/#organization"},"image":{"@type":"ImageObject","url":"https:\/\/i0.wp.com\/minutobahia24h.com.br\/wp-content\/uploads\/2025\/02\/Sem-titulo-188.jpg?fit=768%2C576&ssl=1","width":768,"height":576},"datePublished":"2025-02-11T15:17:37-03:00","dateModified":"2025-02-11T15:17:38-03:00","inLanguage":"pt-BR","mainEntityOfPage":{"@id":"https:\/\/minutobahia24h.com.br\/?p=24281#webpage"},"isPartOf":{"@id":"https:\/\/minutobahia24h.com.br\/?p=24281#webpage"},"articleSection":"Regional"},{"@type":"BreadcrumbList","@id":"https:\/\/minutobahia24h.com.br\/?p=24281#breadcrumblist","itemListElement":[{"@type":"ListItem","@id":"https:\/\/minutobahia24h.com.br#listItem","position":1,"name":"In\u00edcio","item":"https:\/\/minutobahia24h.com.br","nextItem":{"@type":"ListItem","@id":"https:\/\/minutobahia24h.com.br\/?cat=3#listItem","name":"Regional"}},{"@type":"ListItem","@id":"https:\/\/minutobahia24h.com.br\/?cat=3#listItem","position":2,"name":"Regional","item":"https:\/\/minutobahia24h.com.br\/?cat=3","nextItem":{"@type":"ListItem","@id":"https:\/\/minutobahia24h.com.br\/?p=24281#listItem","name":"PRF apreende 23,8 kg de coca\u00edna em \u00f4nibus na BR-116, em Feira de Santana (BA)"},"previousItem":{"@type":"ListItem","@id":"https:\/\/minutobahia24h.com.br#listItem","name":"In\u00edcio"}},{"@type":"ListItem","@id":"https:\/\/minutobahia24h.com.br\/?p=24281#listItem","position":3,"name":"PRF apreende 23,8 kg de coca\u00edna em \u00f4nibus na BR-116, em Feira de Santana (BA)","previousItem":{"@type":"ListItem","@id":"https:\/\/minutobahia24h.com.br\/?cat=3#listItem","name":"Regional"}}]},{"@type":"Organization","@id":"https:\/\/minutobahia24h.com.br\/#organization","name":"Minuto Bahia 24h","description":"O seu portal de not\u00edcias","url":"https:\/\/minutobahia24h.com.br\/","logo":{"@type":"ImageObject","url":"https:\/\/i0.wp.com\/minutobahia24h.com.br\/wp-content\/uploads\/2023\/09\/cropped-minutoba.png?fit=457%2C119&ssl=1","@id":"https:\/\/minutobahia24h.com.br\/?p=24281\/#organizationLogo","width":457,"height":119},"image":{"@id":"https:\/\/minutobahia24h.com.br\/?p=24281\/#organizationLogo"}},{"@type":"Person","@id":"https:\/\/minutobahia24h.com.br\/?author=2#author","url":"https:\/\/minutobahia24h.com.br\/?author=2","name":"andre","image":{"@type":"ImageObject","@id":"https:\/\/minutobahia24h.com.br\/?p=24281#authorImage","url":"https:\/\/secure.gravatar.com\/avatar\/0ec5eafed5f3925c321625d79a680d589901b94bca787ae396a35f6c4a960922?s=96&d=mm&r=g","width":96,"height":96,"caption":"andre"}},{"@type":"WebPage","@id":"https:\/\/minutobahia24h.com.br\/?p=24281#webpage","url":"https:\/\/minutobahia24h.com.br\/?p=24281","name":"PRF apreende 23,8 kg de coca\u00edna em \u00f4nibus na BR-116, em Feira de Santana (BA) - Minuto Bahia 24h","description":"Na manh\u00e3 de segunda-feira (10), a Pol\u00edcia Rodovi\u00e1ria Federal (PRF) apreendeu 23,85 kg de pasta base e cloridrato de coca\u00edna durante fiscaliza\u00e7\u00e3o a um \u00f4nibus no km 429 da BR-116, em Feira de Santana (BA). O ve\u00edculo, que fazia o trajeto S\u00e3o Paulo (SP) \u2013 Natal (RN), foi abordado em frente \u00e0 Unidade Operacional da PRF, e, durante","inLanguage":"pt-BR","isPartOf":{"@id":"https:\/\/minutobahia24h.com.br\/#website"},"breadcrumb":{"@id":"https:\/\/minutobahia24h.com.br\/?p=24281#breadcrumblist"},"author":{"@id":"https:\/\/minutobahia24h.com.br\/?author=2#author"},"creator":{"@id":"https:\/\/minutobahia24h.com.br\/?author=2#author"},"image":{"@type":"ImageObject","url":"https:\/\/i0.wp.com\/minutobahia24h.com.br\/wp-content\/uploads\/2025\/02\/Sem-titulo-188.jpg?fit=768%2C576&ssl=1","@id":"https:\/\/minutobahia24h.com.br\/?p=24281\/#mainImage","width":768,"height":576},"primaryImageOfPage":{"@id":"https:\/\/minutobahia24h.com.br\/?p=24281#mainImage"},"datePublished":"2025-02-11T15:17:37-03:00","dateModified":"2025-02-11T15:17:38-03:00"},{"@type":"WebSite","@id":"https:\/\/minutobahia24h.com.br\/#website","url":"https:\/\/minutobahia24h.com.br\/","name":"Minuto Bahia 24h","description":"O seu portal de not\u00edcias","inLanguage":"pt-BR","publisher":{"@id":"https:\/\/minutobahia24h.com.br\/#organization"}}]},"og:locale":"pt_BR","og:site_name":"Minuto Bahia 24h - O seu portal de not\u00edcias","og:type":"article","og:title":"PRF apreende 23,8 kg de coca\u00edna em \u00f4nibus na BR-116, em Feira de Santana (BA) - Minuto Bahia 24h","og:description":"Na manh\u00e3 de segunda-feira (10), a Pol\u00edcia Rodovi\u00e1ria Federal (PRF) apreendeu 23,85 kg de pasta base e cloridrato de coca\u00edna durante fiscaliza\u00e7\u00e3o a um \u00f4nibus no km 429 da BR-116, em Feira de Santana (BA). O ve\u00edculo, que fazia o trajeto S\u00e3o Paulo (SP) \u2013 Natal (RN), foi abordado em frente \u00e0 Unidade Operacional da PRF, e, durante","og:url":"https:\/\/minutobahia24h.com.br\/?p=24281","og:image":"https:\/\/minutobahia24h.com.br\/wp-content\/uploads\/2025\/02\/Sem-titulo-188.jpg","og:image:secure_url":"https:\/\/minutobahia24h.com.br\/wp-content\/uploads\/2025\/02\/Sem-titulo-188.jpg","og:image:width":768,"og:image:height":576,"article:published_time":"2025-02-11T18:17:37+00:00","article:modified_time":"2025-02-11T18:17:38+00:00","twitter:card":"summary_large_image","twitter:title":"PRF apreende 23,8 kg de coca\u00edna em \u00f4nibus na BR-116, em Feira de Santana (BA) - Minuto Bahia 24h","twitter:description":"Na manh\u00e3 de segunda-feira (10), a Pol\u00edcia Rodovi\u00e1ria Federal (PRF) apreendeu 23,85 kg de pasta base e cloridrato de coca\u00edna durante fiscaliza\u00e7\u00e3o a um \u00f4nibus no km 429 da BR-116, em Feira de Santana (BA). O ve\u00edculo, que fazia o trajeto S\u00e3o Paulo (SP) \u2013 Natal (RN), foi abordado em frente \u00e0 Unidade Operacional da PRF, e, durante","twitter:image":"https:\/\/minutobahia24h.com.br\/wp-content\/uploads\/2025\/02\/Sem-titulo-188.jpg"},"aioseo_meta_data":{"post_id":"24281","title":null,"description":null,"keywords":null,"keyphrases":{"focus":{"keyphrase":"","score":0,"analysis":{"keyphraseInTitle":{"score":0,"maxScore":9,"error":1}}},"additional":[]},"primary_term":null,"canonical_url":null,"og_title":null,"og_description":null,"og_object_type":"default","og_image_type":"default","og_image_url":null,"og_image_width":null,"og_image_height":null,"og_image_custom_url":null,"og_image_custom_fields":null,"og_video":"","og_custom_url":null,"og_article_section":null,"og_article_tags":null,"twitter_use_og":true,"twitter_card":"default","twitter_image_type":"default","twitter_image_url":null,"twitter_image_custom_url":null,"twitter_image_custom_fields":null,"twitter_title":null,"twitter_description":null,"schema":{"blockGraphs":[],"customGraphs":[],"default":{"data":{"Article":[],"Course":[],"Dataset":[],"FAQPage":[],"Movie":[],"Person":[],"Product":[],"ProductReview":[],"Car":[],"Recipe":[],"Service":[],"SoftwareApplication":[],"WebPage":[]},"graphName":"BlogPosting","isEnabled":true},"graphs":[]},"schema_type":"default","schema_type_options":null,"pillar_content":false,"robots_default":true,"robots_noindex":false,"robots_noarchive":false,"robots_nosnippet":false,"robots_nofollow":false,"robots_noimageindex":false,"robots_noodp":false,"robots_notranslate":false,"robots_max_snippet":"-1","robots_max_videopreview":"-1","robots_max_imagepreview":"large","priority":null,"frequency":"default","local_seo":null,"breadcrumb_settings":null,"limit_modified_date":false,"ai":null,"created":"2025-02-11 18:17:38","updated":"2025-06-05 12:36:16","seo_analyzer_scan_date":null,"focus_keyword":null,"additional_keywords":null,"truseo_locale":null},"aioseo_breadcrumb":"<div class=\"aioseo-breadcrumbs\"><span class=\"aioseo-breadcrumb\">\n\t\t\t<a href=\"https:\/\/minutobahia24h.com.br\" title=\"In\u00edcio\">In\u00edcio<\/a>\n\t\t<\/span><span class=\"aioseo-breadcrumb-separator\">&raquo;<\/span><span class=\"aioseo-breadcrumb\">\n\t\t\t<a href=\"https:\/\/minutobahia24h.com.br\/?cat=3\" title=\"Regional\">Regional<\/a>\n\t\t<\/span><span class=\"aioseo-breadcrumb-separator\">&raquo;<\/span><span class=\"aioseo-breadcrumb\">\n\t\t\tPRF apreende 23,8 kg de coca\u00edna em \u00f4nibus na BR-116, em Feira de Santana (BA)\n\t\t<\/span><\/div>","aioseo_breadcrumb_json":[{"label":"In\u00edcio","link":"https:\/\/minutobahia24h.com.br"},{"label":"Regional","link":"https:\/\/minutobahia24h.com.br\/?cat=3"},{"label":"PRF apreende 23,8 kg de coca\u00edna em \u00f4nibus na BR-116, em Feira de Santana (BA)","link":"https:\/\/minutobahia24h.com.br\/?p=24281"}],"jetpack_sharing_enabled":true,"jetpack_featured_media_url":"https:\/\/i0.wp.com\/minutobahia24h.com.br\/wp-content\/uploads\/2025\/02\/Sem-titulo-188.jpg?fit=768%2C576&ssl=1","_links":{"self":[{"href":"https:\/\/minutobahia24h.com.br\/index.php?rest_route=\/wp\/v2\/posts\/24281","targetHints":{"allow":["GET"]}}],"collection":[{"href":"https:\/\/minutobahia24h.com.br\/index.php?rest_route=\/wp\/v2\/posts"}],"about":[{"href":"https:\/\/minutobahia24h.com.br\/index.php?rest_route=\/wp\/v2\/types\/post"}],"author":[{"embeddable":true,"href":"https:\/\/minutobahia24h.com.br\/index.php?rest_route=\/wp\/v2\/users\/2"}],"replies":[{"embeddable":true,"href":"https:\/\/minutobahia24h.com.br\/index.php?rest_route=%2Fwp%2Fv2%2Fcomments&post=24281"}],"version-history":[{"count":1,"href":"https:\/\/minutobahia24h.com.br\/index.php?rest_route=\/wp\/v2\/posts\/24281\/revisions"}],"predecessor-version":[{"id":24283,"href":"https:\/\/minutobahia24h.com.br\/index.php?rest_route=\/wp\/v2\/posts\/24281\/revisions\/24283"}],"wp:featuredmedia":[{"embeddable":true,"href":"https:\/\/minutobahia24h.com.br\/index.php?rest_route=\/wp\/v2\/media\/24282"}],"wp:attachment":[{"href":"https:\/\/minutobahia24h.com.br\/index.php?rest_route=%2Fwp%2Fv2%2Fmedia&parent=24281"}],"wp:term":[{"taxonomy":"category","embeddable":true,"href":"https:\/\/minutobahia24h.com.br\/index.php?rest_route=%2Fwp%2Fv2%2Fcategories&post=24281"},{"taxonomy":"post_tag","embeddable":true,"href":"https:\/\/minutobahia24h.com.br\/index.php?rest_route=%2Fwp%2Fv2%2Ftags&post=24281"}],"curies":[{"name":"wp","href":"https:\/\/api.w.org\/{rel}","templated":true}]}}