{"id":24278,"date":"2025-02-11T15:16:31","date_gmt":"2025-02-11T18:16:31","guid":{"rendered":"https:\/\/minutobahia24h.com.br\/?p=24278"},"modified":"2025-02-11T15:16:33","modified_gmt":"2025-02-11T18:16:33","slug":"bebe-de-1-ano-morre-ao-dar-entrada-em-hospital-com-desnutricao-e-marcas-de-agressao-pais-foram-presos-por-maus-tratos","status":"publish","type":"post","link":"https:\/\/minutobahia24h.com.br\/?p=24278","title":{"rendered":"Beb\u00ea de 1 ano morre ao dar entrada em hospital com desnutri\u00e7\u00e3o e marcas de agress\u00e3o; pais foram presos por maus-tratos"},"content":{"rendered":"<div class=\"wp-block-image\">\n<figure class=\"aligncenter size-full\"><img data-recalc-dims=\"1\" fetchpriority=\"high\" decoding=\"async\" width=\"422\" height=\"522\" src=\"https:\/\/i0.wp.com\/minutobahia24h.com.br\/wp-content\/uploads\/2025\/02\/Sem-titulo-187.jpg?resize=422%2C522&#038;ssl=1\" alt=\"\" class=\"wp-image-24279\" srcset=\"https:\/\/i0.wp.com\/minutobahia24h.com.br\/wp-content\/uploads\/2025\/02\/Sem-titulo-187.jpg?w=422&amp;ssl=1 422w, https:\/\/i0.wp.com\/minutobahia24h.com.br\/wp-content\/uploads\/2025\/02\/Sem-titulo-187.jpg?resize=243%2C300&amp;ssl=1 243w\" sizes=\"(max-width: 422px) 100vw, 422px\" \/><\/figure>\n<\/div>\n\n\n<p class=\"wp-block-paragraph\">Uma beb\u00ea de 1 ano e 5 meses morreu ap\u00f3s dar entrada no Hospital Municipal de Barra do Cho\u00e7a, no sudoeste da Bahia, com insufici\u00eancia respirat\u00f3ria, desnutri\u00e7\u00e3o grave e marcas de agress\u00e3o. Segundo a Pol\u00edcia Civil, os pais dela foram presos por maus-tratos.<\/p>\n\n\n\n<p class=\"wp-block-paragraph\">De acordo com a pol\u00edcia, a menina, que n\u00e3o teve a identidade revelada, foi encontrada na \u00faltima quinta-feira (6), dentro da casa da fam\u00edlia, por uma equipe do Centro de Refer\u00eancia de Assist\u00eancia Social (CRAS), deitada na cama, perto de insetos e com quadro de desnutri\u00e7\u00e3o grave.<\/p>\n\n\n\n<p class=\"wp-block-paragraph\">A menina foi levada para o Hospital Municipal de Barra do Cho\u00e7a, onde chegou em estado grave e recebeu os primeiros atendimentos. Um pedido de transfer\u00eancia para uma unidade especializada chegou a ser feito e autorizado, mas a beb\u00ea n\u00e3o resistiu.<\/p>\n\n\n\n<p class=\"wp-block-paragraph\">A pol\u00edcia do munic\u00edpio afirmou que a menina pesava cerca de 5kg. O ideal para a idade dela \u00e9 que ela pesasse entre 10kg e 12 kg.<\/p>\n\n\n\n<p class=\"wp-block-paragraph\">Ap\u00f3s a beb\u00ea morrer, o pai da menina, um homem de 26 anos e a m\u00e3e, uma mulher de 29, foram levados para a Delegacia Territorial (DT) de Barra do Cho\u00e7a, onde est\u00e3o \u00e0 disposi\u00e7\u00e3o da Justi\u00e7a e o caso \u00e9 investigado.<\/p>\n\n\n\n<p class=\"wp-block-paragraph\">Fonte: g1 Bahia<\/p>\n","protected":false},"excerpt":{"rendered":"<p>Uma beb\u00ea de 1 ano e 5 meses morreu ap\u00f3s dar entrada no Hospital Municipal de Barra do Cho\u00e7a, no sudoeste da Bahia, com insufici\u00eancia respirat\u00f3ria, desnutri\u00e7\u00e3o grave e marcas de agress\u00e3o. Segundo a Pol\u00edcia Civil, os pais dela foram presos por maus-tratos. De acordo com a pol\u00edcia, a menina, que n\u00e3o teve a identidade [&hellip;]<\/p>\n","protected":false},"author":2,"featured_media":24279,"comment_status":"open","ping_status":"open","sticky":false,"template":"","format":"standard","meta":{"_jetpack_newsletter_access":"","_jetpack_dont_email_post_to_subs":false,"_jetpack_newsletter_tier_id":0,"_jetpack_memberships_contains_paywalled_content":false,"_jetpack_feature_clip_id":0,"_jetpack_memberships_contains_paid_content":false,"footnotes":"","jetpack_post_was_ever_published":false},"categories":[46],"tags":[],"class_list":["post-24278","post","type-post","status-publish","format-standard","has-post-thumbnail","hentry","category-noticia"],"aioseo_notices":[],"aioseo_head":"\n\t\t<!-- All in One SEO 5.0.1.1 - aioseo.com -->\n\t<meta name=\"description\" content=\"Uma beb\u00ea de 1 ano e 5 meses morreu ap\u00f3s dar entrada no Hospital Municipal de Barra do Cho\u00e7a, no sudoeste da Bahia, com insufici\u00eancia respirat\u00f3ria, desnutri\u00e7\u00e3o grave e marcas de agress\u00e3o. Segundo a Pol\u00edcia Civil, os pais dela foram presos por maus-tratos. De acordo com a pol\u00edcia, a menina, que n\u00e3o teve a identidade\" \/>\n\t<meta name=\"robots\" content=\"max-image-preview:large\" \/>\n\t<meta name=\"author\" content=\"andre\"\/>\n\t<link rel=\"canonical\" href=\"https:\/\/minutobahia24h.com.br\/?p=24278\" \/>\n\t<meta name=\"generator\" content=\"All in One SEO (AIOSEO) 5.0.1.1\" \/>\n\t\t<meta property=\"og:locale\" content=\"pt_BR\" \/>\n\t\t<meta property=\"og:site_name\" content=\"Minuto Bahia 24h - O seu portal de not\u00edcias\" \/>\n\t\t<meta property=\"og:type\" content=\"article\" \/>\n\t\t<meta property=\"og:title\" content=\"Beb\u00ea de 1 ano morre ao dar entrada em hospital com desnutri\u00e7\u00e3o e marcas de agress\u00e3o; pais foram presos por maus-tratos - Minuto Bahia 24h\" \/>\n\t\t<meta property=\"og:description\" content=\"Uma beb\u00ea de 1 ano e 5 meses morreu ap\u00f3s dar entrada no Hospital Municipal de Barra do Cho\u00e7a, no sudoeste da Bahia, com insufici\u00eancia respirat\u00f3ria, desnutri\u00e7\u00e3o grave e marcas de agress\u00e3o. Segundo a Pol\u00edcia Civil, os pais dela foram presos por maus-tratos. De acordo com a pol\u00edcia, a menina, que n\u00e3o teve a identidade\" \/>\n\t\t<meta property=\"og:url\" content=\"https:\/\/minutobahia24h.com.br\/?p=24278\" \/>\n\t\t<meta property=\"og:image\" content=\"https:\/\/minutobahia24h.com.br\/wp-content\/uploads\/2025\/02\/Sem-titulo-187.jpg\" \/>\n\t\t<meta property=\"og:image:secure_url\" content=\"https:\/\/minutobahia24h.com.br\/wp-content\/uploads\/2025\/02\/Sem-titulo-187.jpg\" \/>\n\t\t<meta property=\"og:image:width\" content=\"422\" \/>\n\t\t<meta property=\"og:image:height\" content=\"522\" \/>\n\t\t<meta property=\"article:published_time\" content=\"2025-02-11T18:16:31+00:00\" \/>\n\t\t<meta property=\"article:modified_time\" content=\"2025-02-11T18:16:33+00:00\" \/>\n\t\t<meta name=\"twitter:card\" content=\"summary_large_image\" \/>\n\t\t<meta name=\"twitter:title\" content=\"Beb\u00ea de 1 ano morre ao dar entrada em hospital com desnutri\u00e7\u00e3o e marcas de agress\u00e3o; pais foram presos por maus-tratos - Minuto Bahia 24h\" \/>\n\t\t<meta name=\"twitter:description\" content=\"Uma beb\u00ea de 1 ano e 5 meses morreu ap\u00f3s dar entrada no Hospital Municipal de Barra do Cho\u00e7a, no sudoeste da Bahia, com insufici\u00eancia respirat\u00f3ria, desnutri\u00e7\u00e3o grave e marcas de agress\u00e3o. Segundo a Pol\u00edcia Civil, os pais dela foram presos por maus-tratos. De acordo com a pol\u00edcia, a menina, que n\u00e3o teve a identidade\" \/>\n\t\t<meta name=\"twitter:image\" content=\"https:\/\/minutobahia24h.com.br\/wp-content\/uploads\/2025\/02\/Sem-titulo-187.jpg\" \/>\n\t\t<script type=\"application\/ld+json\" class=\"aioseo-schema\">\n\t\t\t{\"@context\":\"https:\\\/\\\/schema.org\",\"@graph\":[{\"@type\":\"BlogPosting\",\"@id\":\"https:\\\/\\\/minutobahia24h.com.br\\\/?p=24278#blogposting\",\"name\":\"Beb\\u00ea de 1 ano morre ao dar entrada em hospital com desnutri\\u00e7\\u00e3o e marcas de agress\\u00e3o; pais foram presos por maus-tratos - Minuto Bahia 24h\",\"headline\":\"Beb\\u00ea de 1 ano morre ao dar entrada em hospital com desnutri\\u00e7\\u00e3o e marcas de agress\\u00e3o; pais foram presos por maus-tratos\",\"author\":{\"@id\":\"https:\\\/\\\/minutobahia24h.com.br\\\/?author=2#author\"},\"publisher\":{\"@id\":\"https:\\\/\\\/minutobahia24h.com.br\\\/#organization\"},\"image\":{\"@type\":\"ImageObject\",\"url\":\"https:\\\/\\\/i0.wp.com\\\/minutobahia24h.com.br\\\/wp-content\\\/uploads\\\/2025\\\/02\\\/Sem-titulo-187.jpg?fit=422%2C522&ssl=1\",\"width\":422,\"height\":522},\"datePublished\":\"2025-02-11T15:16:31-03:00\",\"dateModified\":\"2025-02-11T15:16:33-03:00\",\"inLanguage\":\"pt-BR\",\"mainEntityOfPage\":{\"@id\":\"https:\\\/\\\/minutobahia24h.com.br\\\/?p=24278#webpage\"},\"isPartOf\":{\"@id\":\"https:\\\/\\\/minutobahia24h.com.br\\\/?p=24278#webpage\"},\"articleSection\":\"Not\\u00edcia\"},{\"@type\":\"BreadcrumbList\",\"@id\":\"https:\\\/\\\/minutobahia24h.com.br\\\/?p=24278#breadcrumblist\",\"itemListElement\":[{\"@type\":\"ListItem\",\"@id\":\"https:\\\/\\\/minutobahia24h.com.br#listItem\",\"position\":1,\"name\":\"In\\u00edcio\",\"item\":\"https:\\\/\\\/minutobahia24h.com.br\",\"nextItem\":{\"@type\":\"ListItem\",\"@id\":\"https:\\\/\\\/minutobahia24h.com.br\\\/?cat=46#listItem\",\"name\":\"Not\\u00edcia\"}},{\"@type\":\"ListItem\",\"@id\":\"https:\\\/\\\/minutobahia24h.com.br\\\/?cat=46#listItem\",\"position\":2,\"name\":\"Not\\u00edcia\",\"item\":\"https:\\\/\\\/minutobahia24h.com.br\\\/?cat=46\",\"nextItem\":{\"@type\":\"ListItem\",\"@id\":\"https:\\\/\\\/minutobahia24h.com.br\\\/?p=24278#listItem\",\"name\":\"Beb\\u00ea de 1 ano morre ao dar entrada em hospital com desnutri\\u00e7\\u00e3o e marcas de agress\\u00e3o; pais foram presos por maus-tratos\"},\"previousItem\":{\"@type\":\"ListItem\",\"@id\":\"https:\\\/\\\/minutobahia24h.com.br#listItem\",\"name\":\"In\\u00edcio\"}},{\"@type\":\"ListItem\",\"@id\":\"https:\\\/\\\/minutobahia24h.com.br\\\/?p=24278#listItem\",\"position\":3,\"name\":\"Beb\\u00ea de 1 ano morre ao dar entrada em hospital com desnutri\\u00e7\\u00e3o e marcas de agress\\u00e3o; pais foram presos por maus-tratos\",\"previousItem\":{\"@type\":\"ListItem\",\"@id\":\"https:\\\/\\\/minutobahia24h.com.br\\\/?cat=46#listItem\",\"name\":\"Not\\u00edcia\"}}]},{\"@type\":\"Organization\",\"@id\":\"https:\\\/\\\/minutobahia24h.com.br\\\/#organization\",\"name\":\"Minuto Bahia 24h\",\"description\":\"O seu portal de not\\u00edcias\",\"url\":\"https:\\\/\\\/minutobahia24h.com.br\\\/\",\"logo\":{\"@type\":\"ImageObject\",\"url\":\"https:\\\/\\\/i0.wp.com\\\/minutobahia24h.com.br\\\/wp-content\\\/uploads\\\/2023\\\/09\\\/cropped-minutoba.png?fit=457%2C119&ssl=1\",\"@id\":\"https:\\\/\\\/minutobahia24h.com.br\\\/?p=24278\\\/#organizationLogo\",\"width\":457,\"height\":119},\"image\":{\"@id\":\"https:\\\/\\\/minutobahia24h.com.br\\\/?p=24278\\\/#organizationLogo\"}},{\"@type\":\"Person\",\"@id\":\"https:\\\/\\\/minutobahia24h.com.br\\\/?author=2#author\",\"url\":\"https:\\\/\\\/minutobahia24h.com.br\\\/?author=2\",\"name\":\"andre\",\"image\":{\"@type\":\"ImageObject\",\"@id\":\"https:\\\/\\\/minutobahia24h.com.br\\\/?p=24278#authorImage\",\"url\":\"https:\\\/\\\/secure.gravatar.com\\\/avatar\\\/0ec5eafed5f3925c321625d79a680d589901b94bca787ae396a35f6c4a960922?s=96&d=mm&r=g\",\"width\":96,\"height\":96,\"caption\":\"andre\"}},{\"@type\":\"WebPage\",\"@id\":\"https:\\\/\\\/minutobahia24h.com.br\\\/?p=24278#webpage\",\"url\":\"https:\\\/\\\/minutobahia24h.com.br\\\/?p=24278\",\"name\":\"Beb\\u00ea de 1 ano morre ao dar entrada em hospital com desnutri\\u00e7\\u00e3o e marcas de agress\\u00e3o; pais foram presos por maus-tratos - Minuto Bahia 24h\",\"description\":\"Uma beb\\u00ea de 1 ano e 5 meses morreu ap\\u00f3s dar entrada no Hospital Municipal de Barra do Cho\\u00e7a, no sudoeste da Bahia, com insufici\\u00eancia respirat\\u00f3ria, desnutri\\u00e7\\u00e3o grave e marcas de agress\\u00e3o. Segundo a Pol\\u00edcia Civil, os pais dela foram presos por maus-tratos. De acordo com a pol\\u00edcia, a menina, que n\\u00e3o teve a identidade\",\"inLanguage\":\"pt-BR\",\"isPartOf\":{\"@id\":\"https:\\\/\\\/minutobahia24h.com.br\\\/#website\"},\"breadcrumb\":{\"@id\":\"https:\\\/\\\/minutobahia24h.com.br\\\/?p=24278#breadcrumblist\"},\"author\":{\"@id\":\"https:\\\/\\\/minutobahia24h.com.br\\\/?author=2#author\"},\"creator\":{\"@id\":\"https:\\\/\\\/minutobahia24h.com.br\\\/?author=2#author\"},\"image\":{\"@type\":\"ImageObject\",\"url\":\"https:\\\/\\\/i0.wp.com\\\/minutobahia24h.com.br\\\/wp-content\\\/uploads\\\/2025\\\/02\\\/Sem-titulo-187.jpg?fit=422%2C522&ssl=1\",\"@id\":\"https:\\\/\\\/minutobahia24h.com.br\\\/?p=24278\\\/#mainImage\",\"width\":422,\"height\":522},\"primaryImageOfPage\":{\"@id\":\"https:\\\/\\\/minutobahia24h.com.br\\\/?p=24278#mainImage\"},\"datePublished\":\"2025-02-11T15:16:31-03:00\",\"dateModified\":\"2025-02-11T15:16:33-03:00\"},{\"@type\":\"WebSite\",\"@id\":\"https:\\\/\\\/minutobahia24h.com.br\\\/#website\",\"url\":\"https:\\\/\\\/minutobahia24h.com.br\\\/\",\"name\":\"Minuto Bahia 24h\",\"description\":\"O seu portal de not\\u00edcias\",\"inLanguage\":\"pt-BR\",\"publisher\":{\"@id\":\"https:\\\/\\\/minutobahia24h.com.br\\\/#organization\"}}]}\n\t\t<\/script>\n\t\t<!-- All in One SEO -->\n\n","aioseo_head_json":{"title":"Beb\u00ea de 1 ano morre ao dar entrada em hospital com desnutri\u00e7\u00e3o e marcas de agress\u00e3o; pais foram presos por maus-tratos - Minuto Bahia 24h","description":"Uma beb\u00ea de 1 ano e 5 meses morreu ap\u00f3s dar entrada no Hospital Municipal de Barra do Cho\u00e7a, no sudoeste da Bahia, com insufici\u00eancia respirat\u00f3ria, desnutri\u00e7\u00e3o grave e marcas de agress\u00e3o. Segundo a Pol\u00edcia Civil, os pais dela foram presos por maus-tratos. De acordo com a pol\u00edcia, a menina, que n\u00e3o teve a identidade","canonical_url":"https:\/\/minutobahia24h.com.br\/?p=24278","robots":"max-image-preview:large","keywords":"","webmasterTools":{"miscellaneous":""},"schema":{"@context":"https:\/\/schema.org","@graph":[{"@type":"BlogPosting","@id":"https:\/\/minutobahia24h.com.br\/?p=24278#blogposting","name":"Beb\u00ea de 1 ano morre ao dar entrada em hospital com desnutri\u00e7\u00e3o e marcas de agress\u00e3o; pais foram presos por maus-tratos - Minuto Bahia 24h","headline":"Beb\u00ea de 1 ano morre ao dar entrada em hospital com desnutri\u00e7\u00e3o e marcas de agress\u00e3o; pais foram presos por maus-tratos","author":{"@id":"https:\/\/minutobahia24h.com.br\/?author=2#author"},"publisher":{"@id":"https:\/\/minutobahia24h.com.br\/#organization"},"image":{"@type":"ImageObject","url":"https:\/\/i0.wp.com\/minutobahia24h.com.br\/wp-content\/uploads\/2025\/02\/Sem-titulo-187.jpg?fit=422%2C522&ssl=1","width":422,"height":522},"datePublished":"2025-02-11T15:16:31-03:00","dateModified":"2025-02-11T15:16:33-03:00","inLanguage":"pt-BR","mainEntityOfPage":{"@id":"https:\/\/minutobahia24h.com.br\/?p=24278#webpage"},"isPartOf":{"@id":"https:\/\/minutobahia24h.com.br\/?p=24278#webpage"},"articleSection":"Not\u00edcia"},{"@type":"BreadcrumbList","@id":"https:\/\/minutobahia24h.com.br\/?p=24278#breadcrumblist","itemListElement":[{"@type":"ListItem","@id":"https:\/\/minutobahia24h.com.br#listItem","position":1,"name":"In\u00edcio","item":"https:\/\/minutobahia24h.com.br","nextItem":{"@type":"ListItem","@id":"https:\/\/minutobahia24h.com.br\/?cat=46#listItem","name":"Not\u00edcia"}},{"@type":"ListItem","@id":"https:\/\/minutobahia24h.com.br\/?cat=46#listItem","position":2,"name":"Not\u00edcia","item":"https:\/\/minutobahia24h.com.br\/?cat=46","nextItem":{"@type":"ListItem","@id":"https:\/\/minutobahia24h.com.br\/?p=24278#listItem","name":"Beb\u00ea de 1 ano morre ao dar entrada em hospital com desnutri\u00e7\u00e3o e marcas de agress\u00e3o; pais foram presos por maus-tratos"},"previousItem":{"@type":"ListItem","@id":"https:\/\/minutobahia24h.com.br#listItem","name":"In\u00edcio"}},{"@type":"ListItem","@id":"https:\/\/minutobahia24h.com.br\/?p=24278#listItem","position":3,"name":"Beb\u00ea de 1 ano morre ao dar entrada em hospital com desnutri\u00e7\u00e3o e marcas de agress\u00e3o; pais foram presos por maus-tratos","previousItem":{"@type":"ListItem","@id":"https:\/\/minutobahia24h.com.br\/?cat=46#listItem","name":"Not\u00edcia"}}]},{"@type":"Organization","@id":"https:\/\/minutobahia24h.com.br\/#organization","name":"Minuto Bahia 24h","description":"O seu portal de not\u00edcias","url":"https:\/\/minutobahia24h.com.br\/","logo":{"@type":"ImageObject","url":"https:\/\/i0.wp.com\/minutobahia24h.com.br\/wp-content\/uploads\/2023\/09\/cropped-minutoba.png?fit=457%2C119&ssl=1","@id":"https:\/\/minutobahia24h.com.br\/?p=24278\/#organizationLogo","width":457,"height":119},"image":{"@id":"https:\/\/minutobahia24h.com.br\/?p=24278\/#organizationLogo"}},{"@type":"Person","@id":"https:\/\/minutobahia24h.com.br\/?author=2#author","url":"https:\/\/minutobahia24h.com.br\/?author=2","name":"andre","image":{"@type":"ImageObject","@id":"https:\/\/minutobahia24h.com.br\/?p=24278#authorImage","url":"https:\/\/secure.gravatar.com\/avatar\/0ec5eafed5f3925c321625d79a680d589901b94bca787ae396a35f6c4a960922?s=96&d=mm&r=g","width":96,"height":96,"caption":"andre"}},{"@type":"WebPage","@id":"https:\/\/minutobahia24h.com.br\/?p=24278#webpage","url":"https:\/\/minutobahia24h.com.br\/?p=24278","name":"Beb\u00ea de 1 ano morre ao dar entrada em hospital com desnutri\u00e7\u00e3o e marcas de agress\u00e3o; pais foram presos por maus-tratos - Minuto Bahia 24h","description":"Uma beb\u00ea de 1 ano e 5 meses morreu ap\u00f3s dar entrada no Hospital Municipal de Barra do Cho\u00e7a, no sudoeste da Bahia, com insufici\u00eancia respirat\u00f3ria, desnutri\u00e7\u00e3o grave e marcas de agress\u00e3o. Segundo a Pol\u00edcia Civil, os pais dela foram presos por maus-tratos. De acordo com a pol\u00edcia, a menina, que n\u00e3o teve a identidade","inLanguage":"pt-BR","isPartOf":{"@id":"https:\/\/minutobahia24h.com.br\/#website"},"breadcrumb":{"@id":"https:\/\/minutobahia24h.com.br\/?p=24278#breadcrumblist"},"author":{"@id":"https:\/\/minutobahia24h.com.br\/?author=2#author"},"creator":{"@id":"https:\/\/minutobahia24h.com.br\/?author=2#author"},"image":{"@type":"ImageObject","url":"https:\/\/i0.wp.com\/minutobahia24h.com.br\/wp-content\/uploads\/2025\/02\/Sem-titulo-187.jpg?fit=422%2C522&ssl=1","@id":"https:\/\/minutobahia24h.com.br\/?p=24278\/#mainImage","width":422,"height":522},"primaryImageOfPage":{"@id":"https:\/\/minutobahia24h.com.br\/?p=24278#mainImage"},"datePublished":"2025-02-11T15:16:31-03:00","dateModified":"2025-02-11T15:16:33-03:00"},{"@type":"WebSite","@id":"https:\/\/minutobahia24h.com.br\/#website","url":"https:\/\/minutobahia24h.com.br\/","name":"Minuto Bahia 24h","description":"O seu portal de not\u00edcias","inLanguage":"pt-BR","publisher":{"@id":"https:\/\/minutobahia24h.com.br\/#organization"}}]},"og:locale":"pt_BR","og:site_name":"Minuto Bahia 24h - O seu portal de not\u00edcias","og:type":"article","og:title":"Beb\u00ea de 1 ano morre ao dar entrada em hospital com desnutri\u00e7\u00e3o e marcas de agress\u00e3o; pais foram presos por maus-tratos - Minuto Bahia 24h","og:description":"Uma beb\u00ea de 1 ano e 5 meses morreu ap\u00f3s dar entrada no Hospital Municipal de Barra do Cho\u00e7a, no sudoeste da Bahia, com insufici\u00eancia respirat\u00f3ria, desnutri\u00e7\u00e3o grave e marcas de agress\u00e3o. Segundo a Pol\u00edcia Civil, os pais dela foram presos por maus-tratos. De acordo com a pol\u00edcia, a menina, que n\u00e3o teve a identidade","og:url":"https:\/\/minutobahia24h.com.br\/?p=24278","og:image":"https:\/\/minutobahia24h.com.br\/wp-content\/uploads\/2025\/02\/Sem-titulo-187.jpg","og:image:secure_url":"https:\/\/minutobahia24h.com.br\/wp-content\/uploads\/2025\/02\/Sem-titulo-187.jpg","og:image:width":422,"og:image:height":522,"article:published_time":"2025-02-11T18:16:31+00:00","article:modified_time":"2025-02-11T18:16:33+00:00","twitter:card":"summary_large_image","twitter:title":"Beb\u00ea de 1 ano morre ao dar entrada em hospital com desnutri\u00e7\u00e3o e marcas de agress\u00e3o; pais foram presos por maus-tratos - Minuto Bahia 24h","twitter:description":"Uma beb\u00ea de 1 ano e 5 meses morreu ap\u00f3s dar entrada no Hospital Municipal de Barra do Cho\u00e7a, no sudoeste da Bahia, com insufici\u00eancia respirat\u00f3ria, desnutri\u00e7\u00e3o grave e marcas de agress\u00e3o. Segundo a Pol\u00edcia Civil, os pais dela foram presos por maus-tratos. De acordo com a pol\u00edcia, a menina, que n\u00e3o teve a identidade","twitter:image":"https:\/\/minutobahia24h.com.br\/wp-content\/uploads\/2025\/02\/Sem-titulo-187.jpg"},"aioseo_meta_data":{"post_id":"24278","title":null,"description":null,"keywords":null,"keyphrases":{"focus":{"keyphrase":"","score":0,"analysis":{"keyphraseInTitle":{"score":0,"maxScore":9,"error":1}}},"additional":[]},"primary_term":null,"canonical_url":null,"og_title":null,"og_description":null,"og_object_type":"default","og_image_type":"default","og_image_url":null,"og_image_width":null,"og_image_height":null,"og_image_custom_url":null,"og_image_custom_fields":null,"og_video":"","og_custom_url":null,"og_article_section":null,"og_article_tags":null,"twitter_use_og":true,"twitter_card":"default","twitter_image_type":"default","twitter_image_url":null,"twitter_image_custom_url":null,"twitter_image_custom_fields":null,"twitter_title":null,"twitter_description":null,"schema":{"blockGraphs":[],"customGraphs":[],"default":{"data":{"Article":[],"Course":[],"Dataset":[],"FAQPage":[],"Movie":[],"Person":[],"Product":[],"ProductReview":[],"Car":[],"Recipe":[],"Service":[],"SoftwareApplication":[],"WebPage":[]},"graphName":"BlogPosting","isEnabled":true},"graphs":[]},"schema_type":"default","schema_type_options":null,"pillar_content":false,"robots_default":true,"robots_noindex":false,"robots_noarchive":false,"robots_nosnippet":false,"robots_nofollow":false,"robots_noimageindex":false,"robots_noodp":false,"robots_notranslate":false,"robots_max_snippet":"-1","robots_max_videopreview":"-1","robots_max_imagepreview":"large","priority":null,"frequency":"default","local_seo":null,"breadcrumb_settings":null,"limit_modified_date":false,"ai":null,"created":"2025-02-11 18:16:33","updated":"2025-06-05 12:36:16","seo_analyzer_scan_date":null,"focus_keyword":null,"additional_keywords":null,"truseo_locale":null},"aioseo_breadcrumb":"<div class=\"aioseo-breadcrumbs\"><span class=\"aioseo-breadcrumb\">\n\t\t\t<a href=\"https:\/\/minutobahia24h.com.br\" title=\"In\u00edcio\">In\u00edcio<\/a>\n\t\t<\/span><span class=\"aioseo-breadcrumb-separator\">&raquo;<\/span><span class=\"aioseo-breadcrumb\">\n\t\t\t<a href=\"https:\/\/minutobahia24h.com.br\/?cat=46\" title=\"Not\u00edcia\">Not\u00edcia<\/a>\n\t\t<\/span><span class=\"aioseo-breadcrumb-separator\">&raquo;<\/span><span class=\"aioseo-breadcrumb\">\n\t\t\tBeb\u00ea de 1 ano morre ao dar entrada em hospital com desnutri\u00e7\u00e3o e marcas de agress\u00e3o; pais foram presos por maus-tratos\n\t\t<\/span><\/div>","aioseo_breadcrumb_json":[{"label":"In\u00edcio","link":"https:\/\/minutobahia24h.com.br"},{"label":"Not\u00edcia","link":"https:\/\/minutobahia24h.com.br\/?cat=46"},{"label":"Beb\u00ea de 1 ano morre ao dar entrada em hospital com desnutri\u00e7\u00e3o e marcas de agress\u00e3o; pais foram presos por maus-tratos","link":"https:\/\/minutobahia24h.com.br\/?p=24278"}],"jetpack_sharing_enabled":true,"jetpack_featured_media_url":"https:\/\/i0.wp.com\/minutobahia24h.com.br\/wp-content\/uploads\/2025\/02\/Sem-titulo-187.jpg?fit=422%2C522&ssl=1","_links":{"self":[{"href":"https:\/\/minutobahia24h.com.br\/index.php?rest_route=\/wp\/v2\/posts\/24278","targetHints":{"allow":["GET"]}}],"collection":[{"href":"https:\/\/minutobahia24h.com.br\/index.php?rest_route=\/wp\/v2\/posts"}],"about":[{"href":"https:\/\/minutobahia24h.com.br\/index.php?rest_route=\/wp\/v2\/types\/post"}],"author":[{"embeddable":true,"href":"https:\/\/minutobahia24h.com.br\/index.php?rest_route=\/wp\/v2\/users\/2"}],"replies":[{"embeddable":true,"href":"https:\/\/minutobahia24h.com.br\/index.php?rest_route=%2Fwp%2Fv2%2Fcomments&post=24278"}],"version-history":[{"count":1,"href":"https:\/\/minutobahia24h.com.br\/index.php?rest_route=\/wp\/v2\/posts\/24278\/revisions"}],"predecessor-version":[{"id":24280,"href":"https:\/\/minutobahia24h.com.br\/index.php?rest_route=\/wp\/v2\/posts\/24278\/revisions\/24280"}],"wp:featuredmedia":[{"embeddable":true,"href":"https:\/\/minutobahia24h.com.br\/index.php?rest_route=\/wp\/v2\/media\/24279"}],"wp:attachment":[{"href":"https:\/\/minutobahia24h.com.br\/index.php?rest_route=%2Fwp%2Fv2%2Fmedia&parent=24278"}],"wp:term":[{"taxonomy":"category","embeddable":true,"href":"https:\/\/minutobahia24h.com.br\/index.php?rest_route=%2Fwp%2Fv2%2Fcategories&post=24278"},{"taxonomy":"post_tag","embeddable":true,"href":"https:\/\/minutobahia24h.com.br\/index.php?rest_route=%2Fwp%2Fv2%2Ftags&post=24278"}],"curies":[{"name":"wp","href":"https:\/\/api.w.org\/{rel}","templated":true}]}}