{"id":24257,"date":"2025-02-11T07:48:42","date_gmt":"2025-02-11T10:48:42","guid":{"rendered":"https:\/\/minutobahia24h.com.br\/?p=24257"},"modified":"2025-02-11T07:48:43","modified_gmt":"2025-02-11T10:48:43","slug":"pe-de-meia-tcu-marca-julgamento-sobre-o-programa-para-quarta-feira-12","status":"publish","type":"post","link":"https:\/\/minutobahia24h.com.br\/?p=24257","title":{"rendered":"P\u00e9-de-Meia: TCU marca julgamento sobre o programa para quarta-feira (12)"},"content":{"rendered":"<div class=\"wp-block-image\">\n<figure class=\"aligncenter size-full\"><img data-recalc-dims=\"1\" fetchpriority=\"high\" decoding=\"async\" width=\"600\" height=\"421\" src=\"https:\/\/i0.wp.com\/minutobahia24h.com.br\/wp-content\/uploads\/2025\/02\/Sem-titulo-184.jpg?resize=600%2C421&#038;ssl=1\" alt=\"\" class=\"wp-image-24258\" srcset=\"https:\/\/i0.wp.com\/minutobahia24h.com.br\/wp-content\/uploads\/2025\/02\/Sem-titulo-184.jpg?w=600&amp;ssl=1 600w, https:\/\/i0.wp.com\/minutobahia24h.com.br\/wp-content\/uploads\/2025\/02\/Sem-titulo-184.jpg?resize=300%2C211&amp;ssl=1 300w\" sizes=\"(max-width: 600px) 100vw, 600px\" \/><figcaption class=\"wp-element-caption\">Foto: TCU\/FlTickr<br><\/figcaption><\/figure>\n<\/div>\n\n\n<p>Uma das principais apostas sociais do governo para a campanha de reelei\u00e7\u00e3o do presidente Lula (PT), o programa P\u00e9-de-Meia ser\u00e1 julgado na quarta-feira (12), no TCU (Tribunal de Contas da Uni\u00e3o). A decis\u00e3o \u00e9 do presidente da Corte, Vital do R\u00eago.<\/p>\n\n\n\n<p>O ministro do TCU, Augusto Nardes, suspendeu, em 17 de janeiro, parte dos recursos do programa. O plen\u00e1rio da Corte seguiu Nardes em decis\u00e3o cautelar, mas falta um veredito definitivo ainda.<\/p>\n\n\n\n<p>A decis\u00e3o foi seguida pela \u00e1rea t\u00e9cnica da Corte, que entendeu que os recursos n\u00e3o estavam previstos na Lei Or\u00e7ament\u00e1ria Anual, mas, sim, em fundos privados, o que impediria a utiliza\u00e7\u00e3o.<\/p>\n\n\n\n<p>Segundo o entendimento do TCU, parte significativa dos recursos para financiar o P\u00e9-de-Meia v\u00eam do Fundo de Custeio e Gest\u00e3o da Poupan\u00e7a de Incentivo \u00e0 Perman\u00eancia e Conclus\u00e3o Escolar para Estudantes do Ensino M\u00e9dio (Fipem), que \u00e9 privado, administrado pela Caixa Econ\u00f4mica, ap\u00f3s autoriza\u00e7\u00e3o legal, no come\u00e7o de 2024, e que \u00e9 abastecido por outros, como o Fundo de Garantia de Opera\u00e7\u00f5es (FGO) e o Fundo de Garantia de Opera\u00e7\u00f5es de Cr\u00e9dito Educativo (FGEDUC).<\/p>\n\n\n\n<p>Com o programa, estudantes do ensino m\u00e9dio recebem R$ 200 por m\u00eas e R$ 1.000 a cada virada de ano, se eles cumprirem determinados requisitos. No planejamento, a estimativa \u00e9 que o P\u00e9-de-Meia alcance quatro milh\u00f5es de alunos da rede p\u00fablica neste ano. O governo planeja ir ao STF caso o TCU suspenda, por definitivo, os recursos.<\/p>\n\n\n\n<p>Bahia.ba<\/p>\n","protected":false},"excerpt":{"rendered":"<p>Uma das principais apostas sociais do governo para a campanha de reelei\u00e7\u00e3o do presidente Lula (PT), o programa P\u00e9-de-Meia ser\u00e1 julgado na quarta-feira (12), no TCU (Tribunal de Contas da Uni\u00e3o). A decis\u00e3o \u00e9 do presidente da Corte, Vital do R\u00eago. O ministro do TCU, Augusto Nardes, suspendeu, em 17 de janeiro, parte dos recursos [&hellip;]<\/p>\n","protected":false},"author":2,"featured_media":24258,"comment_status":"open","ping_status":"open","sticky":false,"template":"","format":"standard","meta":{"_jetpack_memberships_contains_paid_content":false,"footnotes":""},"categories":[39],"tags":[],"class_list":["post-24257","post","type-post","status-publish","format-standard","has-post-thumbnail","hentry","category-politica"],"aioseo_notices":[],"jetpack_featured_media_url":"https:\/\/i0.wp.com\/minutobahia24h.com.br\/wp-content\/uploads\/2025\/02\/Sem-titulo-184.jpg?fit=600%2C421&ssl=1","jetpack_sharing_enabled":true,"_links":{"self":[{"href":"https:\/\/minutobahia24h.com.br\/index.php?rest_route=\/wp\/v2\/posts\/24257","targetHints":{"allow":["GET"]}}],"collection":[{"href":"https:\/\/minutobahia24h.com.br\/index.php?rest_route=\/wp\/v2\/posts"}],"about":[{"href":"https:\/\/minutobahia24h.com.br\/index.php?rest_route=\/wp\/v2\/types\/post"}],"author":[{"embeddable":true,"href":"https:\/\/minutobahia24h.com.br\/index.php?rest_route=\/wp\/v2\/users\/2"}],"replies":[{"embeddable":true,"href":"https:\/\/minutobahia24h.com.br\/index.php?rest_route=%2Fwp%2Fv2%2Fcomments&post=24257"}],"version-history":[{"count":1,"href":"https:\/\/minutobahia24h.com.br\/index.php?rest_route=\/wp\/v2\/posts\/24257\/revisions"}],"predecessor-version":[{"id":24259,"href":"https:\/\/minutobahia24h.com.br\/index.php?rest_route=\/wp\/v2\/posts\/24257\/revisions\/24259"}],"wp:featuredmedia":[{"embeddable":true,"href":"https:\/\/minutobahia24h.com.br\/index.php?rest_route=\/wp\/v2\/media\/24258"}],"wp:attachment":[{"href":"https:\/\/minutobahia24h.com.br\/index.php?rest_route=%2Fwp%2Fv2%2Fmedia&parent=24257"}],"wp:term":[{"taxonomy":"category","embeddable":true,"href":"https:\/\/minutobahia24h.com.br\/index.php?rest_route=%2Fwp%2Fv2%2Fcategories&post=24257"},{"taxonomy":"post_tag","embeddable":true,"href":"https:\/\/minutobahia24h.com.br\/index.php?rest_route=%2Fwp%2Fv2%2Ftags&post=24257"}],"curies":[{"name":"wp","href":"https:\/\/api.w.org\/{rel}","templated":true}]}}