{"id":24251,"date":"2025-02-11T07:45:00","date_gmt":"2025-02-11T10:45:00","guid":{"rendered":"https:\/\/minutobahia24h.com.br\/?p=24251"},"modified":"2025-02-11T07:45:02","modified_gmt":"2025-02-11T10:45:02","slug":"sesab-se-reune-com-representantes-de-instituicoes-publicas-para-debater-implantacao-do-pacto-bahia-pela-saude","status":"publish","type":"post","link":"https:\/\/minutobahia24h.com.br\/?p=24251","title":{"rendered":"Sesab se re\u00fane com representantes de institui\u00e7\u00f5es p\u00fablicas para debater implanta\u00e7\u00e3o do Pacto Bahia pela Sa\u00fade"},"content":{"rendered":"<div class=\"wp-block-image\">\n<figure class=\"aligncenter size-large\"><img data-recalc-dims=\"1\" fetchpriority=\"high\" decoding=\"async\" width=\"800\" height=\"420\" src=\"https:\/\/i0.wp.com\/minutobahia24h.com.br\/wp-content\/uploads\/2025\/02\/Sem-titulo-182-1024x538.jpg?resize=800%2C420&#038;ssl=1\" alt=\"\" class=\"wp-image-24252\" srcset=\"https:\/\/i0.wp.com\/minutobahia24h.com.br\/wp-content\/uploads\/2025\/02\/Sem-titulo-182.jpg?resize=1024%2C538&amp;ssl=1 1024w, https:\/\/i0.wp.com\/minutobahia24h.com.br\/wp-content\/uploads\/2025\/02\/Sem-titulo-182.jpg?resize=300%2C158&amp;ssl=1 300w, https:\/\/i0.wp.com\/minutobahia24h.com.br\/wp-content\/uploads\/2025\/02\/Sem-titulo-182.jpg?resize=768%2C403&amp;ssl=1 768w, https:\/\/i0.wp.com\/minutobahia24h.com.br\/wp-content\/uploads\/2025\/02\/Sem-titulo-182.jpg?resize=750%2C394&amp;ssl=1 750w, https:\/\/i0.wp.com\/minutobahia24h.com.br\/wp-content\/uploads\/2025\/02\/Sem-titulo-182.jpg?resize=1140%2C599&amp;ssl=1 1140w, https:\/\/i0.wp.com\/minutobahia24h.com.br\/wp-content\/uploads\/2025\/02\/Sem-titulo-182.jpg?w=1200&amp;ssl=1 1200w\" sizes=\"(max-width: 800px) 100vw, 800px\" \/><figcaption class=\"wp-element-caption\">Foto: Mayara Fernandes- Ascom\/SJDH<br><\/figcaption><\/figure>\n<\/div>\n\n\n<p>Os avan\u00e7os do Pacto Bahia pela Sa\u00fade foram debatidos nesta segunda-feira (10), durante uma reuni\u00e3o no Centro de Opera\u00e7\u00f5es e Intelig\u00eancia (COI), em Salvador. O encontro foi conduzido pela secret\u00e1ria da Sa\u00fade (Sesab), Roberta Santana, e reuniu representantes de diversas institui\u00e7\u00f5es para discutir estrat\u00e9gias de fortalecimento e regionaliza\u00e7\u00e3o da assist\u00eancia m\u00e9dica no estado, garantindo um atendimento mais eficiente \u00e0 popula\u00e7\u00e3o.<\/p>\n\n\n\n<p>&#8220;Estamos fortalecendo um modelo de assist\u00eancia descentralizado, ampliando o acesso \u00e0 sa\u00fade com mais agilidade e qualidade. Na primeira reuni\u00e3o de desdobramento, definimos que o Comit\u00ea T\u00e9cnico apresentar\u00e1, ainda em mar\u00e7o, os projetos e o plano de a\u00e7\u00e3o ao governador. Saio satisfeita, pois j\u00e1 temos iniciativas promissoras para melhorar os indicadores de sa\u00fade da Bahia.\u201d, afirmou Roberta Santana. A reuni\u00e3o contou tamb\u00e9m com representantes do Minist\u00e9rio da Sa\u00fade, Minist\u00e9rio P\u00fablico, Tribunal de Justi\u00e7a, Defensoria P\u00fablica, Tribunal de Contas, Assembleia Legislativa, Procuradoria Geral do Estado e secretarias estaduais.<\/p>\n\n\n\n<p>INFRAESTRUTURA&nbsp;<\/p>\n\n\n\n<p>Foram debatidos a amplia\u00e7\u00e3o da infraestrutura hospitalar, a otimiza\u00e7\u00e3o da regula\u00e7\u00e3o de atendimentos e a distribui\u00e7\u00e3o dos investimentos. Um dos destaques foi o repasse de R$ 200 milh\u00f5es do Governo Federal, previsto pela Portaria GM\/MS n\u00ba 6.594, para refor\u00e7ar as a\u00e7\u00f5es de M\u00e9dia e Alta Complexidade.<\/p>\n\n\n\n<p>A Bahia est\u00e1 estruturada em nove macrorregi\u00f5es e 28 regi\u00f5es de sa\u00fade, com uma rede estadual que inclui 52 hospitais, 26 policl\u00ednicas regionais, 16 centros de reabilita\u00e7\u00e3o e 304 servi\u00e7os da Rede de Aten\u00e7\u00e3o Psicossocial (RAPS). O planejamento prev\u00ea a expans\u00e3o dos servi\u00e7os especializados.<\/p>\n\n\n\n<p>DESAFIOS<\/p>\n\n\n\n<p>A promotora de Justi\u00e7a Roc\u00edo Garcia, coordenadora do Centro de Apoio Operacional de Defesa da Sa\u00fade do Minist\u00e9rio P\u00fablico, destacou: &#8220;O Minist\u00e9rio P\u00fablico v\u00ea essa iniciativa como fundamental para a melhoria do atendimento \u00e0 popula\u00e7\u00e3o. Nosso papel ser\u00e1 garantir que os compromissos assumidos sejam cumpridos e que a gest\u00e3o da sa\u00fade p\u00fablica avance com transpar\u00eancia e efici\u00eancia.&#8221;<\/p>\n\n\n\n<p>O desembargador M\u00e1rio Albiani Alves J\u00fanior, coordenador do Comit\u00ea Estadual do F\u00f3rum Nacional de Sa\u00fade do Conselho Nacional de Justi\u00e7a (TJ-BA), destacou a import\u00e2ncia do debate sobre o pacto para garantir melhorias no acesso da popula\u00e7\u00e3o aos servi\u00e7os de sa\u00fade: &#8220;Discutir e aprimorar esse modelo \u00e9 essencial para que o sistema funcione de forma mais eficiente, assegurando que os cidad\u00e3os tenham atendimento \u00e1gil e justo, sem a necessidade de recorrer \u00e0 Justi\u00e7a.&#8221;<\/p>\n\n\n\n<p>COMPROMISSOS<\/p>\n\n\n\n<p>Entre os compromissos estabelecidos pelo Pacto Bahia pela Sa\u00fade, est\u00e3o a\u00e7\u00f5es priorit\u00e1rias para o primeiro semestre de 2025, que incluem: aumentar a efici\u00eancia da regula\u00e7\u00e3o da rede de urg\u00eancia e emerg\u00eancia, ampliar e qualificar a aten\u00e7\u00e3o prim\u00e1ria \u00e0 sa\u00fade, e reduzir a mortalidade materna, infantil e neonatal. J\u00e1 para o segundo semestre de 2025, os compromissos incluem ampliar a rede de aten\u00e7\u00e3o a pessoas com defici\u00eancia e autismo, al\u00e9m de expandir a rede de assist\u00eancia psicossocial.<\/p>\n\n\n\n<p>BN<\/p>\n","protected":false},"excerpt":{"rendered":"<p>Os avan\u00e7os do Pacto Bahia pela Sa\u00fade foram debatidos nesta segunda-feira (10), durante uma reuni\u00e3o no Centro de Opera\u00e7\u00f5es e Intelig\u00eancia (COI), em Salvador. O encontro foi conduzido pela secret\u00e1ria da Sa\u00fade (Sesab), Roberta Santana, e reuniu representantes de diversas institui\u00e7\u00f5es para discutir estrat\u00e9gias de fortalecimento e regionaliza\u00e7\u00e3o da assist\u00eancia m\u00e9dica no estado, garantindo um [&hellip;]<\/p>\n","protected":false},"author":2,"featured_media":24252,"comment_status":"open","ping_status":"open","sticky":false,"template":"","format":"standard","meta":{"_jetpack_memberships_contains_paid_content":false,"footnotes":""},"categories":[18],"tags":[],"class_list":["post-24251","post","type-post","status-publish","format-standard","has-post-thumbnail","hentry","category-saude"],"aioseo_notices":[],"jetpack_featured_media_url":"https:\/\/i0.wp.com\/minutobahia24h.com.br\/wp-content\/uploads\/2025\/02\/Sem-titulo-182.jpg?fit=1200%2C630&ssl=1","jetpack_sharing_enabled":true,"_links":{"self":[{"href":"https:\/\/minutobahia24h.com.br\/index.php?rest_route=\/wp\/v2\/posts\/24251","targetHints":{"allow":["GET"]}}],"collection":[{"href":"https:\/\/minutobahia24h.com.br\/index.php?rest_route=\/wp\/v2\/posts"}],"about":[{"href":"https:\/\/minutobahia24h.com.br\/index.php?rest_route=\/wp\/v2\/types\/post"}],"author":[{"embeddable":true,"href":"https:\/\/minutobahia24h.com.br\/index.php?rest_route=\/wp\/v2\/users\/2"}],"replies":[{"embeddable":true,"href":"https:\/\/minutobahia24h.com.br\/index.php?rest_route=%2Fwp%2Fv2%2Fcomments&post=24251"}],"version-history":[{"count":1,"href":"https:\/\/minutobahia24h.com.br\/index.php?rest_route=\/wp\/v2\/posts\/24251\/revisions"}],"predecessor-version":[{"id":24253,"href":"https:\/\/minutobahia24h.com.br\/index.php?rest_route=\/wp\/v2\/posts\/24251\/revisions\/24253"}],"wp:featuredmedia":[{"embeddable":true,"href":"https:\/\/minutobahia24h.com.br\/index.php?rest_route=\/wp\/v2\/media\/24252"}],"wp:attachment":[{"href":"https:\/\/minutobahia24h.com.br\/index.php?rest_route=%2Fwp%2Fv2%2Fmedia&parent=24251"}],"wp:term":[{"taxonomy":"category","embeddable":true,"href":"https:\/\/minutobahia24h.com.br\/index.php?rest_route=%2Fwp%2Fv2%2Fcategories&post=24251"},{"taxonomy":"post_tag","embeddable":true,"href":"https:\/\/minutobahia24h.com.br\/index.php?rest_route=%2Fwp%2Fv2%2Ftags&post=24251"}],"curies":[{"name":"wp","href":"https:\/\/api.w.org\/{rel}","templated":true}]}}