{"id":24239,"date":"2025-02-11T07:10:28","date_gmt":"2025-02-11T10:10:28","guid":{"rendered":"https:\/\/minutobahia24h.com.br\/?p=24239"},"modified":"2025-02-11T07:10:30","modified_gmt":"2025-02-11T10:10:30","slug":"agendamento-para-o-cad-unico-esta-suspenso-ate-o-dia-10-de-marco-em-juazeiro-ba","status":"publish","type":"post","link":"https:\/\/minutobahia24h.com.br\/?p=24239","title":{"rendered":"Agendamento para o CAD \u00danico est\u00e1 suspenso at\u00e9 o dia 10 de mar\u00e7o em Juazeiro (BA)"},"content":{"rendered":"<div class=\"wp-block-image\">\n<figure class=\"aligncenter size-full\"><img data-recalc-dims=\"1\" fetchpriority=\"high\" decoding=\"async\" width=\"800\" height=\"533\" src=\"https:\/\/i0.wp.com\/minutobahia24h.com.br\/wp-content\/uploads\/2025\/02\/Sem-titulo-178.jpg?resize=800%2C533&#038;ssl=1\" alt=\"\" class=\"wp-image-24240\" srcset=\"https:\/\/i0.wp.com\/minutobahia24h.com.br\/wp-content\/uploads\/2025\/02\/Sem-titulo-178.jpg?w=800&amp;ssl=1 800w, https:\/\/i0.wp.com\/minutobahia24h.com.br\/wp-content\/uploads\/2025\/02\/Sem-titulo-178.jpg?resize=300%2C200&amp;ssl=1 300w, https:\/\/i0.wp.com\/minutobahia24h.com.br\/wp-content\/uploads\/2025\/02\/Sem-titulo-178.jpg?resize=768%2C512&amp;ssl=1 768w, https:\/\/i0.wp.com\/minutobahia24h.com.br\/wp-content\/uploads\/2025\/02\/Sem-titulo-178.jpg?resize=750%2C500&amp;ssl=1 750w\" sizes=\"(max-width: 800px) 100vw, 800px\" \/><\/figure>\n<\/div>\n\n\n<p class=\"wp-block-paragraph\">A Secretaria de Desenvolvimento Social, Diversidade, Igualdade Racial e Combate \u00e0 Fome informa que, a partir de hoje, o agendamento para o Cadastro \u00danico est\u00e1 suspenso temporariamente.<\/p>\n\n\n\n<p class=\"wp-block-paragraph\">A suspens\u00e3o ser\u00e1 realizada em todo o pa\u00eds e acontecer\u00e1 devido a atualiza\u00e7\u00e3o do sistema e capacita\u00e7\u00e3o dos operadores, pelo governo Federal.<\/p>\n\n\n\n<p class=\"wp-block-paragraph\">O gerente do Bolsa Fam\u00edlia, em Juazeiro, Erinaldo Alves, informa a import\u00e2ncia da atualiza\u00e7\u00e3o do sistema, bem como a necessidade da capacita\u00e7\u00e3o dos servidores que trabalhar\u00e3o com o cadastro. &#8221; Um Novo sistema ser\u00e1 implementado pelo Governo Federal e \u00e9 obrigat\u00f3rio que todos os operadores estejam preparados para atender melhor a popula\u00e7\u00e3o&#8221;.<\/p>\n\n\n\n<p class=\"wp-block-paragraph\">Em Juazeiro, os agendamentos retornar\u00e3o no dia 11 de mar\u00e7o e poder\u00e3o ser realizados no site da Prefeitura:&nbsp;<a href=\"https:\/\/www.juazeiro.ba.gov.br\/\" rel=\"noreferrer noopener\" target=\"_blank\">https:\/\/www.juazeiro.ba.gov.br\/<\/a>&nbsp;.<\/p>\n\n\n\n<p class=\"wp-block-paragraph\">Lembrando que CAD\u00danico \u00e9 a porta de entrada para diversos benef\u00edcios sociais como o Bolsa Fam\u00edlia e o Benef\u00edcio de Presta\u00e7\u00e3o Continuada (BPC).<\/p>\n\n\n\n<p class=\"wp-block-paragraph\">Ascom PMJ<\/p>\n","protected":false},"excerpt":{"rendered":"<p>A Secretaria de Desenvolvimento Social, Diversidade, Igualdade Racial e Combate \u00e0 Fome informa que, a partir de hoje, o agendamento para o Cadastro \u00danico est\u00e1 suspenso temporariamente. A suspens\u00e3o ser\u00e1 realizada em todo o pa\u00eds e acontecer\u00e1 devido a atualiza\u00e7\u00e3o do sistema e capacita\u00e7\u00e3o dos operadores, pelo governo Federal. O gerente do Bolsa Fam\u00edlia, em [&hellip;]<\/p>\n","protected":false},"author":2,"featured_media":24240,"comment_status":"open","ping_status":"open","sticky":false,"template":"","format":"standard","meta":{"_jetpack_newsletter_access":"","_jetpack_dont_email_post_to_subs":false,"_jetpack_newsletter_tier_id":0,"_jetpack_memberships_contains_paywalled_content":false,"_jetpack_feature_clip_id":0,"_jetpack_memberships_contains_paid_content":false,"footnotes":"","jetpack_post_was_ever_published":false},"categories":[3],"tags":[],"class_list":["post-24239","post","type-post","status-publish","format-standard","has-post-thumbnail","hentry","category-regional"],"aioseo_notices":[],"aioseo_head":"\n\t\t<!-- All in One SEO 5.0.1.1 - aioseo.com -->\n\t<meta name=\"description\" content=\"A Secretaria de Desenvolvimento Social, Diversidade, Igualdade Racial e Combate \u00e0 Fome informa que, a partir de hoje, o agendamento para o Cadastro \u00danico est\u00e1 suspenso temporariamente. A suspens\u00e3o ser\u00e1 realizada em todo o pa\u00eds e acontecer\u00e1 devido a atualiza\u00e7\u00e3o do sistema e capacita\u00e7\u00e3o dos operadores, pelo governo Federal. O gerente do Bolsa Fam\u00edlia, em\" \/>\n\t<meta name=\"robots\" content=\"max-image-preview:large\" \/>\n\t<meta name=\"author\" content=\"andre\"\/>\n\t<link rel=\"canonical\" href=\"https:\/\/minutobahia24h.com.br\/?p=24239\" \/>\n\t<meta name=\"generator\" content=\"All in One SEO (AIOSEO) 5.0.1.1\" \/>\n\t\t<meta property=\"og:locale\" content=\"pt_BR\" \/>\n\t\t<meta property=\"og:site_name\" content=\"Minuto Bahia 24h - O seu portal de not\u00edcias\" \/>\n\t\t<meta property=\"og:type\" content=\"article\" \/>\n\t\t<meta property=\"og:title\" content=\"Agendamento para o CAD \u00danico est\u00e1 suspenso at\u00e9 o dia 10 de mar\u00e7o em Juazeiro (BA) - Minuto Bahia 24h\" \/>\n\t\t<meta property=\"og:description\" content=\"A Secretaria de Desenvolvimento Social, Diversidade, Igualdade Racial e Combate \u00e0 Fome informa que, a partir de hoje, o agendamento para o Cadastro \u00danico est\u00e1 suspenso temporariamente. A suspens\u00e3o ser\u00e1 realizada em todo o pa\u00eds e acontecer\u00e1 devido a atualiza\u00e7\u00e3o do sistema e capacita\u00e7\u00e3o dos operadores, pelo governo Federal. O gerente do Bolsa Fam\u00edlia, em\" \/>\n\t\t<meta property=\"og:url\" content=\"https:\/\/minutobahia24h.com.br\/?p=24239\" \/>\n\t\t<meta property=\"og:image\" content=\"https:\/\/minutobahia24h.com.br\/wp-content\/uploads\/2025\/02\/Sem-titulo-178.jpg\" \/>\n\t\t<meta property=\"og:image:secure_url\" content=\"https:\/\/minutobahia24h.com.br\/wp-content\/uploads\/2025\/02\/Sem-titulo-178.jpg\" \/>\n\t\t<meta property=\"og:image:width\" content=\"800\" \/>\n\t\t<meta property=\"og:image:height\" content=\"533\" \/>\n\t\t<meta property=\"article:published_time\" content=\"2025-02-11T10:10:28+00:00\" \/>\n\t\t<meta property=\"article:modified_time\" content=\"2025-02-11T10:10:30+00:00\" \/>\n\t\t<meta name=\"twitter:card\" content=\"summary_large_image\" \/>\n\t\t<meta name=\"twitter:title\" content=\"Agendamento para o CAD \u00danico est\u00e1 suspenso at\u00e9 o dia 10 de mar\u00e7o em Juazeiro (BA) - Minuto Bahia 24h\" \/>\n\t\t<meta name=\"twitter:description\" content=\"A Secretaria de Desenvolvimento Social, Diversidade, Igualdade Racial e Combate \u00e0 Fome informa que, a partir de hoje, o agendamento para o Cadastro \u00danico est\u00e1 suspenso temporariamente. A suspens\u00e3o ser\u00e1 realizada em todo o pa\u00eds e acontecer\u00e1 devido a atualiza\u00e7\u00e3o do sistema e capacita\u00e7\u00e3o dos operadores, pelo governo Federal. O gerente do Bolsa Fam\u00edlia, em\" \/>\n\t\t<meta name=\"twitter:image\" content=\"https:\/\/minutobahia24h.com.br\/wp-content\/uploads\/2025\/02\/Sem-titulo-178.jpg\" \/>\n\t\t<script type=\"application\/ld+json\" class=\"aioseo-schema\">\n\t\t\t{\"@context\":\"https:\\\/\\\/schema.org\",\"@graph\":[{\"@type\":\"BlogPosting\",\"@id\":\"https:\\\/\\\/minutobahia24h.com.br\\\/?p=24239#blogposting\",\"name\":\"Agendamento para o CAD \\u00danico est\\u00e1 suspenso at\\u00e9 o dia 10 de mar\\u00e7o em Juazeiro (BA) - Minuto Bahia 24h\",\"headline\":\"Agendamento para o CAD \\u00danico est\\u00e1 suspenso at\\u00e9 o dia 10 de mar\\u00e7o em Juazeiro (BA)\",\"author\":{\"@id\":\"https:\\\/\\\/minutobahia24h.com.br\\\/?author=2#author\"},\"publisher\":{\"@id\":\"https:\\\/\\\/minutobahia24h.com.br\\\/#organization\"},\"image\":{\"@type\":\"ImageObject\",\"url\":\"https:\\\/\\\/i0.wp.com\\\/minutobahia24h.com.br\\\/wp-content\\\/uploads\\\/2025\\\/02\\\/Sem-titulo-178.jpg?fit=800%2C533&ssl=1\",\"width\":800,\"height\":533},\"datePublished\":\"2025-02-11T07:10:28-03:00\",\"dateModified\":\"2025-02-11T07:10:30-03:00\",\"inLanguage\":\"pt-BR\",\"mainEntityOfPage\":{\"@id\":\"https:\\\/\\\/minutobahia24h.com.br\\\/?p=24239#webpage\"},\"isPartOf\":{\"@id\":\"https:\\\/\\\/minutobahia24h.com.br\\\/?p=24239#webpage\"},\"articleSection\":\"Regional\"},{\"@type\":\"BreadcrumbList\",\"@id\":\"https:\\\/\\\/minutobahia24h.com.br\\\/?p=24239#breadcrumblist\",\"itemListElement\":[{\"@type\":\"ListItem\",\"@id\":\"https:\\\/\\\/minutobahia24h.com.br#listItem\",\"position\":1,\"name\":\"In\\u00edcio\",\"item\":\"https:\\\/\\\/minutobahia24h.com.br\",\"nextItem\":{\"@type\":\"ListItem\",\"@id\":\"https:\\\/\\\/minutobahia24h.com.br\\\/?cat=3#listItem\",\"name\":\"Regional\"}},{\"@type\":\"ListItem\",\"@id\":\"https:\\\/\\\/minutobahia24h.com.br\\\/?cat=3#listItem\",\"position\":2,\"name\":\"Regional\",\"item\":\"https:\\\/\\\/minutobahia24h.com.br\\\/?cat=3\",\"nextItem\":{\"@type\":\"ListItem\",\"@id\":\"https:\\\/\\\/minutobahia24h.com.br\\\/?p=24239#listItem\",\"name\":\"Agendamento para o CAD \\u00danico est\\u00e1 suspenso at\\u00e9 o dia 10 de mar\\u00e7o em Juazeiro (BA)\"},\"previousItem\":{\"@type\":\"ListItem\",\"@id\":\"https:\\\/\\\/minutobahia24h.com.br#listItem\",\"name\":\"In\\u00edcio\"}},{\"@type\":\"ListItem\",\"@id\":\"https:\\\/\\\/minutobahia24h.com.br\\\/?p=24239#listItem\",\"position\":3,\"name\":\"Agendamento para o CAD \\u00danico est\\u00e1 suspenso at\\u00e9 o dia 10 de mar\\u00e7o em Juazeiro (BA)\",\"previousItem\":{\"@type\":\"ListItem\",\"@id\":\"https:\\\/\\\/minutobahia24h.com.br\\\/?cat=3#listItem\",\"name\":\"Regional\"}}]},{\"@type\":\"Organization\",\"@id\":\"https:\\\/\\\/minutobahia24h.com.br\\\/#organization\",\"name\":\"Minuto Bahia 24h\",\"description\":\"O seu portal de not\\u00edcias\",\"url\":\"https:\\\/\\\/minutobahia24h.com.br\\\/\",\"logo\":{\"@type\":\"ImageObject\",\"url\":\"https:\\\/\\\/i0.wp.com\\\/minutobahia24h.com.br\\\/wp-content\\\/uploads\\\/2023\\\/09\\\/cropped-minutoba.png?fit=457%2C119&ssl=1\",\"@id\":\"https:\\\/\\\/minutobahia24h.com.br\\\/?p=24239\\\/#organizationLogo\",\"width\":457,\"height\":119},\"image\":{\"@id\":\"https:\\\/\\\/minutobahia24h.com.br\\\/?p=24239\\\/#organizationLogo\"}},{\"@type\":\"Person\",\"@id\":\"https:\\\/\\\/minutobahia24h.com.br\\\/?author=2#author\",\"url\":\"https:\\\/\\\/minutobahia24h.com.br\\\/?author=2\",\"name\":\"andre\",\"image\":{\"@type\":\"ImageObject\",\"@id\":\"https:\\\/\\\/minutobahia24h.com.br\\\/?p=24239#authorImage\",\"url\":\"https:\\\/\\\/secure.gravatar.com\\\/avatar\\\/0ec5eafed5f3925c321625d79a680d589901b94bca787ae396a35f6c4a960922?s=96&d=mm&r=g\",\"width\":96,\"height\":96,\"caption\":\"andre\"}},{\"@type\":\"WebPage\",\"@id\":\"https:\\\/\\\/minutobahia24h.com.br\\\/?p=24239#webpage\",\"url\":\"https:\\\/\\\/minutobahia24h.com.br\\\/?p=24239\",\"name\":\"Agendamento para o CAD \\u00danico est\\u00e1 suspenso at\\u00e9 o dia 10 de mar\\u00e7o em Juazeiro (BA) - Minuto Bahia 24h\",\"description\":\"A Secretaria de Desenvolvimento Social, Diversidade, Igualdade Racial e Combate \\u00e0 Fome informa que, a partir de hoje, o agendamento para o Cadastro \\u00danico est\\u00e1 suspenso temporariamente. A suspens\\u00e3o ser\\u00e1 realizada em todo o pa\\u00eds e acontecer\\u00e1 devido a atualiza\\u00e7\\u00e3o do sistema e capacita\\u00e7\\u00e3o dos operadores, pelo governo Federal. O gerente do Bolsa Fam\\u00edlia, em\",\"inLanguage\":\"pt-BR\",\"isPartOf\":{\"@id\":\"https:\\\/\\\/minutobahia24h.com.br\\\/#website\"},\"breadcrumb\":{\"@id\":\"https:\\\/\\\/minutobahia24h.com.br\\\/?p=24239#breadcrumblist\"},\"author\":{\"@id\":\"https:\\\/\\\/minutobahia24h.com.br\\\/?author=2#author\"},\"creator\":{\"@id\":\"https:\\\/\\\/minutobahia24h.com.br\\\/?author=2#author\"},\"image\":{\"@type\":\"ImageObject\",\"url\":\"https:\\\/\\\/i0.wp.com\\\/minutobahia24h.com.br\\\/wp-content\\\/uploads\\\/2025\\\/02\\\/Sem-titulo-178.jpg?fit=800%2C533&ssl=1\",\"@id\":\"https:\\\/\\\/minutobahia24h.com.br\\\/?p=24239\\\/#mainImage\",\"width\":800,\"height\":533},\"primaryImageOfPage\":{\"@id\":\"https:\\\/\\\/minutobahia24h.com.br\\\/?p=24239#mainImage\"},\"datePublished\":\"2025-02-11T07:10:28-03:00\",\"dateModified\":\"2025-02-11T07:10:30-03:00\"},{\"@type\":\"WebSite\",\"@id\":\"https:\\\/\\\/minutobahia24h.com.br\\\/#website\",\"url\":\"https:\\\/\\\/minutobahia24h.com.br\\\/\",\"name\":\"Minuto Bahia 24h\",\"description\":\"O seu portal de not\\u00edcias\",\"inLanguage\":\"pt-BR\",\"publisher\":{\"@id\":\"https:\\\/\\\/minutobahia24h.com.br\\\/#organization\"}}]}\n\t\t<\/script>\n\t\t<!-- All in One SEO -->\n\n","aioseo_head_json":{"title":"Agendamento para o CAD \u00danico est\u00e1 suspenso at\u00e9 o dia 10 de mar\u00e7o em Juazeiro (BA) - Minuto Bahia 24h","description":"A Secretaria de Desenvolvimento Social, Diversidade, Igualdade Racial e Combate \u00e0 Fome informa que, a partir de hoje, o agendamento para o Cadastro \u00danico est\u00e1 suspenso temporariamente. A suspens\u00e3o ser\u00e1 realizada em todo o pa\u00eds e acontecer\u00e1 devido a atualiza\u00e7\u00e3o do sistema e capacita\u00e7\u00e3o dos operadores, pelo governo Federal. O gerente do Bolsa Fam\u00edlia, em","canonical_url":"https:\/\/minutobahia24h.com.br\/?p=24239","robots":"max-image-preview:large","keywords":"","webmasterTools":{"miscellaneous":""},"schema":{"@context":"https:\/\/schema.org","@graph":[{"@type":"BlogPosting","@id":"https:\/\/minutobahia24h.com.br\/?p=24239#blogposting","name":"Agendamento para o CAD \u00danico est\u00e1 suspenso at\u00e9 o dia 10 de mar\u00e7o em Juazeiro (BA) - Minuto Bahia 24h","headline":"Agendamento para o CAD \u00danico est\u00e1 suspenso at\u00e9 o dia 10 de mar\u00e7o em Juazeiro (BA)","author":{"@id":"https:\/\/minutobahia24h.com.br\/?author=2#author"},"publisher":{"@id":"https:\/\/minutobahia24h.com.br\/#organization"},"image":{"@type":"ImageObject","url":"https:\/\/i0.wp.com\/minutobahia24h.com.br\/wp-content\/uploads\/2025\/02\/Sem-titulo-178.jpg?fit=800%2C533&ssl=1","width":800,"height":533},"datePublished":"2025-02-11T07:10:28-03:00","dateModified":"2025-02-11T07:10:30-03:00","inLanguage":"pt-BR","mainEntityOfPage":{"@id":"https:\/\/minutobahia24h.com.br\/?p=24239#webpage"},"isPartOf":{"@id":"https:\/\/minutobahia24h.com.br\/?p=24239#webpage"},"articleSection":"Regional"},{"@type":"BreadcrumbList","@id":"https:\/\/minutobahia24h.com.br\/?p=24239#breadcrumblist","itemListElement":[{"@type":"ListItem","@id":"https:\/\/minutobahia24h.com.br#listItem","position":1,"name":"In\u00edcio","item":"https:\/\/minutobahia24h.com.br","nextItem":{"@type":"ListItem","@id":"https:\/\/minutobahia24h.com.br\/?cat=3#listItem","name":"Regional"}},{"@type":"ListItem","@id":"https:\/\/minutobahia24h.com.br\/?cat=3#listItem","position":2,"name":"Regional","item":"https:\/\/minutobahia24h.com.br\/?cat=3","nextItem":{"@type":"ListItem","@id":"https:\/\/minutobahia24h.com.br\/?p=24239#listItem","name":"Agendamento para o CAD \u00danico est\u00e1 suspenso at\u00e9 o dia 10 de mar\u00e7o em Juazeiro (BA)"},"previousItem":{"@type":"ListItem","@id":"https:\/\/minutobahia24h.com.br#listItem","name":"In\u00edcio"}},{"@type":"ListItem","@id":"https:\/\/minutobahia24h.com.br\/?p=24239#listItem","position":3,"name":"Agendamento para o CAD \u00danico est\u00e1 suspenso at\u00e9 o dia 10 de mar\u00e7o em Juazeiro (BA)","previousItem":{"@type":"ListItem","@id":"https:\/\/minutobahia24h.com.br\/?cat=3#listItem","name":"Regional"}}]},{"@type":"Organization","@id":"https:\/\/minutobahia24h.com.br\/#organization","name":"Minuto Bahia 24h","description":"O seu portal de not\u00edcias","url":"https:\/\/minutobahia24h.com.br\/","logo":{"@type":"ImageObject","url":"https:\/\/i0.wp.com\/minutobahia24h.com.br\/wp-content\/uploads\/2023\/09\/cropped-minutoba.png?fit=457%2C119&ssl=1","@id":"https:\/\/minutobahia24h.com.br\/?p=24239\/#organizationLogo","width":457,"height":119},"image":{"@id":"https:\/\/minutobahia24h.com.br\/?p=24239\/#organizationLogo"}},{"@type":"Person","@id":"https:\/\/minutobahia24h.com.br\/?author=2#author","url":"https:\/\/minutobahia24h.com.br\/?author=2","name":"andre","image":{"@type":"ImageObject","@id":"https:\/\/minutobahia24h.com.br\/?p=24239#authorImage","url":"https:\/\/secure.gravatar.com\/avatar\/0ec5eafed5f3925c321625d79a680d589901b94bca787ae396a35f6c4a960922?s=96&d=mm&r=g","width":96,"height":96,"caption":"andre"}},{"@type":"WebPage","@id":"https:\/\/minutobahia24h.com.br\/?p=24239#webpage","url":"https:\/\/minutobahia24h.com.br\/?p=24239","name":"Agendamento para o CAD \u00danico est\u00e1 suspenso at\u00e9 o dia 10 de mar\u00e7o em Juazeiro (BA) - Minuto Bahia 24h","description":"A Secretaria de Desenvolvimento Social, Diversidade, Igualdade Racial e Combate \u00e0 Fome informa que, a partir de hoje, o agendamento para o Cadastro \u00danico est\u00e1 suspenso temporariamente. A suspens\u00e3o ser\u00e1 realizada em todo o pa\u00eds e acontecer\u00e1 devido a atualiza\u00e7\u00e3o do sistema e capacita\u00e7\u00e3o dos operadores, pelo governo Federal. O gerente do Bolsa Fam\u00edlia, em","inLanguage":"pt-BR","isPartOf":{"@id":"https:\/\/minutobahia24h.com.br\/#website"},"breadcrumb":{"@id":"https:\/\/minutobahia24h.com.br\/?p=24239#breadcrumblist"},"author":{"@id":"https:\/\/minutobahia24h.com.br\/?author=2#author"},"creator":{"@id":"https:\/\/minutobahia24h.com.br\/?author=2#author"},"image":{"@type":"ImageObject","url":"https:\/\/i0.wp.com\/minutobahia24h.com.br\/wp-content\/uploads\/2025\/02\/Sem-titulo-178.jpg?fit=800%2C533&ssl=1","@id":"https:\/\/minutobahia24h.com.br\/?p=24239\/#mainImage","width":800,"height":533},"primaryImageOfPage":{"@id":"https:\/\/minutobahia24h.com.br\/?p=24239#mainImage"},"datePublished":"2025-02-11T07:10:28-03:00","dateModified":"2025-02-11T07:10:30-03:00"},{"@type":"WebSite","@id":"https:\/\/minutobahia24h.com.br\/#website","url":"https:\/\/minutobahia24h.com.br\/","name":"Minuto Bahia 24h","description":"O seu portal de not\u00edcias","inLanguage":"pt-BR","publisher":{"@id":"https:\/\/minutobahia24h.com.br\/#organization"}}]},"og:locale":"pt_BR","og:site_name":"Minuto Bahia 24h - O seu portal de not\u00edcias","og:type":"article","og:title":"Agendamento para o CAD \u00danico est\u00e1 suspenso at\u00e9 o dia 10 de mar\u00e7o em Juazeiro (BA) - Minuto Bahia 24h","og:description":"A Secretaria de Desenvolvimento Social, Diversidade, Igualdade Racial e Combate \u00e0 Fome informa que, a partir de hoje, o agendamento para o Cadastro \u00danico est\u00e1 suspenso temporariamente. A suspens\u00e3o ser\u00e1 realizada em todo o pa\u00eds e acontecer\u00e1 devido a atualiza\u00e7\u00e3o do sistema e capacita\u00e7\u00e3o dos operadores, pelo governo Federal. O gerente do Bolsa Fam\u00edlia, em","og:url":"https:\/\/minutobahia24h.com.br\/?p=24239","og:image":"https:\/\/minutobahia24h.com.br\/wp-content\/uploads\/2025\/02\/Sem-titulo-178.jpg","og:image:secure_url":"https:\/\/minutobahia24h.com.br\/wp-content\/uploads\/2025\/02\/Sem-titulo-178.jpg","og:image:width":800,"og:image:height":533,"article:published_time":"2025-02-11T10:10:28+00:00","article:modified_time":"2025-02-11T10:10:30+00:00","twitter:card":"summary_large_image","twitter:title":"Agendamento para o CAD \u00danico est\u00e1 suspenso at\u00e9 o dia 10 de mar\u00e7o em Juazeiro (BA) - Minuto Bahia 24h","twitter:description":"A Secretaria de Desenvolvimento Social, Diversidade, Igualdade Racial e Combate \u00e0 Fome informa que, a partir de hoje, o agendamento para o Cadastro \u00danico est\u00e1 suspenso temporariamente. A suspens\u00e3o ser\u00e1 realizada em todo o pa\u00eds e acontecer\u00e1 devido a atualiza\u00e7\u00e3o do sistema e capacita\u00e7\u00e3o dos operadores, pelo governo Federal. O gerente do Bolsa Fam\u00edlia, em","twitter:image":"https:\/\/minutobahia24h.com.br\/wp-content\/uploads\/2025\/02\/Sem-titulo-178.jpg"},"aioseo_meta_data":{"post_id":"24239","title":null,"description":null,"keywords":null,"keyphrases":{"focus":{"keyphrase":"","score":0,"analysis":{"keyphraseInTitle":{"score":0,"maxScore":9,"error":1}}},"additional":[]},"primary_term":null,"canonical_url":null,"og_title":null,"og_description":null,"og_object_type":"default","og_image_type":"default","og_image_url":null,"og_image_width":null,"og_image_height":null,"og_image_custom_url":null,"og_image_custom_fields":null,"og_video":"","og_custom_url":null,"og_article_section":null,"og_article_tags":null,"twitter_use_og":true,"twitter_card":"default","twitter_image_type":"default","twitter_image_url":null,"twitter_image_custom_url":null,"twitter_image_custom_fields":null,"twitter_title":null,"twitter_description":null,"schema":{"blockGraphs":[],"customGraphs":[],"default":{"data":{"Article":[],"Course":[],"Dataset":[],"FAQPage":[],"Movie":[],"Person":[],"Product":[],"ProductReview":[],"Car":[],"Recipe":[],"Service":[],"SoftwareApplication":[],"WebPage":[]},"graphName":"BlogPosting","isEnabled":true},"graphs":[]},"schema_type":"default","schema_type_options":null,"pillar_content":false,"robots_default":true,"robots_noindex":false,"robots_noarchive":false,"robots_nosnippet":false,"robots_nofollow":false,"robots_noimageindex":false,"robots_noodp":false,"robots_notranslate":false,"robots_max_snippet":"-1","robots_max_videopreview":"-1","robots_max_imagepreview":"large","priority":null,"frequency":"default","local_seo":null,"breadcrumb_settings":null,"limit_modified_date":false,"ai":null,"created":"2025-02-11 10:10:30","updated":"2025-06-05 12:32:33","seo_analyzer_scan_date":null,"focus_keyword":null,"additional_keywords":null,"truseo_locale":null},"aioseo_breadcrumb":"<div class=\"aioseo-breadcrumbs\"><span class=\"aioseo-breadcrumb\">\n\t\t\t<a href=\"https:\/\/minutobahia24h.com.br\" title=\"In\u00edcio\">In\u00edcio<\/a>\n\t\t<\/span><span class=\"aioseo-breadcrumb-separator\">&raquo;<\/span><span class=\"aioseo-breadcrumb\">\n\t\t\t<a href=\"https:\/\/minutobahia24h.com.br\/?cat=3\" title=\"Regional\">Regional<\/a>\n\t\t<\/span><span class=\"aioseo-breadcrumb-separator\">&raquo;<\/span><span class=\"aioseo-breadcrumb\">\n\t\t\tAgendamento para o CAD \u00danico est\u00e1 suspenso at\u00e9 o dia 10 de mar\u00e7o em Juazeiro (BA)\n\t\t<\/span><\/div>","aioseo_breadcrumb_json":[{"label":"In\u00edcio","link":"https:\/\/minutobahia24h.com.br"},{"label":"Regional","link":"https:\/\/minutobahia24h.com.br\/?cat=3"},{"label":"Agendamento para o CAD \u00danico est\u00e1 suspenso at\u00e9 o dia 10 de mar\u00e7o em Juazeiro (BA)","link":"https:\/\/minutobahia24h.com.br\/?p=24239"}],"jetpack_sharing_enabled":true,"jetpack_featured_media_url":"https:\/\/i0.wp.com\/minutobahia24h.com.br\/wp-content\/uploads\/2025\/02\/Sem-titulo-178.jpg?fit=800%2C533&ssl=1","_links":{"self":[{"href":"https:\/\/minutobahia24h.com.br\/index.php?rest_route=\/wp\/v2\/posts\/24239","targetHints":{"allow":["GET"]}}],"collection":[{"href":"https:\/\/minutobahia24h.com.br\/index.php?rest_route=\/wp\/v2\/posts"}],"about":[{"href":"https:\/\/minutobahia24h.com.br\/index.php?rest_route=\/wp\/v2\/types\/post"}],"author":[{"embeddable":true,"href":"https:\/\/minutobahia24h.com.br\/index.php?rest_route=\/wp\/v2\/users\/2"}],"replies":[{"embeddable":true,"href":"https:\/\/minutobahia24h.com.br\/index.php?rest_route=%2Fwp%2Fv2%2Fcomments&post=24239"}],"version-history":[{"count":1,"href":"https:\/\/minutobahia24h.com.br\/index.php?rest_route=\/wp\/v2\/posts\/24239\/revisions"}],"predecessor-version":[{"id":24241,"href":"https:\/\/minutobahia24h.com.br\/index.php?rest_route=\/wp\/v2\/posts\/24239\/revisions\/24241"}],"wp:featuredmedia":[{"embeddable":true,"href":"https:\/\/minutobahia24h.com.br\/index.php?rest_route=\/wp\/v2\/media\/24240"}],"wp:attachment":[{"href":"https:\/\/minutobahia24h.com.br\/index.php?rest_route=%2Fwp%2Fv2%2Fmedia&parent=24239"}],"wp:term":[{"taxonomy":"category","embeddable":true,"href":"https:\/\/minutobahia24h.com.br\/index.php?rest_route=%2Fwp%2Fv2%2Fcategories&post=24239"},{"taxonomy":"post_tag","embeddable":true,"href":"https:\/\/minutobahia24h.com.br\/index.php?rest_route=%2Fwp%2Fv2%2Ftags&post=24239"}],"curies":[{"name":"wp","href":"https:\/\/api.w.org\/{rel}","templated":true}]}}