{"id":24113,"date":"2025-02-07T17:08:43","date_gmt":"2025-02-07T20:08:43","guid":{"rendered":"https:\/\/minutobahia24h.com.br\/?p=24113"},"modified":"2025-02-07T17:08:45","modified_gmt":"2025-02-07T20:08:45","slug":"filadelfia-se-prepara-para-a-pre-jornada-e-jornada-pedagogica-2025","status":"publish","type":"post","link":"https:\/\/minutobahia24h.com.br\/?p=24113","title":{"rendered":"Filad\u00e9lfia se prepara para a Pr\u00e9-Jornada e Jornada Pedag\u00f3gica 2025"},"content":{"rendered":"<div class=\"wp-block-image\">\n<figure class=\"aligncenter size-large\"><img data-recalc-dims=\"1\" fetchpriority=\"high\" decoding=\"async\" width=\"800\" height=\"1000\" src=\"https:\/\/i0.wp.com\/minutobahia24h.com.br\/wp-content\/uploads\/2025\/02\/WhatsApp-Image-2025-02-07-at-15.57.33-819x1024.jpeg?resize=800%2C1000&#038;ssl=1\" alt=\"\" class=\"wp-image-24114\" srcset=\"https:\/\/i0.wp.com\/minutobahia24h.com.br\/wp-content\/uploads\/2025\/02\/WhatsApp-Image-2025-02-07-at-15.57.33.jpeg?resize=819%2C1024&amp;ssl=1 819w, https:\/\/i0.wp.com\/minutobahia24h.com.br\/wp-content\/uploads\/2025\/02\/WhatsApp-Image-2025-02-07-at-15.57.33.jpeg?resize=240%2C300&amp;ssl=1 240w, https:\/\/i0.wp.com\/minutobahia24h.com.br\/wp-content\/uploads\/2025\/02\/WhatsApp-Image-2025-02-07-at-15.57.33.jpeg?resize=768%2C960&amp;ssl=1 768w, https:\/\/i0.wp.com\/minutobahia24h.com.br\/wp-content\/uploads\/2025\/02\/WhatsApp-Image-2025-02-07-at-15.57.33.jpeg?resize=750%2C938&amp;ssl=1 750w, https:\/\/i0.wp.com\/minutobahia24h.com.br\/wp-content\/uploads\/2025\/02\/WhatsApp-Image-2025-02-07-at-15.57.33.jpeg?w=1024&amp;ssl=1 1024w\" sizes=\"(max-width: 800px) 100vw, 800px\" \/><\/figure>\n<\/div>\n\n\n<p>A Prefeitura de Filad\u00e9lfia, por meio da Secretaria de Educa\u00e7\u00e3o, est\u00e1 organizando a Pr\u00e9-Jornada e a Jornada Pedag\u00f3gica 2025, momentos fundamentais para o planejamento e aprimoramento do ensino no munic\u00edpio.<\/p>\n\n\n\n<p>A Pr\u00e9-Jornada acontecer\u00e1 nos dias 17, 18 e 19 de fevereiro, preparando a equipe pedag\u00f3gica para os debates e atividades da Jornada Pedag\u00f3gica 2025, que ser\u00e1 realizada nos dias 24, 25 e 26 de fevereiro.<\/p>\n\n\n\n<p>Com o tema \u201cEduca\u00e7\u00e3o Transformadora: inova\u00e7\u00e3o, inclus\u00e3o e bem-estar para construir o futuro\u201d, o evento reunir\u00e1 professores, coordenadores e gestores escolares em um ambiente de forma\u00e7\u00e3o, troca de experi\u00eancias e planejamento estrat\u00e9gico para um ano letivo de grandes avan\u00e7os na educa\u00e7\u00e3o municipal.<\/p>\n\n\n\n<p>A Prefeitura de Filad\u00e9lfia reafirma seu compromisso com a qualifica\u00e7\u00e3o da educa\u00e7\u00e3o p\u00fablica, investindo na valoriza\u00e7\u00e3o dos profissionais e na melhoria do ensino, garantindo mais oportunidades para os estudantes do munic\u00edpio.<\/p>\n\n\n\n<p>\ud83d\udccd Acompanhe as redes oficiais da Prefeitura para mais informa\u00e7\u00f5es sobre a programa\u00e7\u00e3o da Jornada Pedag\u00f3gica 2025.<\/p>\n\n\n\n<p>ASCOM<br>Prefeitura de Filad\u00e9lfia<\/p>\n","protected":false},"excerpt":{"rendered":"<p>A Prefeitura de Filad\u00e9lfia, por meio da Secretaria de Educa\u00e7\u00e3o, est\u00e1 organizando a Pr\u00e9-Jornada e a Jornada Pedag\u00f3gica 2025, momentos fundamentais para o planejamento e aprimoramento do ensino no munic\u00edpio. A Pr\u00e9-Jornada acontecer\u00e1 nos dias 17, 18 e 19 de fevereiro, preparando a equipe pedag\u00f3gica para os debates e atividades da Jornada Pedag\u00f3gica 2025, que [&hellip;]<\/p>\n","protected":false},"author":2,"featured_media":24114,"comment_status":"open","ping_status":"open","sticky":false,"template":"","format":"standard","meta":{"_jetpack_memberships_contains_paid_content":false,"footnotes":""},"categories":[3],"tags":[],"class_list":["post-24113","post","type-post","status-publish","format-standard","has-post-thumbnail","hentry","category-regional"],"aioseo_notices":[],"jetpack_featured_media_url":"https:\/\/i0.wp.com\/minutobahia24h.com.br\/wp-content\/uploads\/2025\/02\/WhatsApp-Image-2025-02-07-at-15.57.33.jpeg?fit=1024%2C1280&ssl=1","jetpack_sharing_enabled":true,"_links":{"self":[{"href":"https:\/\/minutobahia24h.com.br\/index.php?rest_route=\/wp\/v2\/posts\/24113","targetHints":{"allow":["GET"]}}],"collection":[{"href":"https:\/\/minutobahia24h.com.br\/index.php?rest_route=\/wp\/v2\/posts"}],"about":[{"href":"https:\/\/minutobahia24h.com.br\/index.php?rest_route=\/wp\/v2\/types\/post"}],"author":[{"embeddable":true,"href":"https:\/\/minutobahia24h.com.br\/index.php?rest_route=\/wp\/v2\/users\/2"}],"replies":[{"embeddable":true,"href":"https:\/\/minutobahia24h.com.br\/index.php?rest_route=%2Fwp%2Fv2%2Fcomments&post=24113"}],"version-history":[{"count":1,"href":"https:\/\/minutobahia24h.com.br\/index.php?rest_route=\/wp\/v2\/posts\/24113\/revisions"}],"predecessor-version":[{"id":24115,"href":"https:\/\/minutobahia24h.com.br\/index.php?rest_route=\/wp\/v2\/posts\/24113\/revisions\/24115"}],"wp:featuredmedia":[{"embeddable":true,"href":"https:\/\/minutobahia24h.com.br\/index.php?rest_route=\/wp\/v2\/media\/24114"}],"wp:attachment":[{"href":"https:\/\/minutobahia24h.com.br\/index.php?rest_route=%2Fwp%2Fv2%2Fmedia&parent=24113"}],"wp:term":[{"taxonomy":"category","embeddable":true,"href":"https:\/\/minutobahia24h.com.br\/index.php?rest_route=%2Fwp%2Fv2%2Fcategories&post=24113"},{"taxonomy":"post_tag","embeddable":true,"href":"https:\/\/minutobahia24h.com.br\/index.php?rest_route=%2Fwp%2Fv2%2Ftags&post=24113"}],"curies":[{"name":"wp","href":"https:\/\/api.w.org\/{rel}","templated":true}]}}