{"id":24073,"date":"2025-02-07T07:50:33","date_gmt":"2025-02-07T10:50:33","guid":{"rendered":"https:\/\/minutobahia24h.com.br\/?p=24073"},"modified":"2025-02-07T07:50:35","modified_gmt":"2025-02-07T10:50:35","slug":"militares-sao-presos-por-suspeita-de-transportar-drogas-em-avioes-da-fab","status":"publish","type":"post","link":"https:\/\/minutobahia24h.com.br\/?p=24073","title":{"rendered":"Militares s\u00e3o presos por suspeita de transportar drogas em avi\u00f5es da FAB"},"content":{"rendered":"<div class=\"wp-block-image\">\n<figure class=\"aligncenter size-full\"><img data-recalc-dims=\"1\" fetchpriority=\"high\" decoding=\"async\" width=\"750\" height=\"449\" src=\"https:\/\/i0.wp.com\/minutobahia24h.com.br\/wp-content\/uploads\/2025\/02\/Sem-titulo-127.jpg?resize=750%2C449&#038;ssl=1\" alt=\"\" class=\"wp-image-24074\" srcset=\"https:\/\/i0.wp.com\/minutobahia24h.com.br\/wp-content\/uploads\/2025\/02\/Sem-titulo-127.jpg?w=750&amp;ssl=1 750w, https:\/\/i0.wp.com\/minutobahia24h.com.br\/wp-content\/uploads\/2025\/02\/Sem-titulo-127.jpg?resize=300%2C180&amp;ssl=1 300w\" sizes=\"(max-width: 750px) 100vw, 750px\" \/><figcaption class=\"wp-element-caption\">Foto: FAB\/divulga\u00e7\u00e3o<br><\/figcaption><\/figure>\n<\/div>\n\n\n<p>A Pol\u00edcia Civil do Amazonas (PCAM) prendeu nesta quinta-feira (6) tr\u00eas militares da For\u00e7a A\u00e9rea Brasileira (FAB) por suspeita de envolvimento com o transporte de drogas em avi\u00f5es da FAB. Dois civis suspeitos do crime tamb\u00e9m foram presos.<\/p>\n\n\n\n<p>A Opera\u00e7\u00e3o \u2018Queda no C\u00e9u\u2019 foi deflagrada pela Delegacia Especializada de S\u00e3o Gabriel da Cachoeira, cidade localizada a mais de 850 quil\u00f4metros da capital, Manaus, e que faz fronteira com a Col\u00f4mbia e a Venezuela. Historicamente, a regi\u00e3o registra intensa atividade do narcotr\u00e1fico.<\/p>\n\n\n\n<p>Segundo informa\u00e7\u00f5es da PCAM, entre os presos est\u00e1 o respons\u00e1vel por financiar a compra e o transporte das drogas, que estariam sendo regularmente levadas de S\u00e3o Gabriel da Cachoeira at\u00e9 Manaus nos avi\u00f5es da FAB.<\/p>\n\n\n\n<p>As investiga\u00e7\u00f5es tiveram origem em uma apreens\u00e3o de cerca de 350 quilos de drogas ocorrida no ano passado, quando tr\u00eas militares haviam sido presos, incluindo um soldado do Ex\u00e9rcito. A Ag\u00eancia Brasil pediu posicionamento da FAB. A For\u00e7a A\u00e9rea disse que&nbsp;<em>\u201cacompanha o caso e corrobora com as investiga\u00e7\u00f5es policiais em curso<\/em>\u201d. Tamb\u00e9m afirmou que o Comando da Aeron\u00e1utica \u201c<em>n\u00e3o compactua com condutas que n\u00e3o est\u00e3o de acordo com os valores, a dedica\u00e7\u00e3o e o trabalho do efetivo em prol do cumprimento de sua miss\u00e3o institucional<\/em>\u201d.<\/p>\n\n\n\n<p>carlosbritto<\/p>\n","protected":false},"excerpt":{"rendered":"<p>A Pol\u00edcia Civil do Amazonas (PCAM) prendeu nesta quinta-feira (6) tr\u00eas militares da For\u00e7a A\u00e9rea Brasileira (FAB) por suspeita de envolvimento com o transporte de drogas em avi\u00f5es da FAB. Dois civis suspeitos do crime tamb\u00e9m foram presos. A Opera\u00e7\u00e3o \u2018Queda no C\u00e9u\u2019 foi deflagrada pela Delegacia Especializada de S\u00e3o Gabriel da Cachoeira, cidade localizada [&hellip;]<\/p>\n","protected":false},"author":2,"featured_media":24074,"comment_status":"open","ping_status":"open","sticky":false,"template":"","format":"standard","meta":{"_jetpack_memberships_contains_paid_content":false,"footnotes":""},"categories":[46],"tags":[],"class_list":["post-24073","post","type-post","status-publish","format-standard","has-post-thumbnail","hentry","category-noticia"],"aioseo_notices":[],"jetpack_featured_media_url":"https:\/\/i0.wp.com\/minutobahia24h.com.br\/wp-content\/uploads\/2025\/02\/Sem-titulo-127.jpg?fit=750%2C449&ssl=1","jetpack_sharing_enabled":true,"_links":{"self":[{"href":"https:\/\/minutobahia24h.com.br\/index.php?rest_route=\/wp\/v2\/posts\/24073","targetHints":{"allow":["GET"]}}],"collection":[{"href":"https:\/\/minutobahia24h.com.br\/index.php?rest_route=\/wp\/v2\/posts"}],"about":[{"href":"https:\/\/minutobahia24h.com.br\/index.php?rest_route=\/wp\/v2\/types\/post"}],"author":[{"embeddable":true,"href":"https:\/\/minutobahia24h.com.br\/index.php?rest_route=\/wp\/v2\/users\/2"}],"replies":[{"embeddable":true,"href":"https:\/\/minutobahia24h.com.br\/index.php?rest_route=%2Fwp%2Fv2%2Fcomments&post=24073"}],"version-history":[{"count":1,"href":"https:\/\/minutobahia24h.com.br\/index.php?rest_route=\/wp\/v2\/posts\/24073\/revisions"}],"predecessor-version":[{"id":24075,"href":"https:\/\/minutobahia24h.com.br\/index.php?rest_route=\/wp\/v2\/posts\/24073\/revisions\/24075"}],"wp:featuredmedia":[{"embeddable":true,"href":"https:\/\/minutobahia24h.com.br\/index.php?rest_route=\/wp\/v2\/media\/24074"}],"wp:attachment":[{"href":"https:\/\/minutobahia24h.com.br\/index.php?rest_route=%2Fwp%2Fv2%2Fmedia&parent=24073"}],"wp:term":[{"taxonomy":"category","embeddable":true,"href":"https:\/\/minutobahia24h.com.br\/index.php?rest_route=%2Fwp%2Fv2%2Fcategories&post=24073"},{"taxonomy":"post_tag","embeddable":true,"href":"https:\/\/minutobahia24h.com.br\/index.php?rest_route=%2Fwp%2Fv2%2Ftags&post=24073"}],"curies":[{"name":"wp","href":"https:\/\/api.w.org\/{rel}","templated":true}]}}