{"id":2407,"date":"2023-10-17T07:34:28","date_gmt":"2023-10-17T10:34:28","guid":{"rendered":"https:\/\/minutobahia24h.com.br\/?p=2407"},"modified":"2023-10-17T07:34:43","modified_gmt":"2023-10-17T10:34:43","slug":"ministerio-publico-federal-recebe-denuncia-contra-a-globo-por-intolerancia-religiosa-em-novelas","status":"publish","type":"post","link":"https:\/\/minutobahia24h.com.br\/?p=2407","title":{"rendered":"Minist\u00e9rio P\u00fablico Federal recebe den\u00fancia contra a Globo por intoler\u00e2ncia religiosa em novelas"},"content":{"rendered":"<div class=\"wp-block-image\">\n<figure class=\"aligncenter size-large\"><img data-recalc-dims=\"1\" fetchpriority=\"high\" decoding=\"async\" width=\"800\" height=\"420\" src=\"https:\/\/i0.wp.com\/minutobahia24h.com.br\/wp-content\/uploads\/2023\/10\/Sem-titulo-117-1024x538.jpg?resize=800%2C420&#038;ssl=1\" alt=\"\" class=\"wp-image-2409\" srcset=\"https:\/\/i0.wp.com\/minutobahia24h.com.br\/wp-content\/uploads\/2023\/10\/Sem-titulo-117.jpg?resize=1024%2C538&amp;ssl=1 1024w, https:\/\/i0.wp.com\/minutobahia24h.com.br\/wp-content\/uploads\/2023\/10\/Sem-titulo-117.jpg?resize=300%2C158&amp;ssl=1 300w, https:\/\/i0.wp.com\/minutobahia24h.com.br\/wp-content\/uploads\/2023\/10\/Sem-titulo-117.jpg?resize=768%2C403&amp;ssl=1 768w, https:\/\/i0.wp.com\/minutobahia24h.com.br\/wp-content\/uploads\/2023\/10\/Sem-titulo-117.jpg?resize=750%2C394&amp;ssl=1 750w, https:\/\/i0.wp.com\/minutobahia24h.com.br\/wp-content\/uploads\/2023\/10\/Sem-titulo-117.jpg?resize=1140%2C599&amp;ssl=1 1140w, https:\/\/i0.wp.com\/minutobahia24h.com.br\/wp-content\/uploads\/2023\/10\/Sem-titulo-117.jpg?w=1200&amp;ssl=1 1200w\" sizes=\"(max-width: 800px) 100vw, 800px\" \/><figcaption class=\"wp-element-caption\">Foto: Jos\u00e9 Cruz\/Ag\u00eancia Brasil<br><\/figcaption><\/figure>\n<\/div>\n\n\n<p>L\u00edderes de religi\u00f5es de matriz africana fizeram uma den\u00fancia ao MPF (Minist\u00e9rio P\u00fablico Federal) para que o \u00f3rg\u00e3o governamental investigue se a emissora comete intoler\u00e2ncia religiosa em novelas da emissora. Segundo eles, isso ocorreria especialmente por ordem do diretor da TV e dos Est\u00fadios Globo, Amauri Soares.<br>\u00a0<\/p>\n\n\n\n<p>A reportagem teve acesso ao conte\u00fado da den\u00fancia, realizada na PFDC (Procuradoria Federal dos Direitos do Cidad\u00e3o), no final do m\u00eas de novembro. A informa\u00e7\u00e3o foi publicada inicialmente pelo jornalista Gabriel Perline, do IG, nesta segunda-feira (16).<br>&nbsp;<\/p>\n\n\n\n<p>O mote da den\u00fancia \u00e9 uma reportagem do site Not\u00edcias da TV que relata uma reuni\u00e3o de Soares com autores da Globo. Nela, Amauri teria dito que a maioria do pa\u00eds ser\u00e1 de religi\u00e3o evang\u00e9lica em 2030 e que \u00e9 um objetivo da empresa ter hist\u00f3rias que se conectem com essa parcela da popula\u00e7\u00e3o, esquecendo outras cren\u00e7as.<br>&nbsp;<\/p>\n\n\n\n<p>O fato teria revoltado autores. Seguindo essa linha, por\u00e9m, a Globo j\u00e1 rejeitou ideias de tramas com tem\u00e1tica esp\u00edrita, como uma novela de Thelma Guedes para o hor\u00e1rio das 18h. Revoltados, os l\u00edderes do grupo pediram uma investiga\u00e7\u00e3o das informa\u00e7\u00f5es e que a Globo explique o motivo da decis\u00e3o.<\/p>\n\n\n\n<p>&#8220;\u00c9 proibido que qualquer entidade fa\u00e7a acep\u00e7\u00e3o de credos ou agremia\u00e7\u00e3o de natureza religiosa em servi\u00e7os que s\u00e3o regulamentados por concess\u00f5es p\u00fablicas, o caso do servi\u00e7o de televis\u00e3o por radiodifus\u00e3o deve ser compartilhado entre a sociedade e o Estado brasileiro, considerando a pluralidade de ideias e de credos religiosos t\u00e3o diversos e presentes em nosso pa\u00eds&#8221;, diz a den\u00fancia.<br>&nbsp;<\/p>\n\n\n\n<p>Os religiosos argumentam que a Globo \u00e9 a maior emissora do pa\u00eds e deve se comprometer a dar espa\u00e7o para a diversidade de cren\u00e7as. Eles tamb\u00e9m pedem que, caso as informa\u00e7\u00f5es sejam verdadeiras, a emissora responda judicialmente por intoler\u00e2ncia religiosa.<br>&nbsp;<\/p>\n\n\n\n<p>O MPF ainda analisa se aceita a den\u00fancia ou n\u00e3o. O prazo \u00e9 de 30 dias \u00fateis. Caso aceite, uma investiga\u00e7\u00e3o \u00e9 instaurada e a Globo precisar\u00e1 se manifestar.<br>&nbsp;<\/p>\n\n\n\n<p>Procurada pela reportagem, a Globo diz que &#8220;n\u00e3o existe tal orienta\u00e7\u00e3o a que a mat\u00e9ria se refere&#8221;. &#8220;Os Est\u00fadios Globo est\u00e3o sempre abertos a receber as mais diversas propostas criativas de seus criadores&#8221;, diz nota da empresa. &#8220;Vale reiterar ainda que a Globo apoia a liberdade religiosa e considera as diversas religi\u00f5es professadas no pa\u00eds um patrim\u00f4nio cultural da na\u00e7\u00e3o brasileira.&#8221;<\/p>\n\n\n\n<p>BN<\/p>\n","protected":false},"excerpt":{"rendered":"<p>L\u00edderes de religi\u00f5es de matriz africana fizeram uma den\u00fancia ao MPF (Minist\u00e9rio P\u00fablico Federal) para que o \u00f3rg\u00e3o governamental investigue se a emissora comete intoler\u00e2ncia religiosa em novelas da emissora. Segundo eles, isso ocorreria especialmente por ordem do diretor da TV e dos Est\u00fadios Globo, Amauri Soares.\u00a0 A reportagem teve acesso ao conte\u00fado da den\u00fancia, [&hellip;]<\/p>\n","protected":false},"author":2,"featured_media":2409,"comment_status":"open","ping_status":"open","sticky":false,"template":"","format":"standard","meta":{"_jetpack_memberships_contains_paid_content":false,"footnotes":""},"categories":[2],"tags":[],"class_list":["post-2407","post","type-post","status-publish","format-standard","has-post-thumbnail","hentry","category-nacional"],"aioseo_notices":[],"jetpack_featured_media_url":"https:\/\/i0.wp.com\/minutobahia24h.com.br\/wp-content\/uploads\/2023\/10\/Sem-titulo-117.jpg?fit=1200%2C630&ssl=1","jetpack_sharing_enabled":true,"_links":{"self":[{"href":"https:\/\/minutobahia24h.com.br\/index.php?rest_route=\/wp\/v2\/posts\/2407","targetHints":{"allow":["GET"]}}],"collection":[{"href":"https:\/\/minutobahia24h.com.br\/index.php?rest_route=\/wp\/v2\/posts"}],"about":[{"href":"https:\/\/minutobahia24h.com.br\/index.php?rest_route=\/wp\/v2\/types\/post"}],"author":[{"embeddable":true,"href":"https:\/\/minutobahia24h.com.br\/index.php?rest_route=\/wp\/v2\/users\/2"}],"replies":[{"embeddable":true,"href":"https:\/\/minutobahia24h.com.br\/index.php?rest_route=%2Fwp%2Fv2%2Fcomments&post=2407"}],"version-history":[{"count":1,"href":"https:\/\/minutobahia24h.com.br\/index.php?rest_route=\/wp\/v2\/posts\/2407\/revisions"}],"predecessor-version":[{"id":2410,"href":"https:\/\/minutobahia24h.com.br\/index.php?rest_route=\/wp\/v2\/posts\/2407\/revisions\/2410"}],"wp:featuredmedia":[{"embeddable":true,"href":"https:\/\/minutobahia24h.com.br\/index.php?rest_route=\/wp\/v2\/media\/2409"}],"wp:attachment":[{"href":"https:\/\/minutobahia24h.com.br\/index.php?rest_route=%2Fwp%2Fv2%2Fmedia&parent=2407"}],"wp:term":[{"taxonomy":"category","embeddable":true,"href":"https:\/\/minutobahia24h.com.br\/index.php?rest_route=%2Fwp%2Fv2%2Fcategories&post=2407"},{"taxonomy":"post_tag","embeddable":true,"href":"https:\/\/minutobahia24h.com.br\/index.php?rest_route=%2Fwp%2Fv2%2Ftags&post=2407"}],"curies":[{"name":"wp","href":"https:\/\/api.w.org\/{rel}","templated":true}]}}