{"id":24051,"date":"2025-02-07T06:59:17","date_gmt":"2025-02-07T09:59:17","guid":{"rendered":"https:\/\/minutobahia24h.com.br\/?p=24051"},"modified":"2025-02-07T06:59:19","modified_gmt":"2025-02-07T09:59:19","slug":"justica-determina-afastamento-imediato-de-sergio-suzart-da-presidencia-da-camara-de-santaluz","status":"publish","type":"post","link":"https:\/\/minutobahia24h.com.br\/?p=24051","title":{"rendered":"Justi\u00e7a determina afastamento imediato de S\u00e9rgio Suzart da presid\u00eancia da C\u00e2mara de Santaluz"},"content":{"rendered":"<div class=\"wp-block-image\">\n<figure class=\"aligncenter size-full is-resized\"><img data-recalc-dims=\"1\" decoding=\"async\" width=\"291\" height=\"171\" src=\"https:\/\/i0.wp.com\/minutobahia24h.com.br\/wp-content\/uploads\/2025\/02\/Sem-titulo-120.jpg?resize=291%2C171&#038;ssl=1\" alt=\"\" class=\"wp-image-24052\" style=\"width:417px;height:auto\"\/><\/figure>\n<\/div>\n\n\n<p>A Justi\u00e7a determinou o afastamento imediato de M\u00e1rio S\u00e9rgio Suzart de Matos da presid\u00eancia da C\u00e2mara de Vereadores de Santaluz, na regi\u00e3o sisaleira da Bahia. A decis\u00e3o foi assinada pelo juiz Joel Firmino do Nascimento Junior e atende a um pedido do Minist\u00e9rio P\u00fablico, que questiona a legalidade da reelei\u00e7\u00e3o de Suzart para o bi\u00eanio 2025-2026.<\/p>\n\n\n\n<p>O Minist\u00e9rio P\u00fablico argumenta que a perman\u00eancia de Suzart no cargo por um terceiro mandato consecutivo fere a Lei Org\u00e2nica do Munic\u00edpio e desrespeita um entendimento j\u00e1 consolidado pelo Supremo Tribunal Federal (STF), que prev\u00ea a altern\u00e2ncia de poder como princ\u00edpio fundamental da democracia. Segundo a decis\u00e3o, o STF estabelece que apenas uma reelei\u00e7\u00e3o consecutiva \u00e9 permitida, o que tornaria a elei\u00e7\u00e3o de Suzart irregular.<\/p>\n\n\n\n<p>clebervieiranews<\/p>\n","protected":false},"excerpt":{"rendered":"<p>A Justi\u00e7a determinou o afastamento imediato de M\u00e1rio S\u00e9rgio Suzart de Matos da presid\u00eancia da C\u00e2mara de Vereadores de Santaluz, na regi\u00e3o sisaleira da Bahia. A decis\u00e3o foi assinada pelo juiz Joel Firmino do Nascimento Junior e atende a um pedido do Minist\u00e9rio P\u00fablico, que questiona a legalidade da reelei\u00e7\u00e3o de Suzart para o bi\u00eanio [&hellip;]<\/p>\n","protected":false},"author":2,"featured_media":24052,"comment_status":"open","ping_status":"open","sticky":false,"template":"","format":"standard","meta":{"_jetpack_memberships_contains_paid_content":false,"footnotes":""},"categories":[3],"tags":[],"class_list":["post-24051","post","type-post","status-publish","format-standard","has-post-thumbnail","hentry","category-regional"],"aioseo_notices":[],"jetpack_featured_media_url":"https:\/\/i0.wp.com\/minutobahia24h.com.br\/wp-content\/uploads\/2025\/02\/Sem-titulo-120.jpg?fit=291%2C171&ssl=1","jetpack_sharing_enabled":true,"_links":{"self":[{"href":"https:\/\/minutobahia24h.com.br\/index.php?rest_route=\/wp\/v2\/posts\/24051","targetHints":{"allow":["GET"]}}],"collection":[{"href":"https:\/\/minutobahia24h.com.br\/index.php?rest_route=\/wp\/v2\/posts"}],"about":[{"href":"https:\/\/minutobahia24h.com.br\/index.php?rest_route=\/wp\/v2\/types\/post"}],"author":[{"embeddable":true,"href":"https:\/\/minutobahia24h.com.br\/index.php?rest_route=\/wp\/v2\/users\/2"}],"replies":[{"embeddable":true,"href":"https:\/\/minutobahia24h.com.br\/index.php?rest_route=%2Fwp%2Fv2%2Fcomments&post=24051"}],"version-history":[{"count":1,"href":"https:\/\/minutobahia24h.com.br\/index.php?rest_route=\/wp\/v2\/posts\/24051\/revisions"}],"predecessor-version":[{"id":24053,"href":"https:\/\/minutobahia24h.com.br\/index.php?rest_route=\/wp\/v2\/posts\/24051\/revisions\/24053"}],"wp:featuredmedia":[{"embeddable":true,"href":"https:\/\/minutobahia24h.com.br\/index.php?rest_route=\/wp\/v2\/media\/24052"}],"wp:attachment":[{"href":"https:\/\/minutobahia24h.com.br\/index.php?rest_route=%2Fwp%2Fv2%2Fmedia&parent=24051"}],"wp:term":[{"taxonomy":"category","embeddable":true,"href":"https:\/\/minutobahia24h.com.br\/index.php?rest_route=%2Fwp%2Fv2%2Fcategories&post=24051"},{"taxonomy":"post_tag","embeddable":true,"href":"https:\/\/minutobahia24h.com.br\/index.php?rest_route=%2Fwp%2Fv2%2Ftags&post=24051"}],"curies":[{"name":"wp","href":"https:\/\/api.w.org\/{rel}","templated":true}]}}