{"id":24032,"date":"2025-02-06T17:11:34","date_gmt":"2025-02-06T20:11:34","guid":{"rendered":"https:\/\/minutobahia24h.com.br\/?p=24032"},"modified":"2025-02-06T17:11:36","modified_gmt":"2025-02-06T20:11:36","slug":"filadelfia-marca-presenca-no-1o-encontro-de-cooperacao-bahia-saude-em-salvador","status":"publish","type":"post","link":"https:\/\/minutobahia24h.com.br\/?p=24032","title":{"rendered":"Filad\u00e9lfia marca presen\u00e7a no 1\u00ba Encontro de Coopera\u00e7\u00e3o Bahia Sa\u00fade em Salvador"},"content":{"rendered":"<div class=\"wp-block-image\">\n<figure class=\"aligncenter size-full\"><img data-recalc-dims=\"1\" fetchpriority=\"high\" decoding=\"async\" width=\"800\" height=\"761\" src=\"https:\/\/i0.wp.com\/minutobahia24h.com.br\/wp-content\/uploads\/2025\/02\/Sem-titulo-114.jpg?resize=800%2C761&#038;ssl=1\" alt=\"\" class=\"wp-image-24033\" srcset=\"https:\/\/i0.wp.com\/minutobahia24h.com.br\/wp-content\/uploads\/2025\/02\/Sem-titulo-114.jpg?w=953&amp;ssl=1 953w, https:\/\/i0.wp.com\/minutobahia24h.com.br\/wp-content\/uploads\/2025\/02\/Sem-titulo-114.jpg?resize=300%2C286&amp;ssl=1 300w, https:\/\/i0.wp.com\/minutobahia24h.com.br\/wp-content\/uploads\/2025\/02\/Sem-titulo-114.jpg?resize=768%2C731&amp;ssl=1 768w, https:\/\/i0.wp.com\/minutobahia24h.com.br\/wp-content\/uploads\/2025\/02\/Sem-titulo-114.jpg?resize=750%2C714&amp;ssl=1 750w\" sizes=\"(max-width: 800px) 100vw, 800px\" \/><\/figure>\n<\/div>\n\n\n<p>A Prefeitura de Filad\u00e9lfia segue investindo no fortalecimento da sa\u00fade p\u00fablica e na qualifica\u00e7\u00e3o dos servi\u00e7os oferecidos \u00e0 popula\u00e7\u00e3o. Nesta semana, o munic\u00edpio est\u00e1 representado no 1\u00ba Encontro de Coopera\u00e7\u00e3o Bahia Sa\u00fade, realizado no Centro de Conven\u00e7\u00f5es de Salvador, por uma equipe t\u00e9cnica composta pelo secret\u00e1rio de Sa\u00fade, Odejonnes Barbosa, a assessora Franciele e a enfermeira Carol.<\/p>\n\n\n\n<p>O evento, promovido pela Secretaria da Sa\u00fade do Estado da Bahia (Sesab), re\u00fane gestores municipais, especialistas e t\u00e9cnicos para discutir estrat\u00e9gias de aprimoramento da gest\u00e3o do Sistema \u00danico de Sa\u00fade (SUS). Entre os principais temas abordados est\u00e3o Aten\u00e7\u00e3o Prim\u00e1ria, M\u00e9dia e Alta Complexidade, Regionaliza\u00e7\u00e3o da Sa\u00fade e o fortalecimento da Assist\u00eancia Farmac\u00eautica.<\/p>\n\n\n\n<p>Durante o encontro, est\u00e3o sendo apresentadas iniciativas voltadas \u00e0 moderniza\u00e7\u00e3o da estrutura do SUS na Bahia, incluindo novos investimentos e a\u00e7\u00f5es estrat\u00e9gicas para otimizar o atendimento \u00e0 popula\u00e7\u00e3o. A participa\u00e7\u00e3o de Filad\u00e9lfia nesse evento representa um passo importante para a implementa\u00e7\u00e3o de novas pol\u00edticas e programas que fortalecer\u00e3o a rede municipal de sa\u00fade.<\/p>\n\n\n\n<p>A Prefeitura de Filad\u00e9lfia, atrav\u00e9s da Secretaria de Saude reafirma seu compromisso com a busca por parcerias, capacita\u00e7\u00f5es e investimentos que garantam um atendimento cada vez mais eficiente e humanizado para toda a popula\u00e7\u00e3o.<br>______<br>ASCOM<br>Prefeitura de Filad\u00e9lfia<br>Governo da Renova\u00e7\u00e3o<\/p>\n","protected":false},"excerpt":{"rendered":"<p>A Prefeitura de Filad\u00e9lfia segue investindo no fortalecimento da sa\u00fade p\u00fablica e na qualifica\u00e7\u00e3o dos servi\u00e7os oferecidos \u00e0 popula\u00e7\u00e3o. Nesta semana, o munic\u00edpio est\u00e1 representado no 1\u00ba Encontro de Coopera\u00e7\u00e3o Bahia Sa\u00fade, realizado no Centro de Conven\u00e7\u00f5es de Salvador, por uma equipe t\u00e9cnica composta pelo secret\u00e1rio de Sa\u00fade, Odejonnes Barbosa, a assessora Franciele e a [&hellip;]<\/p>\n","protected":false},"author":2,"featured_media":24033,"comment_status":"open","ping_status":"open","sticky":false,"template":"","format":"standard","meta":{"_jetpack_memberships_contains_paid_content":false,"footnotes":""},"categories":[3],"tags":[],"class_list":["post-24032","post","type-post","status-publish","format-standard","has-post-thumbnail","hentry","category-regional"],"aioseo_notices":[],"jetpack_featured_media_url":"https:\/\/i0.wp.com\/minutobahia24h.com.br\/wp-content\/uploads\/2025\/02\/Sem-titulo-114.jpg?fit=953%2C907&ssl=1","jetpack_sharing_enabled":true,"_links":{"self":[{"href":"https:\/\/minutobahia24h.com.br\/index.php?rest_route=\/wp\/v2\/posts\/24032","targetHints":{"allow":["GET"]}}],"collection":[{"href":"https:\/\/minutobahia24h.com.br\/index.php?rest_route=\/wp\/v2\/posts"}],"about":[{"href":"https:\/\/minutobahia24h.com.br\/index.php?rest_route=\/wp\/v2\/types\/post"}],"author":[{"embeddable":true,"href":"https:\/\/minutobahia24h.com.br\/index.php?rest_route=\/wp\/v2\/users\/2"}],"replies":[{"embeddable":true,"href":"https:\/\/minutobahia24h.com.br\/index.php?rest_route=%2Fwp%2Fv2%2Fcomments&post=24032"}],"version-history":[{"count":1,"href":"https:\/\/minutobahia24h.com.br\/index.php?rest_route=\/wp\/v2\/posts\/24032\/revisions"}],"predecessor-version":[{"id":24034,"href":"https:\/\/minutobahia24h.com.br\/index.php?rest_route=\/wp\/v2\/posts\/24032\/revisions\/24034"}],"wp:featuredmedia":[{"embeddable":true,"href":"https:\/\/minutobahia24h.com.br\/index.php?rest_route=\/wp\/v2\/media\/24033"}],"wp:attachment":[{"href":"https:\/\/minutobahia24h.com.br\/index.php?rest_route=%2Fwp%2Fv2%2Fmedia&parent=24032"}],"wp:term":[{"taxonomy":"category","embeddable":true,"href":"https:\/\/minutobahia24h.com.br\/index.php?rest_route=%2Fwp%2Fv2%2Fcategories&post=24032"},{"taxonomy":"post_tag","embeddable":true,"href":"https:\/\/minutobahia24h.com.br\/index.php?rest_route=%2Fwp%2Fv2%2Ftags&post=24032"}],"curies":[{"name":"wp","href":"https:\/\/api.w.org\/{rel}","templated":true}]}}