{"id":24029,"date":"2025-02-06T16:10:49","date_gmt":"2025-02-06T19:10:49","guid":{"rendered":"https:\/\/minutobahia24h.com.br\/?p=24029"},"modified":"2025-02-06T16:10:51","modified_gmt":"2025-02-06T19:10:51","slug":"mpf-apura-recusa-da-presidencia-em-fornecer-informacoes-sobre-visita-de-filhos-de-lula-ao-alvorada-e-uso-de-helicoptero","status":"publish","type":"post","link":"https:\/\/minutobahia24h.com.br\/?p=24029","title":{"rendered":"MPF apura recusa da Presid\u00eancia em fornecer informa\u00e7\u00f5es sobre visita de filhos de Lula ao Alvorada e uso de helic\u00f3ptero"},"content":{"rendered":"<div class=\"wp-block-image\">\n<figure class=\"aligncenter size-full\"><img data-recalc-dims=\"1\" fetchpriority=\"high\" decoding=\"async\" width=\"800\" height=\"533\" src=\"https:\/\/i0.wp.com\/minutobahia24h.com.br\/wp-content\/uploads\/2025\/02\/Sem-titulo-113.jpg?resize=800%2C533&#038;ssl=1\" alt=\"\" class=\"wp-image-24030\" srcset=\"https:\/\/i0.wp.com\/minutobahia24h.com.br\/wp-content\/uploads\/2025\/02\/Sem-titulo-113.jpg?w=888&amp;ssl=1 888w, https:\/\/i0.wp.com\/minutobahia24h.com.br\/wp-content\/uploads\/2025\/02\/Sem-titulo-113.jpg?resize=300%2C200&amp;ssl=1 300w, https:\/\/i0.wp.com\/minutobahia24h.com.br\/wp-content\/uploads\/2025\/02\/Sem-titulo-113.jpg?resize=768%2C512&amp;ssl=1 768w, https:\/\/i0.wp.com\/minutobahia24h.com.br\/wp-content\/uploads\/2025\/02\/Sem-titulo-113.jpg?resize=750%2C500&amp;ssl=1 750w\" sizes=\"(max-width: 800px) 100vw, 800px\" \/><figcaption class=\"wp-element-caption\">Sess\u00e3o Solene de Abertura do Ano Judici\u00e1rio de 2025. Plen\u00e1rio do Supremo Tribunal Federal (STF). Participam da cerim\u00f4nia: Presidente Lula e Presidente do STF, Lu\u00eds Roberto Barroso \u2014 Foto: Brenno Carvalho \/ Ag\u00eancia O Globo<br><\/figcaption><\/figure>\n<\/div>\n\n\n<p>O Minist\u00e9rio P\u00fablico Federal (MPF) abriu um inqu\u00e9rito civil para apurar suposta falta de transpar\u00eancia por parte do Pal\u00e1cio do Planalto, com a recusa de repassar informa\u00e7\u00f5es envolvendo o presidente Luiz In\u00e1cio Lula da Silva e sua fam\u00edlia.<\/p>\n\n\n\n<p>A portaria do MPF informa que a representa\u00e7\u00e3o vai &#8220;apurar supostas irregularidades ocorridas na Presid\u00eancia da Rep\u00fablica, como a recusa em fornecer informa\u00e7\u00f5es sobre&nbsp;<a class=\"\" href=\"https:\/\/oglobo.globo.com\/blogs\/malu-gaspar\/post\/2025\/02\/a-resposta-de-janja-a-falta-de-transparencia-e-por-que-ela-ainda-nao-resolve-o-problema.ghtml\">a quantidade de assessores \u00e0 disposi\u00e7\u00e3o&nbsp;<\/a>e o uso de sigilo com rela\u00e7\u00e3o \u00e0&nbsp;<a class=\"\" href=\"https:\/\/oglobo.globo.com\/politica\/noticia\/2023\/11\/04\/apos-prometer-mais-transparencia-lula-nega-acessos-a-informacao-no-mesmo-patamar-que-bolsonaro-veja-dados-sob-sigilo.ghtml\">visita dos filhos do presidente ao Pal\u00e1cio do Planalto<\/a>, bem como em rela\u00e7\u00e3o ao uso do helic\u00f3ptero presidencial e \u00e0 alimenta\u00e7\u00e3o no Pal\u00e1cio da Alvorada&#8221;.<\/p>\n\n\n\n<p>Em nota, o Pal\u00e1cio do Planalto afirmou que &#8220;est\u00e1 absolutamente seguro quanto \u00e0 regularidade e transpar\u00eancia dos atos, bem como est\u00e1 \u00e0 disposi\u00e7\u00e3o do MPF para prestar todos os esclarecimentos necess\u00e1rios quanto ao tema.&#8221;<\/p>\n\n\n\n<p>O governo voltou a discutir um projeto para alterar a Lei de Acesso \u00e0 Informa\u00e7\u00e3o, sob a alega\u00e7\u00e3o de que visa acabar com o sigilo de 100 anos impostos a algumas informa\u00e7\u00f5es p\u00fablicas envolvendo autoridades. No in\u00edcio do ano,&nbsp;<a class=\"\" href=\"https:\/\/oglobo.globo.com\/politica\/noticia\/2025\/01\/04\/apos-criticas-a-bolsonaro-lula-eleva-gastos-no-cartao-corporativo-e-mantem-sigilos-de-cem-anos-no-patamar-do-antecessor.ghtml\">reportagem do GLOBO mostrou<\/a>&nbsp;que Lula aumentou os gastos ocultos no cart\u00e3o corporativo nos dois primeiros anos de mandato e manteve a imposi\u00e7\u00e3o de sigilos de 100 anos a dados do governo no mesmo patamar da gest\u00e3o do ex-presidente Jair Bolsonaro.<\/p>\n\n\n\n<p>Dados mostram que, de 1\u00ba de janeiro de 2023 at\u00e9 20 de dezembro de 2024, foram 3.210 pedidos via Lei de Acesso \u00e0 Informa\u00e7\u00e3o (LAI) negados sob a justificativa de se tratarem de dados pessoais \u2014 o que, na pr\u00e1tica, representa impor o sigilo de 100 anos. Isso significa um aumento de 8,4% na compara\u00e7\u00e3o com o mesmo per\u00edodo da gest\u00e3o Bolsonaro, quando a medida foi decretada 2.959 vezes.<\/p>\n\n\n\n<p>A Presid\u00eancia tem sido questionada depois de a Casa Civil se recusar a informar, via Lei de Acesso \u00e0 Informa\u00e7\u00e3o (LAI), a lista de servidores que trabalham com a primeira-dama, Janja Silva. No m\u00eas passado, a coluna de Malu Gaspar, do GLOBO, informou que solicitou a agenda da primeira-dama, com a descri\u00e7\u00e3o dos eventos e o inteiro teor digitalizado de atas das reuni\u00f5es que contaram com a sua participa\u00e7\u00e3o, mas a informa\u00e7\u00e3o foi negada pela Casa Civil.&nbsp;<a class=\"\" href=\"https:\/\/oglobo.globo.com\/politica\/noticia\/2025\/02\/03\/janja-divulga-agenda-apos-criticas-sobre-sigilo-imposto-a-compromissos.ghtml\">Nesta semana,&nbsp;<\/a>a equipe de Janja passou a divulgar nas redes sociais da soci\u00f3loga seus compromissos di\u00e1rios.<\/p>\n\n\n\n<p>Ainda no primeiro semestre do ano passado, a organiza\u00e7\u00e3o sem fins lucrativos Fiquem Sabendo, especializada no acesso a informa\u00e7\u00f5es p\u00fablicas, pediu a agenda detalhada de compromissos de Janja, assim como uma planilha indicando a quantidade de assessores \u00e0 disposi\u00e7\u00e3o dela e a lista com nomes completos e cargos. A informa\u00e7\u00e3o tamb\u00e9m foi negada.<\/p>\n\n\n\n<p>Em 2023, o GLOBO mostrou que a presid\u00eancia negou o acesso a informa\u00e7\u00f5es sobre gastos com o&nbsp;<a class=\"\" href=\"https:\/\/oglobo.globo.com\/politica\/noticia\/2025\/01\/28\/alem-das-informacoes-sobre-janja-veja-outros-dados-que-o-governo-lula-manteve-em-sigilo.ghtml\">helic\u00f3ptero presidencial,<\/a>&nbsp;com comida no Alvorada e o acesso dos filhos do presidente ao Pal\u00e1cio do Planalto. O governo tamb\u00e9m negou um pedido feito pelo GLOBO de informa\u00e7\u00e3o sobre os visitantes das primeiras-damas no Pal\u00e1cio da Alvorada. Na ocasi\u00e3o, a Casa Civil afirmou que informa\u00e7\u00f5es &#8220;devem ser protegidas por revelarem aspectos da intimidade e vida privada das autoridades p\u00fablicas e de seus familiares\u201d.<\/p>\n","protected":false},"excerpt":{"rendered":"<p>O Minist\u00e9rio P\u00fablico Federal (MPF) abriu um inqu\u00e9rito civil para apurar suposta falta de transpar\u00eancia por parte do Pal\u00e1cio do Planalto, com a recusa de repassar informa\u00e7\u00f5es envolvendo o presidente Luiz In\u00e1cio Lula da Silva e sua fam\u00edlia. A portaria do MPF informa que a representa\u00e7\u00e3o vai &#8220;apurar supostas irregularidades ocorridas na Presid\u00eancia da Rep\u00fablica, [&hellip;]<\/p>\n","protected":false},"author":2,"featured_media":24030,"comment_status":"open","ping_status":"open","sticky":false,"template":"","format":"standard","meta":{"_jetpack_memberships_contains_paid_content":false,"footnotes":""},"categories":[39],"tags":[],"class_list":["post-24029","post","type-post","status-publish","format-standard","has-post-thumbnail","hentry","category-politica"],"aioseo_notices":[],"jetpack_featured_media_url":"https:\/\/i0.wp.com\/minutobahia24h.com.br\/wp-content\/uploads\/2025\/02\/Sem-titulo-113.jpg?fit=888%2C592&ssl=1","jetpack_sharing_enabled":true,"_links":{"self":[{"href":"https:\/\/minutobahia24h.com.br\/index.php?rest_route=\/wp\/v2\/posts\/24029","targetHints":{"allow":["GET"]}}],"collection":[{"href":"https:\/\/minutobahia24h.com.br\/index.php?rest_route=\/wp\/v2\/posts"}],"about":[{"href":"https:\/\/minutobahia24h.com.br\/index.php?rest_route=\/wp\/v2\/types\/post"}],"author":[{"embeddable":true,"href":"https:\/\/minutobahia24h.com.br\/index.php?rest_route=\/wp\/v2\/users\/2"}],"replies":[{"embeddable":true,"href":"https:\/\/minutobahia24h.com.br\/index.php?rest_route=%2Fwp%2Fv2%2Fcomments&post=24029"}],"version-history":[{"count":1,"href":"https:\/\/minutobahia24h.com.br\/index.php?rest_route=\/wp\/v2\/posts\/24029\/revisions"}],"predecessor-version":[{"id":24031,"href":"https:\/\/minutobahia24h.com.br\/index.php?rest_route=\/wp\/v2\/posts\/24029\/revisions\/24031"}],"wp:featuredmedia":[{"embeddable":true,"href":"https:\/\/minutobahia24h.com.br\/index.php?rest_route=\/wp\/v2\/media\/24030"}],"wp:attachment":[{"href":"https:\/\/minutobahia24h.com.br\/index.php?rest_route=%2Fwp%2Fv2%2Fmedia&parent=24029"}],"wp:term":[{"taxonomy":"category","embeddable":true,"href":"https:\/\/minutobahia24h.com.br\/index.php?rest_route=%2Fwp%2Fv2%2Fcategories&post=24029"},{"taxonomy":"post_tag","embeddable":true,"href":"https:\/\/minutobahia24h.com.br\/index.php?rest_route=%2Fwp%2Fv2%2Ftags&post=24029"}],"curies":[{"name":"wp","href":"https:\/\/api.w.org\/{rel}","templated":true}]}}